{"id":2956,"date":"2023-05-17T17:36:06","date_gmt":"2023-05-17T20:36:06","guid":{"rendered":"https:\/\/www.paparazzinews.com.br\/?p=2956"},"modified":"2023-05-17T17:36:07","modified_gmt":"2023-05-17T20:36:07","slug":"fundacao-casa-assina-termo-de-cooperacao-com-o-instituto-recomecar","status":"publish","type":"post","link":"https:\/\/www.paparazzinews.com.br\/?p=2956","title":{"rendered":"Funda\u00e7\u00e3o CASA assina termo de coopera\u00e7\u00e3o com o Instituto Recome\u00e7ar"},"content":{"rendered":"\n<p>A Funda\u00e7\u00e3o CASA, por meio de sua Ger\u00eancia de P\u00f3s-Medida e Empregabilidade, assinou na manh\u00e3 desta quarta-feira (17\/05) um termo de coopera\u00e7\u00e3o com o Instituto Recome\u00e7ar, organiza\u00e7\u00e3o social que tem como objetivo oferecer amparo social, moral, emocional, educacional e profissional para egressos dos sistemas prisional e socioeducativo.<\/p>\n\n\n\n<p>A iniciativa atuar\u00e1 com um projeto-piloto, oferecendo cinco vagas em um curso de capacita\u00e7\u00e3o e desenvolvimento socioprofissional para jovens com 18 anos ou mais, que estejam no final de suas medidas socioeducativas em centros da Funda\u00e7\u00e3o CASA localizados em cidades do Alto Tiet\u00ea e que tamb\u00e9m residam nessa regi\u00e3o.<\/p>\n\n\n\n<p>O curso ter\u00e1 dura\u00e7\u00e3o de tr\u00eas meses, onde os participantes poder\u00e3o desenvolver suas habilidades socioemocionais e receber\u00e3o orienta\u00e7\u00f5es voltadas a quest\u00e3o da aprendizagem profissional e do empreendedorismo. Os jovens participar\u00e3o ainda de um acompanhamento, no formato de mentoria, por seis meses, para auxiliar em sua reinser\u00e7\u00e3o na sociedade e no encaminhamento para a\u00e7\u00f5es de empregabilidade.<\/p>\n\n\n\n<p>A assinatura do termo de coopera\u00e7\u00e3o ocorreu na Sede da Funda\u00e7\u00e3o CASA e foi realizada com a presen\u00e7a do presidente da Funda\u00e7\u00e3o CASA, Jo\u00e3o Ver\u00edssimo Fernandes, da chefe de gabinete, Ana Paula Ribeiro, do gerente de P\u00f3s-Medida e Empregabilidade da Funda\u00e7\u00e3o CASA, Paulo Henrique Lucas da Silva e do presidente do Instituto Recome\u00e7ar, Leandro Moraes Precioso, al\u00e9m de representantes da Diretoria Executiva da Institui\u00e7\u00e3o.<\/p>\n\n\n\n<p>De acordo com o presidente da Funda\u00e7\u00e3o CASA, Jo\u00e3o Ver\u00edssimo Fernandes, o termo de coopera\u00e7\u00e3o trar\u00e1 mais benef\u00edcios para os jovens. \u201cCom essa assinatura, os jovens que cumprem medidas e ser\u00e3o residentes no Alto Tiet\u00ea ganhar\u00e3o mais oportunidades de sa\u00edrem de suas medidas com novas perspectivas, tendo a chance de mudarem suas hist\u00f3rias atrav\u00e9s da conquista de um emprego\u201d, comentou.O presidente do Instituto recome\u00e7ar, Leandro Moraes Precioso, destacou ainda que o Instituto est\u00e1 preparado para acolher esses adolescentes. \u201cNossos maiores esfor\u00e7os ser\u00e3o para promover a inclus\u00e3o dessas pessoas no mercado de trabalho, para que n\u00e3o voltem a viver na situa\u00e7\u00e3o que as trouxeram para dentro do sistema socioeducativo\u201d, concluiu.<\/p>\n","protected":false},"excerpt":{"rendered":"<p>A Funda\u00e7\u00e3o CASA, por meio de sua Ger\u00eancia de P\u00f3s-Medida e Empregabilidade, assinou na manh\u00e3 desta quarta-feira (17\/05) um termo de coopera\u00e7\u00e3o com o Instituto Recome\u00e7ar, organiza\u00e7\u00e3o social que tem como objetivo oferecer amparo social, moral, emocional, educacional e profissional para egressos dos sistemas prisional e socioeducativo. A iniciativa atuar\u00e1 com um projeto-piloto, oferecendo cinco &hellip;<\/p>\n","protected":false},"author":1,"featured_media":2957,"comment_status":"open","ping_status":"open","sticky":false,"template":"","format":"standard","meta":{"_jetpack_memberships_contains_paid_content":false,"footnotes":"","jetpack_publicize_message":"","jetpack_publicize_feature_enabled":true,"jetpack_social_post_already_shared":false,"jetpack_social_options":{"image_generator_settings":{"template":"highway","default_image_id":0,"enabled":false},"version":2}},"categories":[4],"tags":[],"class_list":["post-2956","post","type-post","status-publish","format-standard","has-post-thumbnail","hentry","category-regiao"],"jetpack_publicize_connections":[],"jetpack_featured_media_url":"https:\/\/i0.wp.com\/www.paparazzinews.com.br\/wp-content\/uploads\/2023\/05\/WhatsApp-Image-2023-05-17-at-12.43.56.jpeg?fit=1024%2C682&ssl=1","views":"2670","jetpack_likes_enabled":true,"jetpack_sharing_enabled":true,"_links":{"self":[{"href":"https:\/\/www.paparazzinews.com.br\/index.php?rest_route=\/wp\/v2\/posts\/2956","targetHints":{"allow":["GET"]}}],"collection":[{"href":"https:\/\/www.paparazzinews.com.br\/index.php?rest_route=\/wp\/v2\/posts"}],"about":[{"href":"https:\/\/www.paparazzinews.com.br\/index.php?rest_route=\/wp\/v2\/types\/post"}],"author":[{"embeddable":true,"href":"https:\/\/www.paparazzinews.com.br\/index.php?rest_route=\/wp\/v2\/users\/1"}],"replies":[{"embeddable":true,"href":"https:\/\/www.paparazzinews.com.br\/index.php?rest_route=%2Fwp%2Fv2%2Fcomments&post=2956"}],"version-history":[{"count":1,"href":"https:\/\/www.paparazzinews.com.br\/index.php?rest_route=\/wp\/v2\/posts\/2956\/revisions"}],"predecessor-version":[{"id":2958,"href":"https:\/\/www.paparazzinews.com.br\/index.php?rest_route=\/wp\/v2\/posts\/2956\/revisions\/2958"}],"wp:featuredmedia":[{"embeddable":true,"href":"https:\/\/www.paparazzinews.com.br\/index.php?rest_route=\/wp\/v2\/media\/2957"}],"wp:attachment":[{"href":"https:\/\/www.paparazzinews.com.br\/index.php?rest_route=%2Fwp%2Fv2%2Fmedia&parent=2956"}],"wp:term":[{"taxonomy":"category","embeddable":true,"href":"https:\/\/www.paparazzinews.com.br\/index.php?rest_route=%2Fwp%2Fv2%2Fcategories&post=2956"},{"taxonomy":"post_tag","embeddable":true,"href":"https:\/\/www.paparazzinews.com.br\/index.php?rest_route=%2Fwp%2Fv2%2Ftags&post=2956"}],"curies":[{"name":"wp","href":"https:\/\/api.w.org\/{rel}","templated":true}]}}