{"id":2953,"date":"2023-05-17T17:30:21","date_gmt":"2023-05-17T20:30:21","guid":{"rendered":"https:\/\/www.paparazzinews.com.br\/?p=2953"},"modified":"2023-05-17T17:30:22","modified_gmt":"2023-05-17T20:30:22","slug":"homem-que-matou-outro-em-andradina-e-preso-motivo-foi-uma-briga","status":"publish","type":"post","link":"https:\/\/www.paparazzinews.com.br\/?p=2953","title":{"rendered":"Homem que matou outro em Andradina \u00e9 preso, motivo foi uma briga"},"content":{"rendered":"\n<p>No dia 13 de maio de 2023, durante a madrugada, defronte a uma conveni\u00eancia da Avenida Guanabara, o Sr. R. O. B. S. (23 anos, morador do Jardim Brasil) foi brutalmente assassinado com disparos de arma de fogo, sendo a ocorr\u00eancia registrada no plant\u00e3o policial de Andradina.<\/p>\n\n\n\n<p>Ainda durante a madruga, a Delegada plantonista acionou os investigadores da DIG e deu ci\u00eancia ao Delegado titular da unidade sobre o homic\u00eddio consumado. Prontamente, dilig\u00eancias investigativas foram realizadas para esclarecer a autoria do crime.<\/p>\n\n\n\n<p>J\u00e1 manh\u00e3 do dia 13, a DIG esclareceu que o ofendido envolveu-se em uma briga com G. R. S. S. (19 anos e morador do bairro Pereira Jord\u00e3o) e G.H.V.C. (16 anos e morador do bairro Pereira Jord\u00e3o), ocasi\u00e3o em que G.R.S.S. sacou um rev\u00f3lver e atirou nas costas de R.O.B.S. , sendo certo que um dos disparos atingiu a cabe\u00e7a do ofendido, que caiu ao solo. E, em seguida, o adolescente G.H.V.C desferiu um chute na cabe\u00e7a do corpo desfalecido.<\/p>\n\n\n\n<p>Foi realizada uma for\u00e7a tarefa para efetuar a pris\u00e3o em flagrante, por\u00e9m os envolvidos n\u00e3o foram encontrados. Elaborado minucioso relat\u00f3rio da investiga\u00e7\u00e3o e apresentado \u00e0 Delegada plantonista, esta representou pela pris\u00e3o tempor\u00e1ria de G.R.S.S.<\/p>\n\n\n\n<p>Dilig\u00eancias foram realizadas para captura do procurado, contudo, este n\u00e3o foi encontrado naquele momento. Finalmente, na manh\u00e3 de ter\u00e7a-feira 16, G.R.S.S. foi preso pelos investigadores da DIG e interrogado, na presen\u00e7a do seu advogado, sobre os fatos ocorridos na madrugada do dia 13 de maio, oportunidade em que foi indiciado pelo crime de homic\u00eddio qualificado e corrup\u00e7\u00e3o de menores.<\/p>\n\n\n\n<p>Por fim, al\u00e9m do inqu\u00e9rito policial, foi instaurado o ato infracional correlato contra o adolescente, o qual se encontra em local incerto e n\u00e3o sabido.<\/p>\n","protected":false},"excerpt":{"rendered":"<p>No dia 13 de maio de 2023, durante a madrugada, defronte a uma conveni\u00eancia da Avenida Guanabara, o Sr. R. O. B. S. (23 anos, morador do Jardim Brasil) foi brutalmente assassinado com disparos de arma de fogo, sendo a ocorr\u00eancia registrada no plant\u00e3o policial de Andradina. Ainda durante a madruga, a Delegada plantonista acionou &hellip;<\/p>\n","protected":false},"author":1,"featured_media":2954,"comment_status":"open","ping_status":"open","sticky":false,"template":"","format":"standard","meta":{"_jetpack_memberships_contains_paid_content":false,"footnotes":"","jetpack_publicize_message":"","jetpack_publicize_feature_enabled":true,"jetpack_social_post_already_shared":false,"jetpack_social_options":{"image_generator_settings":{"template":"highway","default_image_id":0,"enabled":false},"version":2}},"categories":[3],"tags":[],"class_list":["post-2953","post","type-post","status-publish","format-standard","has-post-thumbnail","hentry","category-policial"],"jetpack_publicize_connections":[],"jetpack_featured_media_url":"https:\/\/i0.wp.com\/www.paparazzinews.com.br\/wp-content\/uploads\/2023\/05\/68b24413-45c7-4ca2-a607-486f04ed7aaa.jpg?fit=720%2C720&ssl=1","views":"6276","jetpack_likes_enabled":true,"jetpack_sharing_enabled":true,"_links":{"self":[{"href":"https:\/\/www.paparazzinews.com.br\/index.php?rest_route=\/wp\/v2\/posts\/2953","targetHints":{"allow":["GET"]}}],"collection":[{"href":"https:\/\/www.paparazzinews.com.br\/index.php?rest_route=\/wp\/v2\/posts"}],"about":[{"href":"https:\/\/www.paparazzinews.com.br\/index.php?rest_route=\/wp\/v2\/types\/post"}],"author":[{"embeddable":true,"href":"https:\/\/www.paparazzinews.com.br\/index.php?rest_route=\/wp\/v2\/users\/1"}],"replies":[{"embeddable":true,"href":"https:\/\/www.paparazzinews.com.br\/index.php?rest_route=%2Fwp%2Fv2%2Fcomments&post=2953"}],"version-history":[{"count":1,"href":"https:\/\/www.paparazzinews.com.br\/index.php?rest_route=\/wp\/v2\/posts\/2953\/revisions"}],"predecessor-version":[{"id":2955,"href":"https:\/\/www.paparazzinews.com.br\/index.php?rest_route=\/wp\/v2\/posts\/2953\/revisions\/2955"}],"wp:featuredmedia":[{"embeddable":true,"href":"https:\/\/www.paparazzinews.com.br\/index.php?rest_route=\/wp\/v2\/media\/2954"}],"wp:attachment":[{"href":"https:\/\/www.paparazzinews.com.br\/index.php?rest_route=%2Fwp%2Fv2%2Fmedia&parent=2953"}],"wp:term":[{"taxonomy":"category","embeddable":true,"href":"https:\/\/www.paparazzinews.com.br\/index.php?rest_route=%2Fwp%2Fv2%2Fcategories&post=2953"},{"taxonomy":"post_tag","embeddable":true,"href":"https:\/\/www.paparazzinews.com.br\/index.php?rest_route=%2Fwp%2Fv2%2Ftags&post=2953"}],"curies":[{"name":"wp","href":"https:\/\/api.w.org\/{rel}","templated":true}]}}