{"id":2897,"date":"2023-05-11T14:49:08","date_gmt":"2023-05-11T17:49:08","guid":{"rendered":"https:\/\/www.paparazzinews.com.br\/?p=2897"},"modified":"2023-05-11T14:49:08","modified_gmt":"2023-05-11T17:49:08","slug":"alesp-aprova-novo-salario-minimo-paulista-de-r-1-550-proposto-pelo-governo-de-sp","status":"publish","type":"post","link":"https:\/\/www.paparazzinews.com.br\/?p=2897","title":{"rendered":"Alesp aprova novo sal\u00e1rio m\u00ednimo paulista de R$ 1.550 proposto pelo Governo de SP"},"content":{"rendered":"\n<p>A Assembleia Legislativa do Estado de S\u00e3o Paulo (Alesp) aprovou nesta quarta-feira (10), o novo sal\u00e1rio m\u00ednimo paulista com valor de R$ 1.550. A proposta havia sido enviada \u00e0 casa pelo governador Tarc\u00edsio de Freitas no \u00faltimo dia 2 de maio. A medida volta agora para san\u00e7\u00e3o do governador.<\/p>\n\n\n\n<p>&#8220;Daqui de Nova York, em miss\u00e3o para buscar investimentos para S\u00e3o Paulo, recebo a excelente not\u00edcia de que a Assembleia aprovou o novo sal\u00e1rio m\u00ednimo paulista de R$ 1.550 proposto pelo Governo de S\u00e3o Paulo. Agrade\u00e7o o empenho dos nobres deputados e deputadas, que est\u00e3o atentos \u00e0s necessidades das pessoas e atenderam prontamente ao chamado para valorizar os trabalhadores paulistas. A dedica\u00e7\u00e3o da casa tem sido muito valiosa para promover os avan\u00e7os que SP precisa&#8221;, afirma Tarc\u00edsio.<\/p>\n\n\n\n<p>O projeto de lei do Governo de S\u00e3o Paulo estabelece que o novo piso ser\u00e1 v\u00e1lido para as duas faixas de remunera\u00e7\u00e3o e representar\u00e1 um reajuste de 20,7% para a primeira e de 18,7% para a segunda. Em ambos os casos, o \u00edndice proposto \u00e9 quatro vezes maior do que a infla\u00e7\u00e3o acumulada nos \u00faltimos 12 meses, de 4,65%, segundo o IBGE.<\/p>\n\n\n\n<p>O aumento previsto pela atual gest\u00e3o paulista tamb\u00e9m \u00e9 significativamente superior ao concedido para o m\u00ednimo estadual em 2022, que foi de 10,3%.<\/p>\n\n\n\n<p>Ap\u00f3s tramitar em regime de urg\u00eancia na Alesp, foi avalizado pelas comiss\u00f5es permanentes e ficou pronto para ser votado na noite desta quarta (10). O PL 704\/2023 recebeu 14 emendas dos parlamentares e duas delas foram reunidas em uma subemenda que foi aprovada pelo Plen\u00e1rio definindo a inclus\u00e3o da categoria dos cuidadores de idosos no rol de profiss\u00f5es e atividades abrangidas pelo novo sal\u00e1rio m\u00ednimo.<\/p>\n\n\n\n<p>Criado em 2007, o piso estadual permite que trabalhadores paulistas recebam remunera\u00e7\u00f5es acima do sal\u00e1rio m\u00ednimo nacional. Os valores propostos pelo Governo do Estado levam em conta as condi\u00e7\u00f5es de demanda de m\u00e3o-de-obra e custo de vida em S\u00e3o Paulo, incorporando especificidades do mercado de trabalho local.<\/p>\n","protected":false},"excerpt":{"rendered":"<p>A Assembleia Legislativa do Estado de S\u00e3o Paulo (Alesp) aprovou nesta quarta-feira (10), o novo sal\u00e1rio m\u00ednimo paulista com valor de R$ 1.550. A proposta havia sido enviada \u00e0 casa pelo governador Tarc\u00edsio de Freitas no \u00faltimo dia 2 de maio. A medida volta agora para san\u00e7\u00e3o do governador. &#8220;Daqui de Nova York, em miss\u00e3o &hellip;<\/p>\n","protected":false},"author":1,"featured_media":2898,"comment_status":"open","ping_status":"open","sticky":false,"template":"","format":"standard","meta":{"_jetpack_memberships_contains_paid_content":false,"footnotes":"","jetpack_publicize_message":"","jetpack_publicize_feature_enabled":true,"jetpack_social_post_already_shared":false,"jetpack_social_options":{"image_generator_settings":{"template":"highway","default_image_id":0,"enabled":false},"version":2}},"categories":[4],"tags":[],"class_list":["post-2897","post","type-post","status-publish","format-standard","has-post-thumbnail","hentry","category-regiao"],"jetpack_publicize_connections":[],"jetpack_featured_media_url":"https:\/\/i0.wp.com\/www.paparazzinews.com.br\/wp-content\/uploads\/2023\/05\/R-2-1-1024x595-1.jpeg?fit=1024%2C595&ssl=1","views":"3949","jetpack_likes_enabled":true,"jetpack_sharing_enabled":true,"_links":{"self":[{"href":"https:\/\/www.paparazzinews.com.br\/index.php?rest_route=\/wp\/v2\/posts\/2897","targetHints":{"allow":["GET"]}}],"collection":[{"href":"https:\/\/www.paparazzinews.com.br\/index.php?rest_route=\/wp\/v2\/posts"}],"about":[{"href":"https:\/\/www.paparazzinews.com.br\/index.php?rest_route=\/wp\/v2\/types\/post"}],"author":[{"embeddable":true,"href":"https:\/\/www.paparazzinews.com.br\/index.php?rest_route=\/wp\/v2\/users\/1"}],"replies":[{"embeddable":true,"href":"https:\/\/www.paparazzinews.com.br\/index.php?rest_route=%2Fwp%2Fv2%2Fcomments&post=2897"}],"version-history":[{"count":1,"href":"https:\/\/www.paparazzinews.com.br\/index.php?rest_route=\/wp\/v2\/posts\/2897\/revisions"}],"predecessor-version":[{"id":2899,"href":"https:\/\/www.paparazzinews.com.br\/index.php?rest_route=\/wp\/v2\/posts\/2897\/revisions\/2899"}],"wp:featuredmedia":[{"embeddable":true,"href":"https:\/\/www.paparazzinews.com.br\/index.php?rest_route=\/wp\/v2\/media\/2898"}],"wp:attachment":[{"href":"https:\/\/www.paparazzinews.com.br\/index.php?rest_route=%2Fwp%2Fv2%2Fmedia&parent=2897"}],"wp:term":[{"taxonomy":"category","embeddable":true,"href":"https:\/\/www.paparazzinews.com.br\/index.php?rest_route=%2Fwp%2Fv2%2Fcategories&post=2897"},{"taxonomy":"post_tag","embeddable":true,"href":"https:\/\/www.paparazzinews.com.br\/index.php?rest_route=%2Fwp%2Fv2%2Ftags&post=2897"}],"curies":[{"name":"wp","href":"https:\/\/api.w.org\/{rel}","templated":true}]}}