{"id":2890,"date":"2023-05-11T14:44:12","date_gmt":"2023-05-11T17:44:12","guid":{"rendered":"https:\/\/www.paparazzinews.com.br\/?p=2890"},"modified":"2023-05-11T14:44:14","modified_gmt":"2023-05-11T17:44:14","slug":"operacao-dia-das-maes-do-ipem-sp-encontra-irregularidades-em-12-dos-produtos-fiscalizados","status":"publish","type":"post","link":"https:\/\/www.paparazzinews.com.br\/?p=2890","title":{"rendered":"Opera\u00e7\u00e3o &#8220;Dia das M\u00e3es&#8221; do Ipem-SP encontra irregularidades em 12% dos produtos fiscalizados"},"content":{"rendered":"\n<p>O Ipem-SP (Instituto de Pesos e Medidas do Estado de S\u00e3o Paulo), autarquia do Governo do Estado, vinculada \u00e0 Secretaria da Justi\u00e7a e Cidadania, e \u00f3rg\u00e3o delegado do Inmetro,&nbsp;que tem como objetivo a prote\u00e7\u00e3o para o consumo,&nbsp;realizou a Opera\u00e7\u00e3o Dia das M\u00e3es, no per\u00edodo de 2 a 5 maio, na capital e nas cidades de Iracem\u00e1polis, Mirassol, Pindamonhangaba, Piracicaba e S\u00e3o Jos\u00e9 do Rio Preto, com a finalidade de refor\u00e7ar a fiscaliza\u00e7\u00e3o em produtos t\u00eaxteis da moda feminina e eletroeletr\u00f4nicos, entre eles, chapa el\u00e9trica para cabelos, depilador el\u00e9trico, m\u00e1quina el\u00e9trica de enrolar cabelos e secador de cabelos.&nbsp;&nbsp;<\/p>\n\n\n\n<p>As equipes analisaram 11.566 itens do vestu\u00e1rio feminino dos quais 1.465 (12,7%) estavam irregulares. Foram fiscalizados 110 estabelecimentos, sendo encontrados erros em 42 (38%).&nbsp;<\/p>\n\n\n\n<p>Acesse a tabela com as irregularidades na capital e interior&nbsp;<a href=\"https:\/\/www.ipem.sp.gov.br\/images\/pdf\/IpemSPOpDiadasMaes2023.pdf\" target=\"_blank\" rel=\"noreferrer noopener\">https:\/\/www.ipem.sp.gov.br\/images\/pdf\/IpemSPOpDiadasMaes2023.pdf<\/a>&nbsp;<\/p>\n\n\n\n<p>Em 2022, a mesma opera\u00e7\u00e3o ocorreu na capital e nas cidades de Ara\u00e7atuba, Bauru, Piracicaba, S\u00e3o Jos\u00e9 dos Campos, S\u00e3o Jos\u00e9 do Rio Preto e Suzano. As equipes analisaram 10.469 itens do vestu\u00e1rio feminino dos quais 1.265 (12,1%) estavam irregulares. Foram fiscalizados 160 estabelecimentos, sendo encontrados erros em 39 (24,4%).&nbsp;<\/p>\n\n\n\n<p>As empresas autuadas t\u00eam dez dias para apresentar defesa ao \u00f3rg\u00e3o.&nbsp;De acordo com a lei federal 9.933\/99, as multas podem chegar a R$ 1,5 milh\u00e3o.&nbsp;&nbsp;<\/p>\n\n\n\n<p><strong>Produtos t\u00eaxteis<\/strong><strong>&nbsp;<\/strong><\/p>\n\n\n\n<p>As informa\u00e7\u00f5es contidas na etiqueta s\u00e3o fundamentais e precisam seguir crit\u00e9rios espec\u00edficos. Devem conter&nbsp;seis&nbsp;informa\u00e7\u00f5es&nbsp;em portugu\u00eas,&nbsp;tr\u00eas&nbsp;sobre o fabricante ou importador, incluindo&nbsp;uma marca,&nbsp;CNPJ e o pa\u00eds de&nbsp;origem,&nbsp;e outras tr\u00eas informa\u00e7\u00f5es sobre o produto em si,&nbsp;a composi\u00e7\u00e3o t\u00eaxtil, os s\u00edmbolos de cuidados com a conserva\u00e7\u00e3o&nbsp;do produto e a informa\u00e7\u00e3o de um tamanho.&nbsp;&nbsp;&nbsp;&nbsp;<\/p>\n\n\n\n<p>Para a composi\u00e7\u00e3o t\u00eaxtil, vale a pena ressaltar que todos os tipos de fibras e\/ou filamentos utilizados para a produ\u00e7\u00e3o da pe\u00e7a devem estar mencionados com a&nbsp;indica\u00e7\u00e3o&nbsp;percentual de cada um deles,&nbsp;inclusive forro se houver&nbsp;(70% algod\u00e3o e 30% poli\u00e9ster,&nbsp;forro 100% poli\u00e9ster,&nbsp;por exemplo). Entretanto, \u00e9 proibido o uso dos nomes das marcas comerciais ou em ingl\u00eas (como nylon, popeline, lycra, lurex e rayon).&nbsp;&nbsp;&nbsp;&nbsp;<\/p>\n\n\n\n<p>A etiqueta tamb\u00e9m deve conter elementos de orienta\u00e7\u00e3o para a conserva\u00e7\u00e3o e tratamento do produto.&nbsp;E&nbsp;podem ser indicadas atrav\u00e9s de&nbsp;s\u00edmbolos ou textos e devem seguir a sequ\u00eancia correta, que \u00e9 mesma utilizada pela dona de casa para conservar os produtos t\u00eaxteis, como lavagem, alvejamento&nbsp;(utiliza\u00e7\u00e3o de alvejantes a base de cloro ou a base de oxig\u00eanio), secagem&nbsp;em m\u00e1quina de secar ou ao natural, passadoria (ferro de passar) e limpeza profissional (lavagem a seco&nbsp;e\/ou a \u00famido).&nbsp;&nbsp;&nbsp;&nbsp;<\/p>\n\n\n\n<p>O tamanho das pe\u00e7as de vestu\u00e1rio pode ser indicado por numera\u00e7\u00e3o ou letras (38, 40, 42; P, M, G). Vale destacar&nbsp;que se os produtos&nbsp;forem embalados hermeticamente&nbsp;e&nbsp;isto dificultar&nbsp;a&nbsp;visualiza\u00e7\u00e3o das informa\u00e7\u00f5es,&nbsp;a embalagem deve apresentar, pelo&nbsp;menos, a composi\u00e7\u00e3o t\u00eaxtil, pais de origem e tamanho, e quando&nbsp;apresentar mais de uma&nbsp;unidade deve ser informado&nbsp;o n\u00famero de unidades e a impossibilidade&nbsp;de serem vendidos separadamente.&nbsp;&nbsp;<\/p>\n\n\n\n<p>Mas nos produtos&nbsp;embalados&nbsp;de cama, mesa e banho deve constar a dimens\u00e3o indicada por meio do SI (Sistema Internacional de Unidades)&nbsp;de cada componente da embalagem, al\u00e9m das informa\u00e7\u00f5es da composi\u00e7\u00e3o t\u00eaxtil e pais de origem.&nbsp;&nbsp;<\/p>\n\n\n\n<p><strong>Eletrodom\u00e9sticos<\/strong>&nbsp;&nbsp;<\/p>\n\n\n\n<p>Resolveu dar um eletrodom\u00e9stico? Fique de olho na Etiqueta Nacional de Conserva\u00e7\u00e3o de Energia. Todos os eletrodom\u00e9sticos devem apresentar a etiqueta do Inmetro que informa sobre o consumo de energia.&nbsp;&nbsp;<\/p>\n\n\n\n<p>As lavadoras e fog\u00f5es devem apresentar, al\u00e9m disso, informa\u00e7\u00f5es sobre o consumo de \u00e1gua e g\u00e1s, respectivamente. O consumo de energia \u00e9 indicado por uma escala colorida com letras de A a G, que apresentam os n\u00edveis de consumo do aparelho. Uma sete preta com a letra correspondente ao consumo daquele aparelho informa o seu n\u00edvel de efici\u00eancia energ\u00e9tica.&nbsp;&nbsp;<\/p>\n\n\n\n<p>Assim \u00e9 f\u00e1cil saber, por exemplo, que um produto classificado com letra A \u00e9 mais eficiente (gasta menos) do que um com a letra C. O Ipem-SP fiscaliza a presen\u00e7a das etiquetas nesses produtos.&nbsp;&nbsp;&nbsp;<\/p>\n\n\n\n<p>No caso de eletrodom\u00e9sticos como secador de cabelo, chapinha, ferro de enrolar cabelos, \u00e9 necess\u00e1rio que conste tanto no produto quanto na embalagem o Selo do Inmetro.&nbsp;<\/p>\n\n\n\n<p><br>O selo \u00e9 um indicativo de que o produto possui aprova\u00e7\u00e3o em requisitos relacionados \u00e0 funcionalidade e seguran\u00e7a e englobam, por exemplo:&nbsp;&nbsp;<\/p>\n\n\n\n<p>&#8211; Testes com rela\u00e7\u00e3o \u00e0 estabilidade do produto;&nbsp;<\/p>\n\n\n\n<p>&#8211; Choque el\u00e9trico;&nbsp;<\/p>\n\n\n\n<p>&#8211; Inflamabilidade.&nbsp;<\/p>\n\n\n\n<p>Nesses produtos dever\u00e3o constar algumas informa\u00e7\u00f5es obrigat\u00f3rias, entre elas:&nbsp;<\/p>\n\n\n\n<p>&#8211; Nome ou marca de identifica\u00e7\u00e3o do fabricante ou importador;&nbsp;&nbsp;<\/p>\n\n\n\n<p>&#8211; Tens\u00e3o nominal ou faixas de tens\u00e3o nominal em volts;&nbsp;&nbsp;<\/p>\n\n\n\n<p>&#8211; Pot\u00eancia nominal em watts ou corrente nominal em amperes;&nbsp;<\/p>\n\n\n\n<p>&#8211; Refer\u00eancia do modelo ou tipo.&nbsp;&nbsp;<\/p>\n\n\n\n<p>\u00c9 importante o consumidor adquirir produtos em estabelecimentos formalmente constitu\u00eddos e solicitar nota fiscal, garantia de comprova\u00e7\u00e3o de origem do produto em casos de den\u00fancia.&nbsp;&nbsp;<\/p>\n\n\n\n<p>Para obter mais informa\u00e7\u00f5es sobre o uso da Etiqueta Nacional de Conserva\u00e7\u00e3o de Energia, acesse&nbsp;<a href=\"https:\/\/tinyurl.com\/yxvp6wjw\" target=\"_blank\" rel=\"noreferrer noopener\"><\/a><a href=\"https:\/\/www.gov.br\/inmetro\/pt-br\/assuntos\/avaliacao-da-conformidade\/programa-brasileiro-de-etiquetagem\/tabelas-de-eficiencia-energetica\" target=\"_blank\" rel=\"noreferrer noopener\">https:\/\/www.gov.br\/inmetro\/pt-br\/assuntos\/avaliacao-da-conformidade\/programa-brasileiro-de-etiquetagem\/tabelas-de-eficiencia-energetica<\/a>&nbsp;&nbsp;&nbsp;<\/p>\n\n\n\n<p><strong>Ipem-SP<\/strong>&nbsp;&nbsp;<\/p>\n\n\n\n<p>O Ipem-SP \u00e9 uma autarquia vinculada \u00e0 Secretaria da Justi\u00e7a e Cidadania do Governo do Estado de S\u00e3o Paulo e \u00f3rg\u00e3o delegado do Inmetro. Com uma equipe de fiscaliza\u00e7\u00e3o formada por especialistas e t\u00e9cnicos, realiza diariamente, em todo o Estado de S\u00e3o Paulo, opera\u00e7\u00f5es de fiscaliza\u00e7\u00f5es rotineiras em balan\u00e7as, bombas de combust\u00edveis, medidores de press\u00e3o arterial, tax\u00edmetros, radares, capacetes de motociclistas, brinquedos, cadeiras de carro para crian\u00e7as, pe\u00e7as de roupa, cama, mesa e banho, botij\u00f5es de g\u00e1s, entre outros materiais. \u00c9 seu papel tamb\u00e9m proteger o consumidor para que este leve para casa a quantidade exata de produto pela qual pagou. Quem desconfiar ou encontrar irregularidades pode recorrer ao servi\u00e7o da Ouvidoria, no telefone 0800 013 05 22, de segunda a sexta, das 8h \u00e0s 17h, enviar e-mail para&nbsp;<a>ouvidoria@ipem.sp.gov.br<\/a>&nbsp;ou&nbsp;<a href=\"http:\/\/www.ipem.sp.gov.br\/\" target=\"_blank\" rel=\"noreferrer noopener\">www.ipem.sp.gov.br<\/a>&nbsp;<\/p>\n","protected":false},"excerpt":{"rendered":"<p>O Ipem-SP (Instituto de Pesos e Medidas do Estado de S\u00e3o Paulo), autarquia do Governo do Estado, vinculada \u00e0 Secretaria da Justi\u00e7a e Cidadania, e \u00f3rg\u00e3o delegado do Inmetro,&nbsp;que tem como objetivo a prote\u00e7\u00e3o para o consumo,&nbsp;realizou a Opera\u00e7\u00e3o Dia das M\u00e3es, no per\u00edodo de 2 a 5 maio, na capital e nas cidades de &hellip;<\/p>\n","protected":false},"author":1,"featured_media":2892,"comment_status":"open","ping_status":"open","sticky":false,"template":"","format":"standard","meta":{"_jetpack_memberships_contains_paid_content":false,"footnotes":"","jetpack_publicize_message":"","jetpack_publicize_feature_enabled":true,"jetpack_social_post_already_shared":false,"jetpack_social_options":{"image_generator_settings":{"template":"highway","default_image_id":0,"enabled":false},"version":2}},"categories":[4],"tags":[],"class_list":["post-2890","post","type-post","status-publish","format-standard","has-post-thumbnail","hentry","category-regiao"],"jetpack_publicize_connections":[],"jetpack_featured_media_url":"https:\/\/i0.wp.com\/www.paparazzinews.com.br\/wp-content\/uploads\/2023\/05\/IpemSPOpDiadasMaes2023.jpg?fit=1024%2C768&ssl=1","views":"2669","jetpack_likes_enabled":true,"jetpack_sharing_enabled":true,"_links":{"self":[{"href":"https:\/\/www.paparazzinews.com.br\/index.php?rest_route=\/wp\/v2\/posts\/2890","targetHints":{"allow":["GET"]}}],"collection":[{"href":"https:\/\/www.paparazzinews.com.br\/index.php?rest_route=\/wp\/v2\/posts"}],"about":[{"href":"https:\/\/www.paparazzinews.com.br\/index.php?rest_route=\/wp\/v2\/types\/post"}],"author":[{"embeddable":true,"href":"https:\/\/www.paparazzinews.com.br\/index.php?rest_route=\/wp\/v2\/users\/1"}],"replies":[{"embeddable":true,"href":"https:\/\/www.paparazzinews.com.br\/index.php?rest_route=%2Fwp%2Fv2%2Fcomments&post=2890"}],"version-history":[{"count":1,"href":"https:\/\/www.paparazzinews.com.br\/index.php?rest_route=\/wp\/v2\/posts\/2890\/revisions"}],"predecessor-version":[{"id":2893,"href":"https:\/\/www.paparazzinews.com.br\/index.php?rest_route=\/wp\/v2\/posts\/2890\/revisions\/2893"}],"wp:featuredmedia":[{"embeddable":true,"href":"https:\/\/www.paparazzinews.com.br\/index.php?rest_route=\/wp\/v2\/media\/2892"}],"wp:attachment":[{"href":"https:\/\/www.paparazzinews.com.br\/index.php?rest_route=%2Fwp%2Fv2%2Fmedia&parent=2890"}],"wp:term":[{"taxonomy":"category","embeddable":true,"href":"https:\/\/www.paparazzinews.com.br\/index.php?rest_route=%2Fwp%2Fv2%2Fcategories&post=2890"},{"taxonomy":"post_tag","embeddable":true,"href":"https:\/\/www.paparazzinews.com.br\/index.php?rest_route=%2Fwp%2Fv2%2Ftags&post=2890"}],"curies":[{"name":"wp","href":"https:\/\/api.w.org\/{rel}","templated":true}]}}