{"id":286,"date":"2022-07-15T16:24:37","date_gmt":"2022-07-15T19:24:37","guid":{"rendered":"https:\/\/www.paparazzinews.com.br\/?p=286"},"modified":"2022-07-15T16:24:39","modified_gmt":"2022-07-15T19:24:39","slug":"novos-bolsistas-do-bolsa-trabalho-participam-de-integracao-em-castilho","status":"publish","type":"post","link":"https:\/\/www.paparazzinews.com.br\/?p=286","title":{"rendered":"Novos bolsistas do Bolsa Trabalho participam de integra\u00e7\u00e3o em Castilho"},"content":{"rendered":"\n<p>Ao menos 70 bolsistas do Programa Bolsa Trabalho participaram nesta sexta-feira, 15 de julho, de integra\u00e7\u00e3o promovida pela coordena\u00e7\u00e3o do CRAS-Centro de Refer\u00eancia de Assist\u00eancia Social respons\u00e1vel pelo projeto no munic\u00edpio. S\u00e3o 70 vagas, no total, sendo 6 homem e 64 mulheres.<\/p>\n\n\n\n<p>A integra\u00e7\u00e3o ocorreu pela manh\u00e3 no Ciec (Centro Integrado de Educa\u00e7\u00e3o e Cultura).<\/p>\n\n\n\n<p>Pelo programa estadual, os benefici\u00e1rios recebem bolsa-aux\u00edlio de R$ 540 por m\u00eas, durante cinco meses. Eles tamb\u00e9m participam de curso de qualifica\u00e7\u00e3o com dura\u00e7\u00e3o de 80 horas.<\/p>\n\n\n\n<p>Em contrapartida, os bolsistas executam servi\u00e7os administrativos ou de zeladoria em \u00f3rg\u00e3os p\u00fablicos municipais por quatro horas di\u00e1rias, cinco dias por semana.<\/p>\n\n\n\n<p>De acordo com Isabele Melo psic\u00f3loga, os 80 selecionados pelo Governo do Estado foram chamados para assinatura do Termo de Ades\u00e3o e somente 8 foram desclassificados e 2 desistentes. Por isso, os inscritos que est\u00e3o na lista de espera ser\u00e3o chamados para ocupar as vagas em aberto.<\/p>\n\n\n\n<p>Os beneficiados v\u00e3o atuar em diversos setores da Prefeitura, como limpeza p\u00fablica e \u00e1rea administrativa nas Secretarias Municipais. Os selecionados ir\u00e3o atuar nas Secretarias de Assist\u00eancia Social, Sa\u00fade , Agricultura, Esporte e Lazer, Planejamento e Desenvolvimento Urbano, Administra\u00e7\u00e3o.<\/p>\n\n\n\n<p>\u201cQueria dar as boas-vindas para todos e dizer que algumas pessoas est\u00e3o retornando ap\u00f3s terem participado do programa anteriormente e voc\u00eas v\u00e3o trabalhar juntos. Quero refor\u00e7ar que trabalho em equipe \u00e9 fundamental. Diversas bolsistas que participaram em outras turmas foram recolocadas no mercado de trabalho pelo PAT e isso \u00e9 o que desejamos a todos voc\u00eas, sejam bem vindos\u201d, relatou Vanessa Graciele assistente social respons\u00e1vel pelo programa.<\/p>\n\n\n\n<p>O prefeito Paulo Boaventura que cumpre agenda em S\u00e3o Paulo deixou uma mensagem de boas vindas aos novos benefici\u00e1rios. Desejou que todos aproveitassem ao m\u00e1ximo poss\u00edvel essa oportunidade.<\/p>\n\n\n\n<p>\u201cA marca de nossa Gest\u00e3o sempre ser\u00e1 o bom acolhimento. Tenho certeza que esse programa Bolsa Trabalho vai contribuir muito para o sustento dessas fam\u00edlias que ainda sofrem reflexos da pandemia. Gra\u00e7as e essa parceria que temos junto ao Governo do Estado \u00e9 poss\u00edvel manter o programa ativo\u201d, finalizou Paulinho.<\/p>\n","protected":false},"excerpt":{"rendered":"<p>Ao menos 70 bolsistas do Programa Bolsa Trabalho participaram nesta sexta-feira, 15 de julho, de integra\u00e7\u00e3o promovida pela coordena\u00e7\u00e3o do CRAS-Centro de Refer\u00eancia de Assist\u00eancia Social respons\u00e1vel pelo projeto no munic\u00edpio. S\u00e3o 70 vagas, no total, sendo 6 homem e 64 mulheres. A integra\u00e7\u00e3o ocorreu pela manh\u00e3 no Ciec (Centro Integrado de Educa\u00e7\u00e3o e Cultura). &hellip;<\/p>\n","protected":false},"author":1,"featured_media":287,"comment_status":"open","ping_status":"open","sticky":false,"template":"","format":"standard","meta":{"_jetpack_memberships_contains_paid_content":false,"footnotes":"","jetpack_publicize_message":"","jetpack_publicize_feature_enabled":true,"jetpack_social_post_already_shared":false,"jetpack_social_options":{"image_generator_settings":{"template":"highway","default_image_id":0,"enabled":false},"version":2}},"categories":[4],"tags":[],"class_list":["post-286","post","type-post","status-publish","format-standard","has-post-thumbnail","hentry","category-regiao"],"jetpack_publicize_connections":[],"jetpack_featured_media_url":"https:\/\/i0.wp.com\/www.paparazzinews.com.br\/wp-content\/uploads\/2022\/07\/98645-e1657913051525.jpg?fit=1000%2C450&ssl=1","views":"3397","jetpack_likes_enabled":true,"jetpack_sharing_enabled":true,"_links":{"self":[{"href":"https:\/\/www.paparazzinews.com.br\/index.php?rest_route=\/wp\/v2\/posts\/286","targetHints":{"allow":["GET"]}}],"collection":[{"href":"https:\/\/www.paparazzinews.com.br\/index.php?rest_route=\/wp\/v2\/posts"}],"about":[{"href":"https:\/\/www.paparazzinews.com.br\/index.php?rest_route=\/wp\/v2\/types\/post"}],"author":[{"embeddable":true,"href":"https:\/\/www.paparazzinews.com.br\/index.php?rest_route=\/wp\/v2\/users\/1"}],"replies":[{"embeddable":true,"href":"https:\/\/www.paparazzinews.com.br\/index.php?rest_route=%2Fwp%2Fv2%2Fcomments&post=286"}],"version-history":[{"count":1,"href":"https:\/\/www.paparazzinews.com.br\/index.php?rest_route=\/wp\/v2\/posts\/286\/revisions"}],"predecessor-version":[{"id":288,"href":"https:\/\/www.paparazzinews.com.br\/index.php?rest_route=\/wp\/v2\/posts\/286\/revisions\/288"}],"wp:featuredmedia":[{"embeddable":true,"href":"https:\/\/www.paparazzinews.com.br\/index.php?rest_route=\/wp\/v2\/media\/287"}],"wp:attachment":[{"href":"https:\/\/www.paparazzinews.com.br\/index.php?rest_route=%2Fwp%2Fv2%2Fmedia&parent=286"}],"wp:term":[{"taxonomy":"category","embeddable":true,"href":"https:\/\/www.paparazzinews.com.br\/index.php?rest_route=%2Fwp%2Fv2%2Fcategories&post=286"},{"taxonomy":"post_tag","embeddable":true,"href":"https:\/\/www.paparazzinews.com.br\/index.php?rest_route=%2Fwp%2Fv2%2Ftags&post=286"}],"curies":[{"name":"wp","href":"https:\/\/api.w.org\/{rel}","templated":true}]}}