{"id":2857,"date":"2023-05-08T14:27:53","date_gmt":"2023-05-08T17:27:53","guid":{"rendered":"https:\/\/www.paparazzinews.com.br\/?p=2857"},"modified":"2023-05-08T14:27:54","modified_gmt":"2023-05-08T17:27:54","slug":"sindpesp-convoca-policiais-civis-para-debate-na-alesp-sobre-reajuste-salarial","status":"publish","type":"post","link":"https:\/\/www.paparazzinews.com.br\/?p=2857","title":{"rendered":"Sindpesp convoca policiais civis para debate na Alesp sobre reajuste salarial"},"content":{"rendered":"\n<p>O Sindicato dos Delegados de Pol\u00edcia do Estado de S\u00e3o Paulo (Sindpesp) est\u00e1 convocando policiais civis para uma plen\u00e1ria que ser\u00e1 realizada na Assembleia Legislativa do Estado de S\u00e3o Paulo (Alesp) nesta 3\u00aa feira (9\/5), \u00e0s 17h30, para tratar do reajuste salarial proposto pelo governador Tarc\u00edsio de Freitas (Republicanos) para as for\u00e7as de seguran\u00e7a. Na oportunidade, a entidade vai reiterar sua insatisfa\u00e7\u00e3o com o Projeto de Lei Complementar (PLC) elaborado pela Secretaria de Seguran\u00e7a P\u00fablica bandeirante e que prev\u00ea maior corre\u00e7\u00e3o para a Pol\u00edcia Militar (PM) em detrimento da Pol\u00edcia Civil. &nbsp;<\/p>\n\n\n\n<p>A diferencia\u00e7\u00e3o veio a p\u00fablico no in\u00edcio da semana passada, quando o Poder Executivo Paulista protocolou na Alesp a mat\u00e9ria, que, agora, segue para a aprecia\u00e7\u00e3o da Casa de Leis e, posteriormente, para vota\u00e7\u00e3o. Segundo noticiado pela Imprensa e confirmado pelo pr\u00f3prio secret\u00e1rio de Estado de Seguran\u00e7a P\u00fablica, Guilherme Derrite, delegados e demais profissionais da Pol\u00edcia Civil n\u00e3o ter\u00e3o o mesmo reajuste proposto para os militares. &nbsp;<\/p>\n\n\n\n<p>Enquanto o delegado ter\u00e1 corre\u00e7\u00e3o entre 14% (classe especial) e 20,7% (terceira classe), e o investigador entre 16% (classe especial) e 24,6% (terceira classe), o subtenente e o soldado de segunda classe da PM receber\u00e3o aumento, respectivamente, de 30,8% e de 31,6%. A distin\u00e7\u00e3o ocasionou revolta, conforme aponta a presidente do Sindpesp, Jacqueline Valadares: &nbsp;<\/p>\n\n\n\n<p>\u201cComo representante leg\u00edtimo dos delegados paulistas e com base em seu hist\u00f3rico de atua\u00e7\u00e3o em defesa da Pol\u00edcia Civil, o Sindpesp desaprova o texto que vai tramitar na Alesp. Entendemos que n\u00e3o \u00e9 cab\u00edvel a diferencia\u00e7\u00e3o de corre\u00e7\u00e3o entre as Pol\u00edcias Civil e Militar. Ambas institui\u00e7\u00f5es merecem tratamento igualit\u00e1rio\u201d, cr\u00edtica. &nbsp;<\/p>\n\n\n\n<p>A convoca\u00e7\u00e3o para a plen\u00e1ria na Alesp amanh\u00e3 \u00e9 resultado da uni\u00e3o de for\u00e7as entre o Sindicato dos Delegados de Pol\u00edcia, o Sindicato dos Escriv\u00e3es de Pol\u00edcia, o Sindicato dos Peritos Criminais e o Sindicato dos Investigadores de Pol\u00edcia do Estado de S\u00e3o Paulo. As entidades contam com apoio do deputado estadual Paulo Reis (PT-SP), que \u00e9 investigador de Pol\u00edcia. &nbsp;<\/p>\n\n\n\n<p>Jacqueline e os diretores do Sindpesp Edson Pinheiro dos Santos Junior e Mois\u00e9s Leite se reuniram com o parlamentar na 5\u00aa feira (4\/5). Reis defende o aumento linear de 30% para a Pol\u00edcia Civil, como j\u00e1 adiantou em Tribuna.&nbsp;<\/p>\n\n\n\n<p>O Sindicato dos Delegados, como reafirma sua presidente, em nenhum momento foi consultado pelo Estado durante a elabora\u00e7\u00e3o da proposta. Em reuni\u00f5es realizadas entre o Sindpesp e Derrite, o chefe da pasta estadual de Seguran\u00e7a, t\u00e3o somente, compartilhou possibilidades e ap\u00f3s o projeto j\u00e1 ter sido entregue ao governador, jamais deixando margem para negocia\u00e7\u00e3o: &nbsp;<\/p>\n\n\n\n<p>\u201cEsse projeto de lei, aguardado como promessa de recomposi\u00e7\u00e3o salarial e de valoriza\u00e7\u00e3o das for\u00e7as de seguran\u00e7a, saiu da Secretaria de Seguran\u00e7a P\u00fablica para as m\u00e3os do governador Tarc\u00edsio (de Freitas) sem a oitiva pr\u00e9via das entidades de classe. \u00c9 um texto repleto de problemas. Al\u00e9m da diferencia\u00e7\u00e3o, o que foi proposto n\u00e3o tira S\u00e3o Paulo do ranking dos estados que pior paga o delegado de Pol\u00edcia. Estamos em 22\u00aa coloca\u00e7\u00e3o, entre 27 estados da federa\u00e7\u00e3o, mesmo S\u00e3o Paulo sendo o mais rico do Brasil\u201d. &nbsp;<\/p>\n\n\n\n<p>Mato Grosso, 14\u00ba em arrecada\u00e7\u00e3o em 2022, com R$ 42,2 bilh\u00f5es, \u00e9 o que oferece melhor vencimento do Pa\u00eds a um delegado: R$ 25.407,95. A m\u00e9dia salarial de um delegado em S\u00e3o Paulo \u00e9 de R$ 12 mil, enquanto a m\u00e9dia nacional \u00e9 de R$ 18 mil.&nbsp;<\/p>\n","protected":false},"excerpt":{"rendered":"<p>O Sindicato dos Delegados de Pol\u00edcia do Estado de S\u00e3o Paulo (Sindpesp) est\u00e1 convocando policiais civis para uma plen\u00e1ria que ser\u00e1 realizada na Assembleia Legislativa do Estado de S\u00e3o Paulo (Alesp) nesta 3\u00aa feira (9\/5), \u00e0s 17h30, para tratar do reajuste salarial proposto pelo governador Tarc\u00edsio de Freitas (Republicanos) para as for\u00e7as de seguran\u00e7a. Na &hellip;<\/p>\n","protected":false},"author":1,"featured_media":2858,"comment_status":"open","ping_status":"open","sticky":false,"template":"","format":"standard","meta":{"_jetpack_memberships_contains_paid_content":false,"footnotes":"","jetpack_publicize_message":"","jetpack_publicize_feature_enabled":true,"jetpack_social_post_already_shared":false,"jetpack_social_options":{"image_generator_settings":{"template":"highway","default_image_id":0,"enabled":false},"version":2}},"categories":[4],"tags":[],"class_list":["post-2857","post","type-post","status-publish","format-standard","has-post-thumbnail","hentry","category-regiao"],"jetpack_publicize_connections":[],"jetpack_featured_media_url":"https:\/\/i0.wp.com\/www.paparazzinews.com.br\/wp-content\/uploads\/2023\/05\/Foto-Delegada-Jacqueline-Valadares-presidente-do-Sindpesp.jpeg?fit=683%2C1024&ssl=1","views":"2841","jetpack_likes_enabled":true,"jetpack_sharing_enabled":true,"_links":{"self":[{"href":"https:\/\/www.paparazzinews.com.br\/index.php?rest_route=\/wp\/v2\/posts\/2857","targetHints":{"allow":["GET"]}}],"collection":[{"href":"https:\/\/www.paparazzinews.com.br\/index.php?rest_route=\/wp\/v2\/posts"}],"about":[{"href":"https:\/\/www.paparazzinews.com.br\/index.php?rest_route=\/wp\/v2\/types\/post"}],"author":[{"embeddable":true,"href":"https:\/\/www.paparazzinews.com.br\/index.php?rest_route=\/wp\/v2\/users\/1"}],"replies":[{"embeddable":true,"href":"https:\/\/www.paparazzinews.com.br\/index.php?rest_route=%2Fwp%2Fv2%2Fcomments&post=2857"}],"version-history":[{"count":1,"href":"https:\/\/www.paparazzinews.com.br\/index.php?rest_route=\/wp\/v2\/posts\/2857\/revisions"}],"predecessor-version":[{"id":2859,"href":"https:\/\/www.paparazzinews.com.br\/index.php?rest_route=\/wp\/v2\/posts\/2857\/revisions\/2859"}],"wp:featuredmedia":[{"embeddable":true,"href":"https:\/\/www.paparazzinews.com.br\/index.php?rest_route=\/wp\/v2\/media\/2858"}],"wp:attachment":[{"href":"https:\/\/www.paparazzinews.com.br\/index.php?rest_route=%2Fwp%2Fv2%2Fmedia&parent=2857"}],"wp:term":[{"taxonomy":"category","embeddable":true,"href":"https:\/\/www.paparazzinews.com.br\/index.php?rest_route=%2Fwp%2Fv2%2Fcategories&post=2857"},{"taxonomy":"post_tag","embeddable":true,"href":"https:\/\/www.paparazzinews.com.br\/index.php?rest_route=%2Fwp%2Fv2%2Ftags&post=2857"}],"curies":[{"name":"wp","href":"https:\/\/api.w.org\/{rel}","templated":true}]}}