{"id":2831,"date":"2023-05-04T12:59:15","date_gmt":"2023-05-04T15:59:15","guid":{"rendered":"https:\/\/www.paparazzinews.com.br\/?p=2831"},"modified":"2023-05-04T12:59:17","modified_gmt":"2023-05-04T15:59:17","slug":"protecao-da-mulher-vitima-de-violencia-e-tema-de-livro-que-delegada-lanca-hoje","status":"publish","type":"post","link":"https:\/\/www.paparazzinews.com.br\/?p=2831","title":{"rendered":"Prote\u00e7\u00e3o da mulher v\u00edtima de viol\u00eancia \u00e9 tema de livro que delegada lan\u00e7a hoje"},"content":{"rendered":"\n<p>Num momento em que o feminic\u00eddio alcan\u00e7a \u00edndices alarmantes no Pa\u00eds, a delegada Raquel Gallinati lan\u00e7a um livro para tratar do assunto sob o aspecto legal, ao passo em que convida a sociedade \u00e0 reflex\u00e3o quanto aos desafios que permeiam o combate \u00e0 viol\u00eancia \u00e0 mulher no Brasil. A noite de aut\u00f3grafos de \u201cPol\u00edticas P\u00fablicas &amp; Inova\u00e7\u00f5es Legislativas\u201d (Editora Pl\u00e1cido) acontece nesta 5\u00aa feira (4\/5), \u00e0s 19 horas, na livraria Pl\u00e1cido do Conjunto Nacional (avenida Paulista, 2.073, loja 120 \u2013 t\u00e9rreo, Bela Vista, S\u00e3o Paulo-SP).\u00a0<\/p>\n\n\n\n<p>Com 340 p\u00e1ginas, a obra foi organizada e escrita pela diretora da Associa\u00e7\u00e3o dos Delegados de Pol\u00edcia (Adepol) do Brasil com o aux\u00edlio de delegados, de uma desembargadora, de promotoras de Justi\u00e7a, de advogadas e de uma m\u00e9dica-legista. Os 26 coautores atuam em diferentes partes do Pa\u00eds. &nbsp;<\/p>\n\n\n\n<p>Segundo Raquel, a ideia foi reunir artigos elaborados por especialistas que trabalham no combate \u00e0 viol\u00eancia dom\u00e9stica e\/ou no atendimento \u00e0s v\u00edtimas deste tipo de crime e oferecer ao leitor o que h\u00e1 de mais atual sobre o tema no aspecto jur\u00eddico:&nbsp;<\/p>\n\n\n\n<p>\u201cCom o passar dos anos, leis foram aprimoradas no sentido de conceder \u00e0 mulher uma maior rede de prote\u00e7\u00e3o, e ao agressor, as devidas san\u00e7\u00f5es. Ainda estamos longe do que acredito ser o razo\u00e1vel quanto \u00e0 preven\u00e7\u00e3o, ao combate e \u00e0 puni\u00e7\u00e3o. A v\u00edtima, via de regra, ainda \u00e9 renegada ao tempo e \u00e0 sorte se compararmos os direitos dela com os de quem comete o delito. Por outro lado, n\u00e3o podemos ignorar avan\u00e7os, que devem, sempre, ser pass\u00edveis de atualiza\u00e7\u00e3o e de discuss\u00e3o. Esta, inclusive, \u00e9 a proposta deste livro: ampliar o debate\u201d, refor\u00e7a Raquel.&nbsp;<\/p>\n\n\n\n<p>Estatuto da v\u00edtima, compliance feminino, atendimento on-line a v\u00edtimas de agress\u00e3o, medidas protetivas, fian\u00e7a extrajudicial, ass\u00e9dio sexual e moral no trabalho, cadeia de cust\u00f3dia, viol\u00eancia sexual contra mulheres vulner\u00e1veis, viol\u00eancia psicol\u00f3gica, lei Maria da Penha, revitimiza\u00e7\u00e3o e viol\u00eancia institucional s\u00e3o algumas das tem\u00e1ticas que o livro \u201cPol\u00edticas P\u00fablicas &amp; Inova\u00e7\u00f5es Legislativas\u201d abarca. Entre 20 cap\u00edtulos, a obra tamb\u00e9m trata do dilema das mulheres crist\u00e3s v\u00edtimas de viol\u00eancia dom\u00e9stica e da caracteriza\u00e7\u00e3o de delegadas da Pol\u00edcia Civil do Par\u00e1.&nbsp;<\/p>\n\n\n\n<p>\u201cO estudo e o incentivo ao conhecimento podem oferecer solu\u00e7\u00f5es que enfrentem, mitiguem ou controlem o abjeto fen\u00f4meno criminoso da viol\u00eancia dom\u00e9stica e familiar no Pa\u00eds. \u00c9 o que prop\u00f5em corajosamente a Raquel (Gallinati) e os demais autores desta necess\u00e1ria obra\u201d, refor\u00e7a o presidente da Adepol do Brasil, delegado Rodolfo de Queiroz Laterza, que assina o pref\u00e1cio de \u201cPol\u00edticas P\u00fablicas &amp; Inova\u00e7\u00f5es Legislativas\u201d.&nbsp;&nbsp;&nbsp;<\/p>\n\n\n\n<p>Com patroc\u00ednio da Ibrachina &#8211; Instituto Sociocultural Brasil-China, o livro ser\u00e1 lan\u00e7ado nesta 5\u00aa feira, a partir das 19 horas, na livraria Pl\u00e1cido do Conjunto Nacional, na capital paulista. A obra ser\u00e1 comercializada a R$ 169,90. Na noite de aut\u00f3grafos, sair\u00e1 ao valor promocional de R$ 110,43.&nbsp;<\/p>\n\n\n\n<p><em><u>SERVI\u00c7O:<\/u><\/em><\/p>\n\n\n\n<p><strong>Lan\u00e7amento de \u201cPol\u00edticas P\u00fablicas &amp; Inova\u00e7\u00f5es Legislativas &#8211; Prote\u00e7\u00e3o da Mulher V\u00edtima de Viol\u00eancia\u201d&nbsp;<\/strong><\/p>\n\n\n\n<p><strong>Editora:<\/strong>&nbsp;Pl\u00e1cido&nbsp;<\/p>\n\n\n\n<p><strong>Data:<\/strong>&nbsp;4\/5 \u2013 5\u00aa feira&nbsp;<\/p>\n\n\n\n<p>Hor\u00e1rio: \u00c0s 19 horas&nbsp;<\/p>\n\n\n\n<p><strong>Local:<\/strong>&nbsp;Livraria Pl\u00e1cido \/ Conjunto Nacional&nbsp;<\/p>\n\n\n\n<p><strong>Endere\u00e7o:<\/strong>&nbsp;Avenida Paulista, 2.073, loja 120 \u2013 t\u00e9rreo, Bela Vista, S\u00e3o Paulo-SP&nbsp;<\/p>\n\n\n\n<p><strong>Coordenadora \/ Autora:<\/strong>&nbsp;Raquel Gallinati&nbsp;<\/p>\n\n\n\n<p><strong>Pref\u00e1cio:<\/strong>&nbsp;Rodolfo de Queiroz Laterza&nbsp;<\/p>\n\n\n\n<p><strong>Coautores:<\/strong>&nbsp;Ana Cristina Meio Santiago, Ana Paula Gimenez, Ana Paula Siqueira Lazzarechi de Mesquita, Analu Lacerda Ferraz, Ariane Lilian Lima dos Santos Melo Rodrigues, Camila Hage, Celeste Leite dos Santos, Dannyela Gomes Pinheiro, Filipe Augusto Vilela Campos, Francini Imene Dias Ibrahin, Gabriela de Diego Garrido, Gabriela Manssur, Ivana David, Jacqueline Valadares, Juliana Cavalcante do Ros\u00e1rio, Juliana Lopes Bussacos, Luana Vaz Davico, Maely Ferreira Holanda Ramos, Marcia Maria da Silva Gomes, Mariana da Silva Ferreira, Patr\u00edcia Chalfun de Matos Fonseca, Patr\u00edcia Pacheco Rodrigues Machida, Patr\u00edcia Simone Bozolan, Samantha Ribeiro Meyer Pflug Marques, Tulio Bueno de Alckmim Morais e Utimia Cristine Pinheiro Gon\u00e7alves&nbsp;<\/p>\n\n\n\n<p>Valor: R$ 169,90. Na noite de aut\u00f3grafos, sair\u00e1 ao valor promocional de R$ 110,43.&nbsp;<\/p>\n","protected":false},"excerpt":{"rendered":"<p>Num momento em que o feminic\u00eddio alcan\u00e7a \u00edndices alarmantes no Pa\u00eds, a delegada Raquel Gallinati lan\u00e7a um livro para tratar do assunto sob o aspecto legal, ao passo em que convida a sociedade \u00e0 reflex\u00e3o quanto aos desafios que permeiam o combate \u00e0 viol\u00eancia \u00e0 mulher no Brasil. A noite de aut\u00f3grafos de \u201cPol\u00edticas P\u00fablicas &hellip;<\/p>\n","protected":false},"author":1,"featured_media":2832,"comment_status":"open","ping_status":"open","sticky":false,"template":"","format":"standard","meta":{"_jetpack_memberships_contains_paid_content":false,"footnotes":"","jetpack_publicize_message":"","jetpack_publicize_feature_enabled":true,"jetpack_social_post_already_shared":false,"jetpack_social_options":{"image_generator_settings":{"template":"highway","default_image_id":0,"enabled":false},"version":2}},"categories":[6],"tags":[],"class_list":["post-2831","post","type-post","status-publish","format-standard","has-post-thumbnail","hentry","category-entretenimento"],"jetpack_publicize_connections":[],"jetpack_featured_media_url":"https:\/\/i0.wp.com\/www.paparazzinews.com.br\/wp-content\/uploads\/2023\/05\/Foto-2.jpeg?fit=1066%2C1600&ssl=1","views":"2920","jetpack_likes_enabled":true,"jetpack_sharing_enabled":true,"_links":{"self":[{"href":"https:\/\/www.paparazzinews.com.br\/index.php?rest_route=\/wp\/v2\/posts\/2831","targetHints":{"allow":["GET"]}}],"collection":[{"href":"https:\/\/www.paparazzinews.com.br\/index.php?rest_route=\/wp\/v2\/posts"}],"about":[{"href":"https:\/\/www.paparazzinews.com.br\/index.php?rest_route=\/wp\/v2\/types\/post"}],"author":[{"embeddable":true,"href":"https:\/\/www.paparazzinews.com.br\/index.php?rest_route=\/wp\/v2\/users\/1"}],"replies":[{"embeddable":true,"href":"https:\/\/www.paparazzinews.com.br\/index.php?rest_route=%2Fwp%2Fv2%2Fcomments&post=2831"}],"version-history":[{"count":1,"href":"https:\/\/www.paparazzinews.com.br\/index.php?rest_route=\/wp\/v2\/posts\/2831\/revisions"}],"predecessor-version":[{"id":2833,"href":"https:\/\/www.paparazzinews.com.br\/index.php?rest_route=\/wp\/v2\/posts\/2831\/revisions\/2833"}],"wp:featuredmedia":[{"embeddable":true,"href":"https:\/\/www.paparazzinews.com.br\/index.php?rest_route=\/wp\/v2\/media\/2832"}],"wp:attachment":[{"href":"https:\/\/www.paparazzinews.com.br\/index.php?rest_route=%2Fwp%2Fv2%2Fmedia&parent=2831"}],"wp:term":[{"taxonomy":"category","embeddable":true,"href":"https:\/\/www.paparazzinews.com.br\/index.php?rest_route=%2Fwp%2Fv2%2Fcategories&post=2831"},{"taxonomy":"post_tag","embeddable":true,"href":"https:\/\/www.paparazzinews.com.br\/index.php?rest_route=%2Fwp%2Fv2%2Ftags&post=2831"}],"curies":[{"name":"wp","href":"https:\/\/api.w.org\/{rel}","templated":true}]}}