{"id":283,"date":"2022-07-14T14:57:05","date_gmt":"2022-07-14T17:57:05","guid":{"rendered":"https:\/\/www.paparazzinews.com.br\/?p=283"},"modified":"2022-07-14T14:57:06","modified_gmt":"2022-07-14T17:57:06","slug":"troca-de-lampadas-para-populacao-de-baixa-renda-ocorre-em-andradina","status":"publish","type":"post","link":"https:\/\/www.paparazzinews.com.br\/?p=283","title":{"rendered":"Troca de l\u00e2mpadas para popula\u00e7\u00e3o de baixa renda ocorre em Andradina"},"content":{"rendered":"\n<p>A concession\u00e1ria de energia Elektro em parceria com a Secretaria de Promo\u00e7\u00e3o e Assist\u00eancia Social est\u00e1 trocando as l\u00e2mpadas gratuitamente para a popula\u00e7\u00e3o de baixa renda no munic\u00edpio.<\/p>\n\n\n\n<p><br>Na manh\u00e3 desta quinta-feira (14) um encontro entre a secret\u00e1ria Silvana Silva e com o representante da Elektro F\u00e1bio Costa trouxe esclarecimento sobre o programa de eficientiza\u00e7\u00e3o de energia. \u201cPara n\u00f3s \u00e9 um prazer ajudar a popula\u00e7\u00e3o a reduzir a sua conta de energia, j\u00e1 que a tecnologia led \u00e9 mais econ\u00f4mica. Essa tecnologia vai chegar a popula\u00e7\u00e3o que mais precisa\u201d, disse Costa.<\/p>\n\n\n\n<p><br>Segundo Silvana, para ter acesso a troca das l\u00e2mpadas a popula\u00e7\u00e3o deve procurar uma das tr\u00eas unidades do Cras no munic\u00edpio e requerer ades\u00e3o ao programa. Ser\u00e3o cinco l\u00e2mpadas por fam\u00edlia. As l\u00e2mpadas antigas devem ser apresentadas para a troca.<\/p>\n\n\n\n<p><strong>Import\u00e2ncia<\/strong><br>Trocar l\u00e2mpadas incandescentes, fluorescentes ou hal\u00f3genas por modelos de LED representa uma economia de at\u00e9 40% no sistema de ilumina\u00e7\u00e3o. Para contribuir com a redu\u00e7\u00e3o do consumo em comunidades populares localizadas nas suas \u00e1reas de concess\u00e3o, a Elektro promove a entrega de l\u00e2mpadas mais eficientes.<\/p>\n\n\n\n<p><br>A iniciativa faz parte do Projeto Energia com Cidadania, que integra o Programa de Efici\u00eancia Energ\u00e9tica (PEE), regulado pela Ag\u00eancia Nacional de Energia El\u00e9trica (Aneel). O projeto contribui para a redu\u00e7\u00e3o do consumo de energia da popula\u00e7\u00e3o que mais precisa economizar, como tamb\u00e9m contribui para h\u00e1bitos mais sustent\u00e1veis com o uso da energia. Com a troca das l\u00e2mpadas de LED em cada resid\u00eancia conseguimos beneficiar a popula\u00e7\u00e3o.<\/p>\n\n\n\n<p><br>Uma das vantagens de participar das a\u00e7\u00f5es e trocar as l\u00e2mpadas ineficientes por LED \u00e9 conseguir a mesma capacidade de ilumina\u00e7\u00e3o gastando menos energia, j\u00e1 que elas t\u00eam potencias menores. Al\u00e9m disso, t\u00eam uma durabilidade maior do que outros modelos e o seu descarte pode ser feito em lixo comum porque elas n\u00e3o t\u00eam materiais t\u00f3xicos na sua composi\u00e7\u00e3o, como o merc\u00fario, presente nas fluorescentes.<\/p>\n","protected":false},"excerpt":{"rendered":"<p>A concession\u00e1ria de energia Elektro em parceria com a Secretaria de Promo\u00e7\u00e3o e Assist\u00eancia Social est\u00e1 trocando as l\u00e2mpadas gratuitamente para a popula\u00e7\u00e3o de baixa renda no munic\u00edpio. Na manh\u00e3 desta quinta-feira (14) um encontro entre a secret\u00e1ria Silvana Silva e com o representante da Elektro F\u00e1bio Costa trouxe esclarecimento sobre o programa de eficientiza\u00e7\u00e3o &hellip;<\/p>\n","protected":false},"author":1,"featured_media":284,"comment_status":"open","ping_status":"open","sticky":false,"template":"","format":"standard","meta":{"_jetpack_memberships_contains_paid_content":false,"footnotes":"","jetpack_publicize_message":"","jetpack_publicize_feature_enabled":true,"jetpack_social_post_already_shared":false,"jetpack_social_options":{"image_generator_settings":{"template":"highway","default_image_id":0,"enabled":false},"version":2}},"categories":[4],"tags":[],"class_list":["post-283","post","type-post","status-publish","format-standard","has-post-thumbnail","hentry","category-regiao"],"jetpack_publicize_connections":[],"jetpack_featured_media_url":"https:\/\/i0.wp.com\/www.paparazzinews.com.br\/wp-content\/uploads\/2022\/07\/cd600350-f771-4389-8dea-26cc8543ada5-e1657821377155.jpg?fit=1000%2C666&ssl=1","views":"3343","jetpack_likes_enabled":true,"jetpack_sharing_enabled":true,"_links":{"self":[{"href":"https:\/\/www.paparazzinews.com.br\/index.php?rest_route=\/wp\/v2\/posts\/283","targetHints":{"allow":["GET"]}}],"collection":[{"href":"https:\/\/www.paparazzinews.com.br\/index.php?rest_route=\/wp\/v2\/posts"}],"about":[{"href":"https:\/\/www.paparazzinews.com.br\/index.php?rest_route=\/wp\/v2\/types\/post"}],"author":[{"embeddable":true,"href":"https:\/\/www.paparazzinews.com.br\/index.php?rest_route=\/wp\/v2\/users\/1"}],"replies":[{"embeddable":true,"href":"https:\/\/www.paparazzinews.com.br\/index.php?rest_route=%2Fwp%2Fv2%2Fcomments&post=283"}],"version-history":[{"count":1,"href":"https:\/\/www.paparazzinews.com.br\/index.php?rest_route=\/wp\/v2\/posts\/283\/revisions"}],"predecessor-version":[{"id":285,"href":"https:\/\/www.paparazzinews.com.br\/index.php?rest_route=\/wp\/v2\/posts\/283\/revisions\/285"}],"wp:featuredmedia":[{"embeddable":true,"href":"https:\/\/www.paparazzinews.com.br\/index.php?rest_route=\/wp\/v2\/media\/284"}],"wp:attachment":[{"href":"https:\/\/www.paparazzinews.com.br\/index.php?rest_route=%2Fwp%2Fv2%2Fmedia&parent=283"}],"wp:term":[{"taxonomy":"category","embeddable":true,"href":"https:\/\/www.paparazzinews.com.br\/index.php?rest_route=%2Fwp%2Fv2%2Fcategories&post=283"},{"taxonomy":"post_tag","embeddable":true,"href":"https:\/\/www.paparazzinews.com.br\/index.php?rest_route=%2Fwp%2Fv2%2Ftags&post=283"}],"curies":[{"name":"wp","href":"https:\/\/api.w.org\/{rel}","templated":true}]}}