{"id":2817,"date":"2023-05-02T12:41:06","date_gmt":"2023-05-02T15:41:06","guid":{"rendered":"https:\/\/www.paparazzinews.com.br\/?p=2817"},"modified":"2023-05-02T12:42:22","modified_gmt":"2023-05-02T15:42:22","slug":"tarado-da-bike-ataca-meninas-em-andradina","status":"publish","type":"post","link":"https:\/\/www.paparazzinews.com.br\/?p=2817","title":{"rendered":"\u201cTarado da Bike\u201d ataca meninas em Andradina"},"content":{"rendered":"\n<p>Um v\u00eddeo que circula nas redes sociais mostra um homem com a genit\u00e1lia de fora enquanto andava de bicicleta no entorno da Pra\u00e7a Jap\u00e3o. Ele ataca duas menores de 13 anos e foge do local ap\u00f3s o desespero da jovens.<\/p>\n\n\n\n<p>Segundo relato, elas estavam no arredores de suas resid\u00eancias, por volta das 21 horas de domingo (30) quando avistaram o ciclista que se comportava estranhamente. Logo em seguida ele volta e joga a bicicleta pra cima das menores com o \u00f3rg\u00e3o sexual a mostra nessa segunda-feira (19\/9).<\/p>\n\n\n\n<p>Nas grava\u00e7\u00f5es feitas por uma das adolescentes \u00e9 poss\u00edvel ver o suspeito no momento do ataque. Ele usava bermudas e camiseta regata preta. Em seguida ele foge. A m\u00e3e de uma das meninas procurou a Pol\u00edcia nesta ter\u00e7a-feira (2).<\/p>\n","protected":false},"excerpt":{"rendered":"<p>Um v\u00eddeo que circula nas redes sociais mostra um homem com a genit\u00e1lia de fora enquanto andava de bicicleta no entorno da Pra\u00e7a Jap\u00e3o. Ele ataca duas menores de 13 anos e foge do local ap\u00f3s o desespero da jovens. Segundo relato, elas estavam no arredores de suas resid\u00eancias, por volta das 21 horas de &hellip;<\/p>\n","protected":false},"author":1,"featured_media":2818,"comment_status":"open","ping_status":"open","sticky":false,"template":"","format":"standard","meta":{"_jetpack_memberships_contains_paid_content":false,"footnotes":"","jetpack_publicize_message":"","jetpack_publicize_feature_enabled":true,"jetpack_social_post_already_shared":false,"jetpack_social_options":{"image_generator_settings":{"template":"highway","default_image_id":0,"enabled":false},"version":2}},"categories":[3],"tags":[],"class_list":["post-2817","post","type-post","status-publish","format-standard","has-post-thumbnail","hentry","category-policial"],"jetpack_publicize_connections":[],"jetpack_featured_media_url":"https:\/\/i0.wp.com\/www.paparazzinews.com.br\/wp-content\/uploads\/2023\/05\/980104a4-4641-410e-a040-3e15cefceac5.jpg?fit=352%2C640&ssl=1","views":"7833","jetpack_likes_enabled":true,"jetpack_sharing_enabled":true,"_links":{"self":[{"href":"https:\/\/www.paparazzinews.com.br\/index.php?rest_route=\/wp\/v2\/posts\/2817","targetHints":{"allow":["GET"]}}],"collection":[{"href":"https:\/\/www.paparazzinews.com.br\/index.php?rest_route=\/wp\/v2\/posts"}],"about":[{"href":"https:\/\/www.paparazzinews.com.br\/index.php?rest_route=\/wp\/v2\/types\/post"}],"author":[{"embeddable":true,"href":"https:\/\/www.paparazzinews.com.br\/index.php?rest_route=\/wp\/v2\/users\/1"}],"replies":[{"embeddable":true,"href":"https:\/\/www.paparazzinews.com.br\/index.php?rest_route=%2Fwp%2Fv2%2Fcomments&post=2817"}],"version-history":[{"count":2,"href":"https:\/\/www.paparazzinews.com.br\/index.php?rest_route=\/wp\/v2\/posts\/2817\/revisions"}],"predecessor-version":[{"id":2820,"href":"https:\/\/www.paparazzinews.com.br\/index.php?rest_route=\/wp\/v2\/posts\/2817\/revisions\/2820"}],"wp:featuredmedia":[{"embeddable":true,"href":"https:\/\/www.paparazzinews.com.br\/index.php?rest_route=\/wp\/v2\/media\/2818"}],"wp:attachment":[{"href":"https:\/\/www.paparazzinews.com.br\/index.php?rest_route=%2Fwp%2Fv2%2Fmedia&parent=2817"}],"wp:term":[{"taxonomy":"category","embeddable":true,"href":"https:\/\/www.paparazzinews.com.br\/index.php?rest_route=%2Fwp%2Fv2%2Fcategories&post=2817"},{"taxonomy":"post_tag","embeddable":true,"href":"https:\/\/www.paparazzinews.com.br\/index.php?rest_route=%2Fwp%2Fv2%2Ftags&post=2817"}],"curies":[{"name":"wp","href":"https:\/\/api.w.org\/{rel}","templated":true}]}}