{"id":2814,"date":"2023-05-02T12:19:46","date_gmt":"2023-05-02T15:19:46","guid":{"rendered":"https:\/\/www.paparazzinews.com.br\/?p=2814"},"modified":"2023-05-02T12:19:47","modified_gmt":"2023-05-02T15:19:47","slug":"homem-anda-armado-com-revolver-furtado-em-pereira-barreto","status":"publish","type":"post","link":"https:\/\/www.paparazzinews.com.br\/?p=2814","title":{"rendered":"Homem anda armado com rev\u00f3lver furtado em Pereira Barreto"},"content":{"rendered":"\n<p>A Pol\u00edcia Militar de Pereira Barreto prendeu neste 1 de maio um homem armado com um rev\u00f3lver calibre 32 que foi furtado de um im\u00f3vel na cidade local.<\/p>\n\n\n\n<p>O Roni Paparazzi apurou que o flagrante foi no bairro Vila Floriano, a equipe policial estava em patrulhamento, quando surpreendeu o alvo portando o rev\u00f3lver, este armamento havia sido furtado de uma casa em data anterior.<\/p>\n\n\n\n<p>A ocorr\u00eancia foi encaminhada para a Pol\u00edcia Civil, onde ele permaneceu preso \u00e0 disposi\u00e7\u00e3o da Justi\u00e7a.<\/p>\n","protected":false},"excerpt":{"rendered":"<p>A Pol\u00edcia Militar de Pereira Barreto prendeu neste 1 de maio um homem armado com um rev\u00f3lver calibre 32 que foi furtado de um im\u00f3vel na cidade local. O Roni Paparazzi apurou que o flagrante foi no bairro Vila Floriano, a equipe policial estava em patrulhamento, quando surpreendeu o alvo portando o rev\u00f3lver, este armamento &hellip;<\/p>\n","protected":false},"author":1,"featured_media":2815,"comment_status":"open","ping_status":"open","sticky":false,"template":"","format":"standard","meta":{"_jetpack_memberships_contains_paid_content":false,"footnotes":"","jetpack_publicize_message":"","jetpack_publicize_feature_enabled":true,"jetpack_social_post_already_shared":false,"jetpack_social_options":{"image_generator_settings":{"template":"highway","default_image_id":0,"enabled":false},"version":2}},"categories":[3],"tags":[],"class_list":["post-2814","post","type-post","status-publish","format-standard","has-post-thumbnail","hentry","category-policial"],"jetpack_publicize_connections":[],"jetpack_featured_media_url":"https:\/\/i0.wp.com\/www.paparazzinews.com.br\/wp-content\/uploads\/2023\/05\/344582745_235173649192106_2114168584229624813_n.jpg?fit=768%2C748&ssl=1","views":"3251","jetpack_likes_enabled":true,"jetpack_sharing_enabled":true,"_links":{"self":[{"href":"https:\/\/www.paparazzinews.com.br\/index.php?rest_route=\/wp\/v2\/posts\/2814","targetHints":{"allow":["GET"]}}],"collection":[{"href":"https:\/\/www.paparazzinews.com.br\/index.php?rest_route=\/wp\/v2\/posts"}],"about":[{"href":"https:\/\/www.paparazzinews.com.br\/index.php?rest_route=\/wp\/v2\/types\/post"}],"author":[{"embeddable":true,"href":"https:\/\/www.paparazzinews.com.br\/index.php?rest_route=\/wp\/v2\/users\/1"}],"replies":[{"embeddable":true,"href":"https:\/\/www.paparazzinews.com.br\/index.php?rest_route=%2Fwp%2Fv2%2Fcomments&post=2814"}],"version-history":[{"count":1,"href":"https:\/\/www.paparazzinews.com.br\/index.php?rest_route=\/wp\/v2\/posts\/2814\/revisions"}],"predecessor-version":[{"id":2816,"href":"https:\/\/www.paparazzinews.com.br\/index.php?rest_route=\/wp\/v2\/posts\/2814\/revisions\/2816"}],"wp:featuredmedia":[{"embeddable":true,"href":"https:\/\/www.paparazzinews.com.br\/index.php?rest_route=\/wp\/v2\/media\/2815"}],"wp:attachment":[{"href":"https:\/\/www.paparazzinews.com.br\/index.php?rest_route=%2Fwp%2Fv2%2Fmedia&parent=2814"}],"wp:term":[{"taxonomy":"category","embeddable":true,"href":"https:\/\/www.paparazzinews.com.br\/index.php?rest_route=%2Fwp%2Fv2%2Fcategories&post=2814"},{"taxonomy":"post_tag","embeddable":true,"href":"https:\/\/www.paparazzinews.com.br\/index.php?rest_route=%2Fwp%2Fv2%2Ftags&post=2814"}],"curies":[{"name":"wp","href":"https:\/\/api.w.org\/{rel}","templated":true}]}}