{"id":2808,"date":"2023-05-02T12:07:58","date_gmt":"2023-05-02T15:07:58","guid":{"rendered":"https:\/\/www.paparazzinews.com.br\/?p=2808"},"modified":"2023-05-02T12:07:59","modified_gmt":"2023-05-02T15:07:59","slug":"homem-mata-filhote-de-cachorro-em-andradina","status":"publish","type":"post","link":"https:\/\/www.paparazzinews.com.br\/?p=2808","title":{"rendered":"Homem mata filhote de cachorro em Andradina"},"content":{"rendered":"\n<p>Um homem foi preso por maus tratos pela Pol\u00edcia Militar na sexta-feira (28), ele \u00e9 acusado de matar um filhote de cachorro no bairro Santa Cecilia, em Andradina.<\/p>\n\n\n\n<p>O Roni Paparazzi apurou que os policiais foram acionados para uma ocorr\u00eancia em que o alvo havia agredido um filhote de cachorro. Foram acionados os m\u00e9dicos veterin\u00e1rios, mas nada puderam fazer, diante da gravidade dos ferimentos o animal faleceu.<\/p>\n\n\n\n<p>A ocorr\u00eancia foi apresentada na Pol\u00edcia Civil onde permaneceu preso \u00e0 disposi\u00e7\u00e3o da Justi\u00e7a.<\/p>\n","protected":false},"excerpt":{"rendered":"<p>Um homem foi preso por maus tratos pela Pol\u00edcia Militar na sexta-feira (28), ele \u00e9 acusado de matar um filhote de cachorro no bairro Santa Cecilia, em Andradina. O Roni Paparazzi apurou que os policiais foram acionados para uma ocorr\u00eancia em que o alvo havia agredido um filhote de cachorro. Foram acionados os m\u00e9dicos veterin\u00e1rios, &hellip;<\/p>\n","protected":false},"author":1,"featured_media":2809,"comment_status":"open","ping_status":"open","sticky":false,"template":"","format":"standard","meta":{"_jetpack_memberships_contains_paid_content":false,"footnotes":"","jetpack_publicize_message":"","jetpack_publicize_feature_enabled":true,"jetpack_social_post_already_shared":false,"jetpack_social_options":{"image_generator_settings":{"template":"highway","default_image_id":0,"enabled":false},"version":2}},"categories":[3],"tags":[],"class_list":["post-2808","post","type-post","status-publish","format-standard","has-post-thumbnail","hentry","category-policial"],"jetpack_publicize_connections":[],"jetpack_featured_media_url":"https:\/\/i0.wp.com\/www.paparazzinews.com.br\/wp-content\/uploads\/2023\/05\/31e125ed-90f1-4391-9aec-b633d262906b-e1683040062583.jpg?fit=1000%2C450&ssl=1","views":"6188","jetpack_likes_enabled":true,"jetpack_sharing_enabled":true,"_links":{"self":[{"href":"https:\/\/www.paparazzinews.com.br\/index.php?rest_route=\/wp\/v2\/posts\/2808","targetHints":{"allow":["GET"]}}],"collection":[{"href":"https:\/\/www.paparazzinews.com.br\/index.php?rest_route=\/wp\/v2\/posts"}],"about":[{"href":"https:\/\/www.paparazzinews.com.br\/index.php?rest_route=\/wp\/v2\/types\/post"}],"author":[{"embeddable":true,"href":"https:\/\/www.paparazzinews.com.br\/index.php?rest_route=\/wp\/v2\/users\/1"}],"replies":[{"embeddable":true,"href":"https:\/\/www.paparazzinews.com.br\/index.php?rest_route=%2Fwp%2Fv2%2Fcomments&post=2808"}],"version-history":[{"count":1,"href":"https:\/\/www.paparazzinews.com.br\/index.php?rest_route=\/wp\/v2\/posts\/2808\/revisions"}],"predecessor-version":[{"id":2810,"href":"https:\/\/www.paparazzinews.com.br\/index.php?rest_route=\/wp\/v2\/posts\/2808\/revisions\/2810"}],"wp:featuredmedia":[{"embeddable":true,"href":"https:\/\/www.paparazzinews.com.br\/index.php?rest_route=\/wp\/v2\/media\/2809"}],"wp:attachment":[{"href":"https:\/\/www.paparazzinews.com.br\/index.php?rest_route=%2Fwp%2Fv2%2Fmedia&parent=2808"}],"wp:term":[{"taxonomy":"category","embeddable":true,"href":"https:\/\/www.paparazzinews.com.br\/index.php?rest_route=%2Fwp%2Fv2%2Fcategories&post=2808"},{"taxonomy":"post_tag","embeddable":true,"href":"https:\/\/www.paparazzinews.com.br\/index.php?rest_route=%2Fwp%2Fv2%2Ftags&post=2808"}],"curies":[{"name":"wp","href":"https:\/\/api.w.org\/{rel}","templated":true}]}}