{"id":2802,"date":"2023-05-02T11:46:48","date_gmt":"2023-05-02T14:46:48","guid":{"rendered":"https:\/\/www.paparazzinews.com.br\/?p=2802"},"modified":"2023-05-02T11:46:49","modified_gmt":"2023-05-02T14:46:49","slug":"2-adolescentes-sao-detidos-pela-ft-por-furtar-biz-em-andradina","status":"publish","type":"post","link":"https:\/\/www.paparazzinews.com.br\/?p=2802","title":{"rendered":"2 adolescentes s\u00e3o detidos pela FT por furtar Biz em Andradina"},"content":{"rendered":"\n<p>A For\u00e7a T\u00e1tica da Pol\u00edcia Militar de Andradina capturou na noite de quinta-feira (27), 2 adolescentes que s\u00e3o suspeitos de furtar uma Honda Biz.<\/p>\n\n\n\n<p>O Roni Paparazzi apurou que o flagrante dos policiais foi pelo bairro Vila Mineira. Com a localiza\u00e7\u00e3o do ve\u00edculo, a ocorr\u00eancia foi apresentada na Pol\u00edcia Civil, onde a moto foi devolvida a v\u00edtima. A dupla de infratores foram ouvida e liberada aos seus respons\u00e1veis. \u00a0<\/p>\n","protected":false},"excerpt":{"rendered":"<p>A For\u00e7a T\u00e1tica da Pol\u00edcia Militar de Andradina capturou na noite de quinta-feira (27), 2 adolescentes que s\u00e3o suspeitos de furtar uma Honda Biz. O Roni Paparazzi apurou que o flagrante dos policiais foi pelo bairro Vila Mineira. Com a localiza\u00e7\u00e3o do ve\u00edculo, a ocorr\u00eancia foi apresentada na Pol\u00edcia Civil, onde a moto foi devolvida &hellip;<\/p>\n","protected":false},"author":1,"featured_media":2803,"comment_status":"open","ping_status":"open","sticky":false,"template":"","format":"standard","meta":{"_jetpack_memberships_contains_paid_content":false,"footnotes":"","jetpack_publicize_message":"","jetpack_publicize_feature_enabled":true,"jetpack_social_post_already_shared":false,"jetpack_social_options":{"image_generator_settings":{"template":"highway","default_image_id":0,"enabled":false},"version":2}},"categories":[7],"tags":[],"class_list":["post-2802","post","type-post","status-publish","format-standard","has-post-thumbnail","hentry","category-politica"],"jetpack_publicize_connections":[],"jetpack_featured_media_url":"https:\/\/i0.wp.com\/www.paparazzinews.com.br\/wp-content\/uploads\/2023\/05\/344255117_1480929086066419_6625137479951072274_n-e1683038782194.jpg?fit=1000%2C1333&ssl=1","views":"4916","jetpack_likes_enabled":true,"jetpack_sharing_enabled":true,"_links":{"self":[{"href":"https:\/\/www.paparazzinews.com.br\/index.php?rest_route=\/wp\/v2\/posts\/2802","targetHints":{"allow":["GET"]}}],"collection":[{"href":"https:\/\/www.paparazzinews.com.br\/index.php?rest_route=\/wp\/v2\/posts"}],"about":[{"href":"https:\/\/www.paparazzinews.com.br\/index.php?rest_route=\/wp\/v2\/types\/post"}],"author":[{"embeddable":true,"href":"https:\/\/www.paparazzinews.com.br\/index.php?rest_route=\/wp\/v2\/users\/1"}],"replies":[{"embeddable":true,"href":"https:\/\/www.paparazzinews.com.br\/index.php?rest_route=%2Fwp%2Fv2%2Fcomments&post=2802"}],"version-history":[{"count":1,"href":"https:\/\/www.paparazzinews.com.br\/index.php?rest_route=\/wp\/v2\/posts\/2802\/revisions"}],"predecessor-version":[{"id":2804,"href":"https:\/\/www.paparazzinews.com.br\/index.php?rest_route=\/wp\/v2\/posts\/2802\/revisions\/2804"}],"wp:featuredmedia":[{"embeddable":true,"href":"https:\/\/www.paparazzinews.com.br\/index.php?rest_route=\/wp\/v2\/media\/2803"}],"wp:attachment":[{"href":"https:\/\/www.paparazzinews.com.br\/index.php?rest_route=%2Fwp%2Fv2%2Fmedia&parent=2802"}],"wp:term":[{"taxonomy":"category","embeddable":true,"href":"https:\/\/www.paparazzinews.com.br\/index.php?rest_route=%2Fwp%2Fv2%2Fcategories&post=2802"},{"taxonomy":"post_tag","embeddable":true,"href":"https:\/\/www.paparazzinews.com.br\/index.php?rest_route=%2Fwp%2Fv2%2Ftags&post=2802"}],"curies":[{"name":"wp","href":"https:\/\/api.w.org\/{rel}","templated":true}]}}