{"id":2799,"date":"2023-05-02T11:36:53","date_gmt":"2023-05-02T14:36:53","guid":{"rendered":"https:\/\/www.paparazzinews.com.br\/?p=2799"},"modified":"2023-05-02T11:36:54","modified_gmt":"2023-05-02T14:36:54","slug":"o-que-ele-vai-falar-primeiro-livro-de-ronaldo-pazini-sobre-autismo-e-lancado","status":"publish","type":"post","link":"https:\/\/www.paparazzinews.com.br\/?p=2799","title":{"rendered":"\u201cO que ele vai falar primeiro?\u201d, livro de Ronaldo Pazini sobre Autismo, \u00e9 lan\u00e7ado"},"content":{"rendered":"\n<p>O livro \u201cO que ele vai falar primeiro? Como desenvolver as habilidades psicomotoras de crian\u00e7as com Transtorno do Espectro do Autismo (TEA)\u201d, de Ronaldo Pazini, agora tamb\u00e9m \u00e9 audiolivro. Na obra, o autor compartilha sua viv\u00eancia com o filho autista, al\u00e9m de ampla experi\u00eancia profissional na \u00e1rea. Com quatro horas de dura\u00e7\u00e3o e dispon\u00edvel no&nbsp;<a href=\"http:\/\/www.tocalivros.com\/\" target=\"_blank\" rel=\"noreferrer noopener\">www.tocalivros.com<\/a>, o material \u00e9 destinado a todos \u00e0queles que se interessem pela tem\u00e1tica, seja por conviv\u00eancia familiar ou profissional com um autista, ou para fins educacionais.&nbsp;<\/p>\n\n\n\n<p>Lan\u00e7ado em 2021 pela Editora La\u00e7os, inicialmente em formato impresso, o t\u00edtulo foi concebido quando Pazini enxergou a necessidade de tornar p\u00fablico o dia a dia com o filho, Lu\u00eds Felipe, portador de TEA e que foi diagnosticado aos 4 anos. Os 5 mil exemplares disponibilizados comercialmente na \u00e9poca se esgotaram rapidamente.&nbsp;<\/p>\n\n\n\n<p>O autor tamb\u00e9m divide no livro sua experi\u00eancia como educador, expondo as conquistas e os desafios profissionais no atendimento a crian\u00e7as e a jovens autistas. O preconceito e a falta de conhecimento acerca do assunto n\u00e3o foram esquecidos na obra:&nbsp;<\/p>\n\n\n\n<p>\u201cMilh\u00f5es de fam\u00edlias brasileiras passam por muitas dificuldades e obst\u00e1culos no cotidiano para o desenvolvimento de seus filhos autistas, e n\u00e3o podemos nos esquecer, ainda, do preconceito e do desconhecimento que atrapalham e muito este processo, bem como a burocracia na busca por laudos e por tratamento adequado. \u00c9 tudo muito dif\u00edcil, n\u00e3o se pode negar. Sendo assim, quis compartilhar em livro o que j\u00e1 sabia, a fim de ajudar mais pessoas\u201d, complementa Pazini, que, al\u00e9m de psicomotrista, \u00e9 professor universit\u00e1rio e mestre Educa\u00e7\u00e3o F\u00edsica, com mais de 18 anos de experi\u00eancia.&nbsp;<\/p>\n\n\n\n<p>No livro, o especialista joga luzes nas pol\u00edticas p\u00fablicas que contribuem para o desenvolvimento de crian\u00e7as e de jovens autistas e destaca como fundamental o uso da Psicomotricidade face a habilidades espec\u00edficas no contexto da linguagem corporal:&nbsp;<\/p>\n\n\n\n<p>\u201cTudo isso \u00e9 importante quando falamos em comportamento e na sociabiliza\u00e7\u00e3o de quem tem TEA e que precisa de est\u00edmulos adequados, inclusive para melhor se expressar\u201d.&nbsp;<\/p>\n\n\n\n<p>O audiobook de \u201cO que ele vai falar primeiro?\u201d tem dura\u00e7\u00e3o de pouco mais de quatro horas. A narra\u00e7\u00e3o \u00e9 de Douglas Soares. O conte\u00fado est\u00e1 dispon\u00edvel para compra, no Clube do Audiolivro e para assinatura ilimitada na plataforma Tocalivros (<a href=\"https:\/\/www.tocalivros.com\/\" target=\"_blank\" rel=\"noreferrer noopener\">https:\/\/www.tocalivros.com\/<\/a>).&nbsp;<\/p>\n\n\n\n<p>\u201cEste formato amplia o alcance do tema \u00e0 sociedade. Estamos tornando a obra acess\u00edvel, inclusive, para pessoas com defici\u00eancia visual. Tamb\u00e9m considero o audiolivro mais pr\u00e1tico, uma vez que \u00e9 poss\u00edvel ouvi-lo em deslocamento, com comodidade, indo para o trabalho, em viagem com a fam\u00edlia, ou seja, em diversas situa\u00e7\u00f5es\u201d, diz.&nbsp;<\/p>\n\n\n\n<p><em><u>SERVI\u00c7O:&nbsp;<\/u><\/em><\/p>\n\n\n\n<p><strong>Audiolivro &#8211; \u201cO que ele vai falar primeiro? Como desenvolver as habilidades psicomotoras de crian\u00e7as com Transtorno do Espectro do Autismo (TEA)\u201d&nbsp;<\/strong><\/p>\n\n\n\n<p>Autor: Ronaldo Pazini&nbsp;<\/p>\n\n\n\n<p>Narrador: Douglas Soares&nbsp;<\/p>\n\n\n\n<p>Dura\u00e7\u00e3o: 4h13m55s&nbsp;<\/p>\n\n\n\n<p>Produ\u00e7\u00e3o: Tocalivros Studios&nbsp;<\/p>\n\n\n\n<p>Selo: Editora La\u00e7os&nbsp;<\/p>\n\n\n\n<p>Dispon\u00edvel: Compra, Clube do Audiolivro e Assinatura Ilimitada (<a href=\"https:\/\/www.tocalivros.com\/\" target=\"_blank\" rel=\"noreferrer noopener\">https:\/\/www.tocalivros.com\/<\/a>)&nbsp;<\/p>\n","protected":false},"excerpt":{"rendered":"<p>O livro \u201cO que ele vai falar primeiro? Como desenvolver as habilidades psicomotoras de crian\u00e7as com Transtorno do Espectro do Autismo (TEA)\u201d, de Ronaldo Pazini, agora tamb\u00e9m \u00e9 audiolivro. Na obra, o autor compartilha sua viv\u00eancia com o filho autista, al\u00e9m de ampla experi\u00eancia profissional na \u00e1rea. Com quatro horas de dura\u00e7\u00e3o e dispon\u00edvel no&nbsp;www.tocalivros.com, &hellip;<\/p>\n","protected":false},"author":1,"featured_media":2800,"comment_status":"open","ping_status":"open","sticky":false,"template":"","format":"standard","meta":{"_jetpack_memberships_contains_paid_content":false,"footnotes":"","jetpack_publicize_message":"","jetpack_publicize_feature_enabled":true,"jetpack_social_post_already_shared":false,"jetpack_social_options":{"image_generator_settings":{"template":"highway","default_image_id":0,"enabled":false},"version":2}},"categories":[4],"tags":[],"class_list":["post-2799","post","type-post","status-publish","format-standard","has-post-thumbnail","hentry","category-regiao"],"jetpack_publicize_connections":[],"jetpack_featured_media_url":"https:\/\/i0.wp.com\/www.paparazzinews.com.br\/wp-content\/uploads\/2023\/05\/Foto-4-Ronaldo-Pazini-e-a-familia.jpeg?fit=963%2C994&ssl=1","views":"2972","jetpack_likes_enabled":true,"jetpack_sharing_enabled":true,"_links":{"self":[{"href":"https:\/\/www.paparazzinews.com.br\/index.php?rest_route=\/wp\/v2\/posts\/2799","targetHints":{"allow":["GET"]}}],"collection":[{"href":"https:\/\/www.paparazzinews.com.br\/index.php?rest_route=\/wp\/v2\/posts"}],"about":[{"href":"https:\/\/www.paparazzinews.com.br\/index.php?rest_route=\/wp\/v2\/types\/post"}],"author":[{"embeddable":true,"href":"https:\/\/www.paparazzinews.com.br\/index.php?rest_route=\/wp\/v2\/users\/1"}],"replies":[{"embeddable":true,"href":"https:\/\/www.paparazzinews.com.br\/index.php?rest_route=%2Fwp%2Fv2%2Fcomments&post=2799"}],"version-history":[{"count":1,"href":"https:\/\/www.paparazzinews.com.br\/index.php?rest_route=\/wp\/v2\/posts\/2799\/revisions"}],"predecessor-version":[{"id":2801,"href":"https:\/\/www.paparazzinews.com.br\/index.php?rest_route=\/wp\/v2\/posts\/2799\/revisions\/2801"}],"wp:featuredmedia":[{"embeddable":true,"href":"https:\/\/www.paparazzinews.com.br\/index.php?rest_route=\/wp\/v2\/media\/2800"}],"wp:attachment":[{"href":"https:\/\/www.paparazzinews.com.br\/index.php?rest_route=%2Fwp%2Fv2%2Fmedia&parent=2799"}],"wp:term":[{"taxonomy":"category","embeddable":true,"href":"https:\/\/www.paparazzinews.com.br\/index.php?rest_route=%2Fwp%2Fv2%2Fcategories&post=2799"},{"taxonomy":"post_tag","embeddable":true,"href":"https:\/\/www.paparazzinews.com.br\/index.php?rest_route=%2Fwp%2Fv2%2Ftags&post=2799"}],"curies":[{"name":"wp","href":"https:\/\/api.w.org\/{rel}","templated":true}]}}