{"id":2791,"date":"2023-04-28T15:12:56","date_gmt":"2023-04-28T18:12:56","guid":{"rendered":"https:\/\/www.paparazzinews.com.br\/?p=2791"},"modified":"2023-04-28T15:12:57","modified_gmt":"2023-04-28T18:12:57","slug":"integrantes-de-faccao-sao-condenados-em-andradina-pena-minima-foi-de-17-anos","status":"publish","type":"post","link":"https:\/\/www.paparazzinews.com.br\/?p=2791","title":{"rendered":"Integrantes de fac\u00e7\u00e3o s\u00e3o condenados em Andradina; pena m\u00ednima foi de 17 anos"},"content":{"rendered":"\n<p>O Tribunal do J\u00fari de Andradina condenou os tr\u00eas detentos acusados de matar um colega de cela, no interior da penitenci\u00e1ria local, em julgamento ocorrido na quarta-feira (26).<\/p>\n\n\n\n<p>&nbsp;&nbsp;&nbsp;&nbsp;&nbsp;&nbsp;&nbsp;&nbsp;&nbsp;&nbsp;&nbsp; Para Carlos Henrique Gomes Souza, de 23 anos, a pena foi de <em>17 (dezessete) anos e 10 (dez) meses de reclus\u00e3o, no regime inicial FECHADO.<\/em><\/p>\n\n\n\n<p>Tallys dos Santos Ramos, o \u201cZoio de Gato\u201d, 25, <em>&nbsp;pena de 20 (vinte) anos, 09 (nove) meses e 20 (vinte) dias de reclus\u00e3o, no regime inicial FECHADO.<\/em><\/p>\n\n\n\n<p>Haroldo Biserra Amorim, o \u201cPr\u00edncipe\u201d, 30, <em>a pena de 24 (vinte e quatro) anos, 3 (tr\u00eas) meses e 02 (dois) dias de reclus\u00e3o, no regime inicial FECHADO.<\/em><\/p>\n\n\n\n<p>&nbsp;Os tr\u00eas assassinaram Jo\u00e3o Paulo Santos Oliveira, ent\u00e3o com 25 anos, na noite de 31 de janeiro de 2022.<\/p>\n\n\n\n<p>&nbsp;&nbsp;&nbsp;&nbsp;&nbsp;&nbsp;&nbsp;&nbsp;&nbsp;&nbsp;&nbsp; De acordo com o processo, os r\u00e9us pertencem \u00e0 fac\u00e7\u00e3o criminosa \u201cParceria do Bonde do Cerol Fininho\u201d e estavam numa mesma cela com a v\u00edtima.<\/p>\n\n\n\n<p>&nbsp;&nbsp;&nbsp;&nbsp;&nbsp;&nbsp;&nbsp;&nbsp;&nbsp;&nbsp;&nbsp; Segundo a den\u00fancia do Minist\u00e9rio P\u00fablico, os acusados tomaram conhecimento que Jo\u00e3o Paulo Santos Oliveira havia matado a facadas a pr\u00f3pria m\u00e3e e n\u00e3o aceitavam isso por ser \u201cnorma\u201d da fac\u00e7\u00e3o, por isso resolveram assassin\u00e1-lo.<\/p>\n\n\n\n<p>&nbsp;&nbsp;&nbsp;&nbsp;&nbsp;&nbsp;&nbsp;&nbsp;&nbsp;&nbsp;&nbsp; A v\u00edtima foi esganada com um cord\u00e3o e depois teve o pesco\u00e7o cortado com uma l\u00e2mina.<\/p>\n\n\n\n<p>Segundo os pr\u00f3prios acusados do crime, eles ainda pisaram no peito e no pesco\u00e7o da v\u00edtima para acelerar sua morte, a qual, no entanto, demorou cerca de 20 minutos.<\/p>\n","protected":false},"excerpt":{"rendered":"<p>O Tribunal do J\u00fari de Andradina condenou os tr\u00eas detentos acusados de matar um colega de cela, no interior da penitenci\u00e1ria local, em julgamento ocorrido na quarta-feira (26). &nbsp;&nbsp;&nbsp;&nbsp;&nbsp;&nbsp;&nbsp;&nbsp;&nbsp;&nbsp;&nbsp; Para Carlos Henrique Gomes Souza, de 23 anos, a pena foi de 17 (dezessete) anos e 10 (dez) meses de reclus\u00e3o, no regime inicial FECHADO. Tallys &hellip;<\/p>\n","protected":false},"author":1,"featured_media":2792,"comment_status":"open","ping_status":"open","sticky":false,"template":"","format":"standard","meta":{"_jetpack_memberships_contains_paid_content":false,"footnotes":"","jetpack_publicize_message":"","jetpack_publicize_feature_enabled":true,"jetpack_social_post_already_shared":false,"jetpack_social_options":{"image_generator_settings":{"template":"highway","default_image_id":0,"enabled":false},"version":2}},"categories":[3],"tags":[],"class_list":["post-2791","post","type-post","status-publish","format-standard","has-post-thumbnail","hentry","category-policial"],"jetpack_publicize_connections":[],"jetpack_featured_media_url":"https:\/\/i0.wp.com\/www.paparazzinews.com.br\/wp-content\/uploads\/2023\/04\/d1042377-675c-4d79-a501-7f08df169f14-e1682705532619.jpg?fit=1000%2C450&ssl=1","views":"4740","jetpack_likes_enabled":true,"jetpack_sharing_enabled":true,"_links":{"self":[{"href":"https:\/\/www.paparazzinews.com.br\/index.php?rest_route=\/wp\/v2\/posts\/2791","targetHints":{"allow":["GET"]}}],"collection":[{"href":"https:\/\/www.paparazzinews.com.br\/index.php?rest_route=\/wp\/v2\/posts"}],"about":[{"href":"https:\/\/www.paparazzinews.com.br\/index.php?rest_route=\/wp\/v2\/types\/post"}],"author":[{"embeddable":true,"href":"https:\/\/www.paparazzinews.com.br\/index.php?rest_route=\/wp\/v2\/users\/1"}],"replies":[{"embeddable":true,"href":"https:\/\/www.paparazzinews.com.br\/index.php?rest_route=%2Fwp%2Fv2%2Fcomments&post=2791"}],"version-history":[{"count":1,"href":"https:\/\/www.paparazzinews.com.br\/index.php?rest_route=\/wp\/v2\/posts\/2791\/revisions"}],"predecessor-version":[{"id":2793,"href":"https:\/\/www.paparazzinews.com.br\/index.php?rest_route=\/wp\/v2\/posts\/2791\/revisions\/2793"}],"wp:featuredmedia":[{"embeddable":true,"href":"https:\/\/www.paparazzinews.com.br\/index.php?rest_route=\/wp\/v2\/media\/2792"}],"wp:attachment":[{"href":"https:\/\/www.paparazzinews.com.br\/index.php?rest_route=%2Fwp%2Fv2%2Fmedia&parent=2791"}],"wp:term":[{"taxonomy":"category","embeddable":true,"href":"https:\/\/www.paparazzinews.com.br\/index.php?rest_route=%2Fwp%2Fv2%2Fcategories&post=2791"},{"taxonomy":"post_tag","embeddable":true,"href":"https:\/\/www.paparazzinews.com.br\/index.php?rest_route=%2Fwp%2Fv2%2Ftags&post=2791"}],"curies":[{"name":"wp","href":"https:\/\/api.w.org\/{rel}","templated":true}]}}