{"id":2785,"date":"2023-04-28T15:04:28","date_gmt":"2023-04-28T18:04:28","guid":{"rendered":"https:\/\/www.paparazzinews.com.br\/?p=2785"},"modified":"2023-04-28T15:04:29","modified_gmt":"2023-04-28T18:04:29","slug":"ipem-fiscaliza-mais-de-15-mil-capacetes-existentes-em-mais-de-100-estabelecimentos","status":"publish","type":"post","link":"https:\/\/www.paparazzinews.com.br\/?p=2785","title":{"rendered":"Ipem fiscaliza mais de 15 mil capacetes existentes em mais de 100 estabelecimentos"},"content":{"rendered":"\n<p>O Ipem-SP (Instituto de Pesos e Medidas do Estado de S\u00e3o Paulo), autarquia do Governo do Estado, vinculada \u00e0 Secretaria da Justi\u00e7a e Cidadania, e \u00f3rg\u00e3o delegado do Inmetro,&nbsp;que tem como objetivo a prote\u00e7\u00e3o para o consumo,&nbsp;integrou no per\u00edodo de 24 a 28 de abril, mais uma etapa&nbsp;do Plano Nacional de Vigil\u00e2ncia de Mercado do Inmetro, a\u00e7\u00e3o nacional, com o foco na orienta\u00e7\u00e3o aos estabelecimentos comerciais varejistas e atacadistas por meio de visitas a fim de conscientizar desde o revendedor at\u00e9 o consumidor final, de que muitas vidas s\u00e3o salvas com o uso e conserva\u00e7\u00e3o corretos do capacete.&nbsp;<\/p>\n\n\n\n<p>No Estado de S\u00e3o Paulo a&nbsp;a\u00e7\u00e3o ocorreu em estabelecimentos que comercializam capacetes utilizados nos ciclomotores, motonetas e motocicletas, como dispositivo de seguran\u00e7a, na capital e nas cidades de Americana, Diadema, Limeira, Mau\u00e1, Mirassol, Osasco, Piracicaba, Ribeir\u00e3o Pires, Santo Andr\u00e9, S\u00e3o Bernardo do Campo, S\u00e3o Caetano do Sul, S\u00e3o Jos\u00e9 dos Campos, S\u00e3o Jos\u00e9 do Rio Preto e Suzano.&nbsp;&nbsp;<\/p>\n\n\n\n<p>As equipes do Ipem-SP visitaram 110 estabelecimentos comerciais para verificar se os capacetes atendem requisitos t\u00e9cnicos e \u00e0s obriga\u00e7\u00f5es estabelecidas na regulamenta\u00e7\u00e3o do selo ou etiqueta interna do Inmetro.&nbsp;Ao todo foram 15.750 capacetes verificados.&nbsp;&nbsp;<\/p>\n\n\n\n<p>Segundo o superintendente do Ipem-SP, Marcos Heleno Guerson de Oliveira Junior, \u201ca opera\u00e7\u00e3o tem car\u00e1ter orientativo e ser\u00e1 concedido um prazo para corre\u00e7\u00e3o para os comerciantes regularizem caso seja encontrado produtos que n\u00e3o est\u00e3o em conformidade com a legisla\u00e7\u00e3o vigente\u201d, explicou.&nbsp;&nbsp;<\/p>\n\n\n\n<p>Capacete \u00e9 um dispositivo de seguran\u00e7a com certifica\u00e7\u00e3o compuls\u00f3ria e deve ter o Selo Inmetro. Quem trafega em motocicletas deve sempre utilizar o capacete, pois ele reduz o risco de morte e de ferimentos cerebrais.&nbsp;&nbsp;<\/p>\n\n\n\n<p>Como o capacete \u00e9 regulamentado pelo Inmetro, o fornecedor deve manter de forma obrigat\u00f3ria no capacete as seguintes informa\u00e7\u00f5es: &nbsp;&nbsp;<\/p>\n\n\n\n<p>&#8211; Nome do fabricante\/importador, com refer\u00eancia de endere\u00e7o ou telefone; &nbsp;&nbsp;<\/p>\n\n\n\n<p>&#8211; M\u00eas e ano da fabrica\u00e7\u00e3o; &nbsp;&nbsp;<\/p>\n\n\n\n<p>&#8211; Tamanho do capacete em cm; &nbsp;&nbsp;<\/p>\n\n\n\n<p>&#8211; N\u00famero e ano da norma t\u00e9cnica; &nbsp;&nbsp;<\/p>\n\n\n\n<p>&#8211; Os dizeres: \u201cEste capacete foi fabricado para absorver parte da energia de um impacto pela destrui\u00e7\u00e3o parcial ou total de seus componentes. Este capacete deve ser substitu\u00eddo ap\u00f3s qualquer choque grave, mesmo que n\u00e3o haja danos vis\u00edveis\u201d. &#8211; \u201cEste produto \u00e9 um bem dur\u00e1vel\u201d; e&nbsp;<\/p>\n\n\n\n<p>&#8211;&nbsp;&nbsp;Selo de identifica\u00e7\u00e3o da Conformidade costurado no sistema de reten\u00e7\u00e3o do capacete, de forma clara e duradoura, de acordo com as dimens\u00f5es m\u00ednimas estabelecidas.&nbsp;<\/p>\n\n\n\n<p>Al\u00e9m de marca\u00e7\u00e3o clara e duradoura em etiqueta interna, n\u00e3o \u00e9 permitida a inser\u00e7\u00e3o de nenhuma informa\u00e7\u00e3o ap\u00f3s a sua confec\u00e7\u00e3o.&nbsp;&nbsp;<\/p>\n\n\n\n<p>O fornecedor deve descrever na etiqueta informativa (externa) do produto a forma correta da utiliza\u00e7\u00e3o dos acess\u00f3rios no capacete.&nbsp;&nbsp;<\/p>\n\n\n\n<p>Al\u00e9m disso, o Selo de Identifica\u00e7\u00e3o da Conformidade externo (redondo) deve ser afixado na parte traseira do capacete e deve ser indel\u00e9vel, resistente ao arrancamento e \u00e0s intemp\u00e9ries.&nbsp;&nbsp;<\/p>\n\n\n\n<p><strong>Ipem-SP<\/strong>&nbsp;&nbsp;&nbsp;&nbsp;<\/p>\n\n\n\n<p>O Ipem-SP \u00e9 uma autarquia vinculada \u00e0 Secretaria da Justi\u00e7a e Cidadania do Governo do Estado de S\u00e3o Paulo e \u00f3rg\u00e3o delegado do Inmetro. Com uma equipe de fiscaliza\u00e7\u00e3o formada por especialistas e t\u00e9cnicos, realiza diariamente, em todo o Estado de S\u00e3o Paulo, opera\u00e7\u00f5es de fiscaliza\u00e7\u00f5es rotineiras em balan\u00e7as, bombas de combust\u00edveis, medidores de press\u00e3o arterial, tax\u00edmetros, radares, capacetes de motociclistas, brinquedos, cadeiras de carro para crian\u00e7as, pe\u00e7as de roupa, cama, mesa e banho, botij\u00f5es de g\u00e1s, entre outros materiais. \u00c9 seu papel tamb\u00e9m proteger o consumidor para que este leve para casa a quantidade exata de produto pela qual pagou. Quem desconfiar ou encontrar irregularidades pode recorrer ao servi\u00e7o da Ouvidoria, no telefone 0800 013 05 22, de segunda a sexta, das 8h \u00e0s 17h, enviar e-mail para&nbsp;<a href=\"mailto:ouvidoria@ipem.sp.gov.br\" target=\"_blank\" rel=\"noreferrer noopener\">ouvidoria@ipem.sp.gov.br<\/a>&nbsp;ou&nbsp;&nbsp;<a href=\"http:\/\/www.ipem.sp.gov.br\/\" target=\"_blank\" rel=\"noreferrer noopener\">www.ipem.sp.gov.br<\/a>&nbsp;&nbsp;&nbsp;&nbsp;<\/p>\n","protected":false},"excerpt":{"rendered":"<p>O Ipem-SP (Instituto de Pesos e Medidas do Estado de S\u00e3o Paulo), autarquia do Governo do Estado, vinculada \u00e0 Secretaria da Justi\u00e7a e Cidadania, e \u00f3rg\u00e3o delegado do Inmetro,&nbsp;que tem como objetivo a prote\u00e7\u00e3o para o consumo,&nbsp;integrou no per\u00edodo de 24 a 28 de abril, mais uma etapa&nbsp;do Plano Nacional de Vigil\u00e2ncia de Mercado do &hellip;<\/p>\n","protected":false},"author":1,"featured_media":2786,"comment_status":"open","ping_status":"open","sticky":false,"template":"","format":"standard","meta":{"_jetpack_memberships_contains_paid_content":false,"footnotes":"","jetpack_publicize_message":"","jetpack_publicize_feature_enabled":true,"jetpack_social_post_already_shared":false,"jetpack_social_options":{"image_generator_settings":{"template":"highway","default_image_id":0,"enabled":false},"version":2}},"categories":[4],"tags":[],"class_list":["post-2785","post","type-post","status-publish","format-standard","has-post-thumbnail","hentry","category-regiao"],"jetpack_publicize_connections":[],"jetpack_featured_media_url":"https:\/\/i0.wp.com\/www.paparazzinews.com.br\/wp-content\/uploads\/2023\/04\/IpemSPcapacetes28042023-e1682705033225.jpg?fit=1000%2C751&ssl=1","views":"3195","jetpack_likes_enabled":true,"jetpack_sharing_enabled":true,"_links":{"self":[{"href":"https:\/\/www.paparazzinews.com.br\/index.php?rest_route=\/wp\/v2\/posts\/2785","targetHints":{"allow":["GET"]}}],"collection":[{"href":"https:\/\/www.paparazzinews.com.br\/index.php?rest_route=\/wp\/v2\/posts"}],"about":[{"href":"https:\/\/www.paparazzinews.com.br\/index.php?rest_route=\/wp\/v2\/types\/post"}],"author":[{"embeddable":true,"href":"https:\/\/www.paparazzinews.com.br\/index.php?rest_route=\/wp\/v2\/users\/1"}],"replies":[{"embeddable":true,"href":"https:\/\/www.paparazzinews.com.br\/index.php?rest_route=%2Fwp%2Fv2%2Fcomments&post=2785"}],"version-history":[{"count":1,"href":"https:\/\/www.paparazzinews.com.br\/index.php?rest_route=\/wp\/v2\/posts\/2785\/revisions"}],"predecessor-version":[{"id":2787,"href":"https:\/\/www.paparazzinews.com.br\/index.php?rest_route=\/wp\/v2\/posts\/2785\/revisions\/2787"}],"wp:featuredmedia":[{"embeddable":true,"href":"https:\/\/www.paparazzinews.com.br\/index.php?rest_route=\/wp\/v2\/media\/2786"}],"wp:attachment":[{"href":"https:\/\/www.paparazzinews.com.br\/index.php?rest_route=%2Fwp%2Fv2%2Fmedia&parent=2785"}],"wp:term":[{"taxonomy":"category","embeddable":true,"href":"https:\/\/www.paparazzinews.com.br\/index.php?rest_route=%2Fwp%2Fv2%2Fcategories&post=2785"},{"taxonomy":"post_tag","embeddable":true,"href":"https:\/\/www.paparazzinews.com.br\/index.php?rest_route=%2Fwp%2Fv2%2Ftags&post=2785"}],"curies":[{"name":"wp","href":"https:\/\/api.w.org\/{rel}","templated":true}]}}