{"id":2745,"date":"2023-04-25T16:19:12","date_gmt":"2023-04-25T19:19:12","guid":{"rendered":"https:\/\/www.paparazzinews.com.br\/?p=2745"},"modified":"2023-04-25T16:19:13","modified_gmt":"2023-04-25T19:19:13","slug":"santa-casa-de-andradina-faz-alerta-sobre-superlotacao-vinda-de-ubss-e-upa","status":"publish","type":"post","link":"https:\/\/www.paparazzinews.com.br\/?p=2745","title":{"rendered":"Santa Casa de Andradina faz alerta sobre superlota\u00e7\u00e3o vinda de UBSs e UPA"},"content":{"rendered":"\n<p>A superlota\u00e7\u00e3o da Santa Casa reflete diretamente no atendimento de sa\u00fade a moradores do munic\u00edpio, por ser refer\u00eancia na regula\u00e7\u00e3o de vagas.<\/p>\n\n\n\n<p>Com o aumento nos casos de doen\u00e7as respirat\u00f3rias como asma, gripes, bronquiolites, sinusite e pneumonia em crian\u00e7as e adolescentes, a Santa Casa de Andradina est\u00e1 atuando com superlota\u00e7\u00e3o dos leitos, devido \u00e0 falta de estrutura nas unidades <a><\/a>b\u00e1sicas de sa\u00fade do munic\u00edpio, que n\u00e3o tem capacidade para suportar a demanda que j\u00e1 \u00e9 prevista para o per\u00edodo.<\/p>\n\n\n\n<p>Seguindo a determina\u00e7\u00e3o do COREN (Conselho Regional de Enfermagem), o setor pedi\u00e1trico do hospital de Andradina, disp\u00f5e de 8 leitos que seguem a dias, lotados.<\/p>\n\n\n\n<p>\u201cMuita interna\u00e7\u00e3o e pouco recurso\u201d afirma a Gerente Tecnica, Sandra Chagas que j\u00e1 trabalha em um novo planejamento de leitos. \u201cO hospital est\u00e1 fazendo o poss\u00edvel para atender a demanda crescente de interna\u00e7\u00e3o de crian\u00e7a com quadros graves de doen\u00e7as respirat\u00f3rias,necessitando de leitos, mais do que a capacidade dispon\u00edvel\u201d.<\/p>\n\n\n\n<p>De acordo com a Secretaria de Sa\u00fade do Estado de S\u00e3o Paulo, a principal causa das interna\u00e7\u00f5es s\u00e3o os v\u00edrus que causam doen\u00e7as respirat\u00f3rias, como resfriado, bronquite e at\u00e9 pneumonia. Os casos costumam aumentar nessa \u00e9poca do ano, entre o fim do outono e a entrada do inverno. Conforme a pasta estadual, a demanda alta exige monitoramento permanente do cen\u00e1rio epidemiol\u00f3gico, com base nos indicadores, principalmente os de interna\u00e7\u00e3o, que s\u00e3o avaliados em tempo real. Al\u00e9m de fortalecer os servi\u00e7os de sa\u00fade estaduais para atender pacientes com covid-19 e outras patologias, a pasta mant\u00e9m di\u00e1logo com gestores regionais para an\u00e1lises t\u00e9cnicas e defini\u00e7\u00e3o das estrat\u00e9gias assistenciais.<\/p>\n\n\n\n<p>Por\u00e9m, em Andradina o d\u00e9ficit de estrat\u00e9gias para esse atendimento na sa\u00fade municipal, est\u00e1 sobrecarregando a rotina da Santa Casa que \u00e9 refer\u00eancia na regula\u00e7\u00e3o de vagas.<\/p>\n","protected":false},"excerpt":{"rendered":"<p>A superlota\u00e7\u00e3o da Santa Casa reflete diretamente no atendimento de sa\u00fade a moradores do munic\u00edpio, por ser refer\u00eancia na regula\u00e7\u00e3o de vagas. Com o aumento nos casos de doen\u00e7as respirat\u00f3rias como asma, gripes, bronquiolites, sinusite e pneumonia em crian\u00e7as e adolescentes, a Santa Casa de Andradina est\u00e1 atuando com superlota\u00e7\u00e3o dos leitos, devido \u00e0 falta &hellip;<\/p>\n","protected":false},"author":1,"featured_media":2746,"comment_status":"open","ping_status":"open","sticky":false,"template":"","format":"standard","meta":{"_jetpack_memberships_contains_paid_content":false,"footnotes":"","jetpack_publicize_message":"","jetpack_publicize_feature_enabled":true,"jetpack_social_post_already_shared":false,"jetpack_social_options":{"image_generator_settings":{"template":"highway","default_image_id":0,"enabled":false},"version":2}},"categories":[4],"tags":[],"class_list":["post-2745","post","type-post","status-publish","format-standard","has-post-thumbnail","hentry","category-regiao"],"jetpack_publicize_connections":[],"jetpack_featured_media_url":"https:\/\/i0.wp.com\/www.paparazzinews.com.br\/wp-content\/uploads\/2023\/04\/343112278_749810220138974_5594243194084471710_n.jpg?fit=719%2C719&ssl=1","views":"4330","jetpack_likes_enabled":true,"jetpack_sharing_enabled":true,"_links":{"self":[{"href":"https:\/\/www.paparazzinews.com.br\/index.php?rest_route=\/wp\/v2\/posts\/2745","targetHints":{"allow":["GET"]}}],"collection":[{"href":"https:\/\/www.paparazzinews.com.br\/index.php?rest_route=\/wp\/v2\/posts"}],"about":[{"href":"https:\/\/www.paparazzinews.com.br\/index.php?rest_route=\/wp\/v2\/types\/post"}],"author":[{"embeddable":true,"href":"https:\/\/www.paparazzinews.com.br\/index.php?rest_route=\/wp\/v2\/users\/1"}],"replies":[{"embeddable":true,"href":"https:\/\/www.paparazzinews.com.br\/index.php?rest_route=%2Fwp%2Fv2%2Fcomments&post=2745"}],"version-history":[{"count":1,"href":"https:\/\/www.paparazzinews.com.br\/index.php?rest_route=\/wp\/v2\/posts\/2745\/revisions"}],"predecessor-version":[{"id":2747,"href":"https:\/\/www.paparazzinews.com.br\/index.php?rest_route=\/wp\/v2\/posts\/2745\/revisions\/2747"}],"wp:featuredmedia":[{"embeddable":true,"href":"https:\/\/www.paparazzinews.com.br\/index.php?rest_route=\/wp\/v2\/media\/2746"}],"wp:attachment":[{"href":"https:\/\/www.paparazzinews.com.br\/index.php?rest_route=%2Fwp%2Fv2%2Fmedia&parent=2745"}],"wp:term":[{"taxonomy":"category","embeddable":true,"href":"https:\/\/www.paparazzinews.com.br\/index.php?rest_route=%2Fwp%2Fv2%2Fcategories&post=2745"},{"taxonomy":"post_tag","embeddable":true,"href":"https:\/\/www.paparazzinews.com.br\/index.php?rest_route=%2Fwp%2Fv2%2Ftags&post=2745"}],"curies":[{"name":"wp","href":"https:\/\/api.w.org\/{rel}","templated":true}]}}