{"id":2730,"date":"2023-04-25T15:27:30","date_gmt":"2023-04-25T18:27:30","guid":{"rendered":"https:\/\/www.paparazzinews.com.br\/?p=2730"},"modified":"2023-04-25T15:27:31","modified_gmt":"2023-04-25T18:27:31","slug":"o-loco-meu-alunos-do-armel-miranda-de-castilho-participam-do-faustao-na-band","status":"publish","type":"post","link":"https:\/\/www.paparazzinews.com.br\/?p=2730","title":{"rendered":"\u00d4 loco, meu! Alunos do Armel Miranda de Castilho participam do \u2018\u2019Faust\u00e3o na Band\u2019\u2019"},"content":{"rendered":"\n<p>Ao menos 30 alunos do ensino m\u00e9dio da escola estadual Armel Miranda representaram toda a unidade educacional e Castilho na plateia do \u2018\u2019Faust\u00e3o na Band\u2019\u2019. Os jovens participaram, nesta segunda-feira (24), da grava\u00e7\u00e3o de dois programas, no Grupo Bandeirantes de Comunica\u00e7\u00e3o, em S\u00e3o Paulo. A ida dos alunos \u00e0 emissora faz parte de um projeto de comunica\u00e7\u00e3o desenvolvido nas aulas pelo professor de l\u00edngua portuguesa e jornalista, Lucas Gustavo Morais de Jesus.<\/p>\n\n\n\n<p>Estiveram no Faust\u00e3o na Band alunos da eletiva \u2018\u2019A Not\u00edcia \u00e9 Nossa\u201d, tutoria do docente e gr\u00eamio estudantil \u2018\u2019Revolu\u00e7\u00e3o Jovem\u2019\u2019. No programa, al\u00e9m de prestigiarem um dos mais consagrados apresentadores do Brasil, Fausto Silva, os castilhenses puderam conhecer de perto renomados artistas. A plateia vibrou com a apresenta\u00e7\u00e3o da cantora Simone Mendes (ex-dupla de Simaria), Renato Teixeira, Sula Miranda e Chrystian (ex-dupla de Ralf).<\/p>\n\n\n\n<p>O professor Lucas Gustavo considera que a presen\u00e7a dos alunos na TV contribuiu grandemente para os trabalhos j\u00e1 desenvolvidos em sala de aula. \u2018\u2019Foi gratificante demais ver o entusiasmo de cada um durante a grava\u00e7\u00e3o do Faust\u00e3o. Eles puderam ver como funciona todo o processo de produ\u00e7\u00e3o de um grande programa televiso e quantidade de profissionais que ficam atr\u00e1s das c\u00e2meras. Sei que essa experi\u00eancia, al\u00e9m de tudo, os estudantes levar\u00e3o para toda a vida\u2019\u2019, enfatizou.<\/p>\n\n\n\n<p>A produ\u00e7\u00e3o da Band ainda n\u00e3o divulgou a data em que os programas ir\u00e3o ao ar.<\/p>\n\n\n\n<p><strong>GRATID\u00c3O<\/strong><\/p>\n\n\n\n<p>Lucas destaca que a excurs\u00e3o s\u00f3 foi poss\u00edvel gra\u00e7as ao apoio do prefeito Paulo Boaventura, j\u00e1 que o munic\u00edpio forneceu o transporte para os alunos e parte da alimenta\u00e7\u00e3o. \u2018\u2019Os estudantes e eu estendemos nossa gratid\u00e3o ao Paulinho por abra\u00e7ar nosso projeto, \u00e0 secret\u00e1ria de Educa\u00e7\u00e3o, Silvania Cintra, \u00e0 dirigente regional de Ensino, Sel\u00eania Silvia Witter de Mello, \u00e0 supervisora Cl\u00e1udia Ferraz e ao diretor Luis Aguiar Bertarelo, bem como toda a equipe gestora de nossa escola.\u2019\u2019, refor\u00e7ou.<\/p>\n\n\n\n<p>Junto de Lucas acompanharam os alunos na viagem os professores Eldelner Santos, Fl\u00e1via dos Santos Nascimento e Dan\u00fabia Fernanda de Souza, al\u00e9m do agente de organiza\u00e7\u00e3o escolar Ettore Pirani e da coordenadora de Gest\u00e3o Pedag\u00f3gica Daniela Silva Souza. Representando a Diretoria de Ensino estiveram Dyane Rojanski, Rosineide Duarte e Marcia Campos.<\/p>\n","protected":false},"excerpt":{"rendered":"<p>Ao menos 30 alunos do ensino m\u00e9dio da escola estadual Armel Miranda representaram toda a unidade educacional e Castilho na plateia do \u2018\u2019Faust\u00e3o na Band\u2019\u2019. Os jovens participaram, nesta segunda-feira (24), da grava\u00e7\u00e3o de dois programas, no Grupo Bandeirantes de Comunica\u00e7\u00e3o, em S\u00e3o Paulo. A ida dos alunos \u00e0 emissora faz parte de um projeto &hellip;<\/p>\n","protected":false},"author":1,"featured_media":2731,"comment_status":"open","ping_status":"open","sticky":false,"template":"","format":"standard","meta":{"_jetpack_memberships_contains_paid_content":false,"footnotes":"","jetpack_publicize_message":"","jetpack_publicize_feature_enabled":true,"jetpack_social_post_already_shared":false,"jetpack_social_options":{"image_generator_settings":{"template":"highway","default_image_id":0,"enabled":false},"version":2}},"categories":[4],"tags":[],"class_list":["post-2730","post","type-post","status-publish","format-standard","has-post-thumbnail","hentry","category-regiao"],"jetpack_publicize_connections":[],"jetpack_featured_media_url":"https:\/\/i0.wp.com\/www.paparazzinews.com.br\/wp-content\/uploads\/2023\/04\/440165f7-1703-4a1e-977a-f0d9bfefaf47.jpg?fit=1024%2C768&ssl=1","views":"3278","jetpack_likes_enabled":true,"jetpack_sharing_enabled":true,"_links":{"self":[{"href":"https:\/\/www.paparazzinews.com.br\/index.php?rest_route=\/wp\/v2\/posts\/2730","targetHints":{"allow":["GET"]}}],"collection":[{"href":"https:\/\/www.paparazzinews.com.br\/index.php?rest_route=\/wp\/v2\/posts"}],"about":[{"href":"https:\/\/www.paparazzinews.com.br\/index.php?rest_route=\/wp\/v2\/types\/post"}],"author":[{"embeddable":true,"href":"https:\/\/www.paparazzinews.com.br\/index.php?rest_route=\/wp\/v2\/users\/1"}],"replies":[{"embeddable":true,"href":"https:\/\/www.paparazzinews.com.br\/index.php?rest_route=%2Fwp%2Fv2%2Fcomments&post=2730"}],"version-history":[{"count":1,"href":"https:\/\/www.paparazzinews.com.br\/index.php?rest_route=\/wp\/v2\/posts\/2730\/revisions"}],"predecessor-version":[{"id":2732,"href":"https:\/\/www.paparazzinews.com.br\/index.php?rest_route=\/wp\/v2\/posts\/2730\/revisions\/2732"}],"wp:featuredmedia":[{"embeddable":true,"href":"https:\/\/www.paparazzinews.com.br\/index.php?rest_route=\/wp\/v2\/media\/2731"}],"wp:attachment":[{"href":"https:\/\/www.paparazzinews.com.br\/index.php?rest_route=%2Fwp%2Fv2%2Fmedia&parent=2730"}],"wp:term":[{"taxonomy":"category","embeddable":true,"href":"https:\/\/www.paparazzinews.com.br\/index.php?rest_route=%2Fwp%2Fv2%2Fcategories&post=2730"},{"taxonomy":"post_tag","embeddable":true,"href":"https:\/\/www.paparazzinews.com.br\/index.php?rest_route=%2Fwp%2Fv2%2Ftags&post=2730"}],"curies":[{"name":"wp","href":"https:\/\/api.w.org\/{rel}","templated":true}]}}