{"id":2712,"date":"2023-04-25T14:52:36","date_gmt":"2023-04-25T17:52:36","guid":{"rendered":"https:\/\/www.paparazzinews.com.br\/?p=2712"},"modified":"2023-04-25T14:52:37","modified_gmt":"2023-04-25T17:52:37","slug":"estado-comeca-pagar-custeio-extra-para-oncologia-da-santa-casa","status":"publish","type":"post","link":"https:\/\/www.paparazzinews.com.br\/?p=2712","title":{"rendered":"Estado come\u00e7a pagar custeio extra para oncologia da Santa Casa"},"content":{"rendered":"\n<p>A Santa Casa de Ara\u00e7atuba recebeu nesta segunda-feira (3\/4) a primeira parcela&nbsp; de recursos autorizados pela Secretaria Estadual de Sa\u00fade para complementa\u00e7\u00e3o do plano operativo de atendimento aos pacientes do Servi\u00e7o de Oncologia. O total do conv\u00eanio \u00e9 R$ 8 milh\u00f5es que ser\u00e3o pagos em 12 parcelas.<\/p>\n\n\n\n<p>Os recursos foram solicitados pela diretoria em abril do ano passado atrav\u00e9s de um plano operativo apresentado ao DRS. Em outubro, o pleito foi aprovado e passou a tramitar na Secretaria Estadual de Sa\u00fade para estrutura\u00e7\u00e3o do conv\u00eanio.<\/p>\n\n\n\n<p>O pedido foi apresentado pela diretoria logo ap\u00f3s assumir a gest\u00e3o do hospital para conter d\u00e9ficit mensal de aproximadamente R$ 350 mil decorrente do desequil\u00edbrio entre o teto financeiro contratado para atendimento de 400 pacientes\/m\u00eas e o atendimento real da demanda, que em 2022 registrou m\u00e9dia de 1.053 pacientes\/m\u00eas, 70 dos quais, casos novos.<\/p>\n\n\n\n<p>Em janeiro deste ano, o CTO atendeu 1.422 pacientes. Em fevereiro, m\u00eas com menor numero de dias uteis, a unidade atende 1.031 pacientes.<\/p>\n\n\n\n<p>Durante visita \u00e0 Ara\u00e7atuba em meados do m\u00eas de janeiro, &nbsp;o governador Tarc\u00edsio foi informado pelo provedor Petr\u00f4nio Pereira Lima sobre a tramita\u00e7\u00e3o do plano operativo para fomento do teto financeiro para a oncologia e prometeu agilizar a aprova\u00e7\u00e3o e a libera\u00e7\u00e3o do recurso.&nbsp; A autoriza\u00e7\u00e3o foi publicada no dia 27 de mar\u00e7o. O conv\u00eanio autorizado manteve integralmente a proposta apresentada pela diretoria do hospital.<\/p>\n\n\n\n<p>O administrador da Santa Casa de Ara\u00e7atuba explica que os recursos v\u00e3o possibilitar cobrir perdas do faturamento mensal que impossibilitavam investimentos para a melhorias no Servi\u00e7o Oncol\u00f3gico que compreende o Centro de Tratamento Oncol\u00f3gico (CTO), Central de Radioterapia, N\u00facleo de Cirurgia Oncol\u00f3gica e os v\u00e1rios segmentos de exames para diagn\u00f3sticos e acompanhamento dos tratamentos.<\/p>\n\n\n\n<p>Melhorar a ambi\u00eancia do CTO, compor equipe multidisciplinar exclusiva para os pacientes oncol\u00f3gicos&nbsp; atrav\u00e9s da contrata\u00e7\u00e3o de mais m\u00e9dicos, pessoal de enfermagem e profissionais de Nutri\u00e7\u00e3o, Psicologia, Fisioterapia e Assist\u00eancia Social fazem parte do plano de trabalho que o hospital vai realizar \u201c para&nbsp; acolhimento adequado dos pacientes que j\u00e1 est\u00e3o em tratamento e estrutura necess\u00e1ria para atender o crescimento da demanda detalhe Luiz Ot\u00e1vio Barbosa Vianna.<\/p>\n\n\n\n<p>O conv\u00eanio com a Secretaria Estadual tamb\u00e9m estabelece ao hospital zerar, em no m\u00e1ximo tr\u00eas meses, &nbsp;as filas para cirurgias oncol\u00f3gicas e de exames para diagn\u00f3stico e monitoramento dos tratamentos, \u201c sob o compromisso de n\u00e3o deixarmos formar novas filas\u201d, informa o administrador.<\/p>\n\n\n\n<p>Para cumprir as metas propostas, o hospital j\u00e1 iniciou a estrutura\u00e7\u00e3o do plano de trabalho. \u201c Temos o prazo de um ano para demonstrar ao Estado o quanto o ajuste financeiro \u00e9 importante para o hospital investir da melhoria do atendimento aos pacientes oncol\u00f3gicos. Mas, nossa &nbsp;expectativa \u00e9 de que no m\u00e1ximo em tr\u00eas meses as mudan\u00e7as estejam evidenciadas na rotina dos pacientes, acompanhantes e profissionais que atuam no setor\u201d, prev\u00ea Vianna.<\/p>\n\n\n\n<p>O provedor da Santa Casa de Ara\u00e7atuba disse que o conv\u00eanio com os recursos financeiros extras, \u201c \u00e9 um reconhecimento da import\u00e2ncia do trabalho realizado pelo CTO para os pacientes oncol\u00f3gicos dos 40 munic\u00edpios da regi\u00e3o de Ara\u00e7atuba.&nbsp; Petr\u00f4nio Pereira Lima&nbsp; que seria \u201c imposs\u00edvel o Servi\u00e7o prosseguir passando tantos anos em preju\u00edzo. Somente nesses 12 meses de discuss\u00e3o para aprova\u00e7\u00e3o do conv\u00eanio, foram quase R$ 5 milh\u00f5es de d\u00e9ficit acumulado\u201d.<\/p>\n\n\n\n<p>O provedor informa que a diretoria vai proceder da mesma forma para estancar d\u00e9ficits financeiros em outros setores de atendimento. \u201cJ\u00e1 estamos mobilizando para resolver agora a quest\u00e3o da UTI Neonatal e Pedi\u00e1trica que h\u00e1 muito tempo vem registrando d\u00e9ficit entre o que recebe para atender e a demanda real atendida\u201d, anuncia Petr\u00f4nio Lima.<\/p>\n","protected":false},"excerpt":{"rendered":"<p>A Santa Casa de Ara\u00e7atuba recebeu nesta segunda-feira (3\/4) a primeira parcela&nbsp; de recursos autorizados pela Secretaria Estadual de Sa\u00fade para complementa\u00e7\u00e3o do plano operativo de atendimento aos pacientes do Servi\u00e7o de Oncologia. O total do conv\u00eanio \u00e9 R$ 8 milh\u00f5es que ser\u00e3o pagos em 12 parcelas. Os recursos foram solicitados pela diretoria em abril &hellip;<\/p>\n","protected":false},"author":1,"featured_media":2713,"comment_status":"open","ping_status":"open","sticky":false,"template":"","format":"standard","meta":{"_jetpack_memberships_contains_paid_content":false,"footnotes":"","jetpack_publicize_message":"","jetpack_publicize_feature_enabled":true,"jetpack_social_post_already_shared":false,"jetpack_social_options":{"image_generator_settings":{"template":"highway","default_image_id":0,"enabled":false},"version":2}},"categories":[4],"tags":[],"class_list":["post-2712","post","type-post","status-publish","format-standard","has-post-thumbnail","hentry","category-regiao"],"jetpack_publicize_connections":[],"jetpack_featured_media_url":"https:\/\/i0.wp.com\/www.paparazzinews.com.br\/wp-content\/uploads\/2023\/04\/Estado-comeca-pagar-custeio-extra-para-oncologia-da-Santa-Casa-de-Aracatuba.jpg?fit=747%2C408&ssl=1","views":"3107","jetpack_likes_enabled":true,"jetpack_sharing_enabled":true,"_links":{"self":[{"href":"https:\/\/www.paparazzinews.com.br\/index.php?rest_route=\/wp\/v2\/posts\/2712","targetHints":{"allow":["GET"]}}],"collection":[{"href":"https:\/\/www.paparazzinews.com.br\/index.php?rest_route=\/wp\/v2\/posts"}],"about":[{"href":"https:\/\/www.paparazzinews.com.br\/index.php?rest_route=\/wp\/v2\/types\/post"}],"author":[{"embeddable":true,"href":"https:\/\/www.paparazzinews.com.br\/index.php?rest_route=\/wp\/v2\/users\/1"}],"replies":[{"embeddable":true,"href":"https:\/\/www.paparazzinews.com.br\/index.php?rest_route=%2Fwp%2Fv2%2Fcomments&post=2712"}],"version-history":[{"count":1,"href":"https:\/\/www.paparazzinews.com.br\/index.php?rest_route=\/wp\/v2\/posts\/2712\/revisions"}],"predecessor-version":[{"id":2714,"href":"https:\/\/www.paparazzinews.com.br\/index.php?rest_route=\/wp\/v2\/posts\/2712\/revisions\/2714"}],"wp:featuredmedia":[{"embeddable":true,"href":"https:\/\/www.paparazzinews.com.br\/index.php?rest_route=\/wp\/v2\/media\/2713"}],"wp:attachment":[{"href":"https:\/\/www.paparazzinews.com.br\/index.php?rest_route=%2Fwp%2Fv2%2Fmedia&parent=2712"}],"wp:term":[{"taxonomy":"category","embeddable":true,"href":"https:\/\/www.paparazzinews.com.br\/index.php?rest_route=%2Fwp%2Fv2%2Fcategories&post=2712"},{"taxonomy":"post_tag","embeddable":true,"href":"https:\/\/www.paparazzinews.com.br\/index.php?rest_route=%2Fwp%2Fv2%2Ftags&post=2712"}],"curies":[{"name":"wp","href":"https:\/\/api.w.org\/{rel}","templated":true}]}}