{"id":2709,"date":"2023-04-25T14:50:38","date_gmt":"2023-04-25T17:50:38","guid":{"rendered":"https:\/\/www.paparazzinews.com.br\/?p=2709"},"modified":"2023-04-25T14:50:39","modified_gmt":"2023-04-25T17:50:39","slug":"2-atletas-estao-no-sul-americano-de-karate-2023","status":"publish","type":"post","link":"https:\/\/www.paparazzinews.com.br\/?p=2709","title":{"rendered":"2 atletas est\u00e3o no Sul-americano de Karat\u00ea 2023"},"content":{"rendered":"\n<p>Dois caratecas da Hisatugo\/SMELR, de Ara\u00e7atuba, v\u00e3o defender o Brasil pela Sele\u00e7\u00e3o Brasileira de Karat\u00ea no X Campeonato Sul-americano de Karat\u00ea que ser\u00e1 realizado nos dias 24 a 29 de abril, em S\u00e3o Bernardo do Campo. Eles recebem apoio da Secretaria Municipal de Esporte, Lazer e Recrea\u00e7\u00e3o (SMELR) de Ara\u00e7atuba.<\/p>\n\n\n\n<p>Os atletas foram os \u00fanicos da regi\u00e3o a se classificarem e entram no tatame nesta sexta-feira (28), mas desde j\u00e1 est\u00e3o em treinamento com a Delega\u00e7\u00e3o Brasileira em S\u00e3o Bernardo do Campo.<\/p>\n\n\n\n<p>Fernando Henrique Braga Calisto \u00e9 filho de Rosamaria Ishi Braga e Juraci Calisto, tem 17 anos e ir\u00e1 competir na categoria Kumite 16\/17 anos (J\u00fanior) at\u00e9 61 kg. Ele \u00e9 o atual bicampe\u00e3o paulista, campe\u00e3o da etapa do Brasileiro e busca sua primeira medalha internacional.<\/p>\n\n\n\n<p>Maria Eduarda da Silva Madeira \u00e9 filha de Ana Paula Rold\u00e3o Madeira e Carlos Eduardo Madeira, tem 14 anos e ir\u00e1 disputar na categoria Cadetes (14\/15 anos) at\u00e9 61 Kg. Ela \u00e9 tetracampe\u00e3 paulista e vice-campe\u00e3 brasileira e busca sua primeira medalha Sul-americana.<\/p>\n\n\n\n<p>O t\u00e9cnico da Sele\u00e7\u00e3o Paulista de Karat\u00ea, que \u00e9 graduado no 6\u00ba DAN, F\u00e1bio Hisatugo, est\u00e1 confiante nos atletas de Ara\u00e7atuba, pois eles t\u00eam grandes chances de trazer esse t\u00edtulo para o munic\u00edpio. \u201cCaso nossos atletas consigam trazer as medalhas, eles garantem vaga para o Campeonato Pan-Americano 2023 em Santiago no Chile. Agradecemos em especial a Academia AM2 que cuidou da parte de prepara\u00e7\u00e3o f\u00edsica, a SMELR, em nome do secret\u00e1rio Sergio Tumelero e ao prefeito Dilador Borges pela ajuda com as passagens dos atletas\u201d, finaliza Hisatugo.<\/p>\n","protected":false},"excerpt":{"rendered":"<p>Dois caratecas da Hisatugo\/SMELR, de Ara\u00e7atuba, v\u00e3o defender o Brasil pela Sele\u00e7\u00e3o Brasileira de Karat\u00ea no X Campeonato Sul-americano de Karat\u00ea que ser\u00e1 realizado nos dias 24 a 29 de abril, em S\u00e3o Bernardo do Campo. Eles recebem apoio da Secretaria Municipal de Esporte, Lazer e Recrea\u00e7\u00e3o (SMELR) de Ara\u00e7atuba. Os atletas foram os \u00fanicos &hellip;<\/p>\n","protected":false},"author":1,"featured_media":2710,"comment_status":"open","ping_status":"open","sticky":false,"template":"","format":"standard","meta":{"_jetpack_memberships_contains_paid_content":false,"footnotes":"","jetpack_publicize_message":"","jetpack_publicize_feature_enabled":true,"jetpack_social_post_already_shared":false,"jetpack_social_options":{"image_generator_settings":{"template":"highway","default_image_id":0,"enabled":false},"version":2}},"categories":[4],"tags":[],"class_list":["post-2709","post","type-post","status-publish","format-standard","has-post-thumbnail","hentry","category-regiao"],"jetpack_publicize_connections":[],"jetpack_featured_media_url":"https:\/\/i0.wp.com\/www.paparazzinews.com.br\/wp-content\/uploads\/2023\/04\/WhatsApp-Image-2023-04-24-at-2.42.48-PM-649x1024-1.jpeg?fit=649%2C1024&ssl=1","views":"1067","jetpack_likes_enabled":true,"jetpack_sharing_enabled":true,"_links":{"self":[{"href":"https:\/\/www.paparazzinews.com.br\/index.php?rest_route=\/wp\/v2\/posts\/2709","targetHints":{"allow":["GET"]}}],"collection":[{"href":"https:\/\/www.paparazzinews.com.br\/index.php?rest_route=\/wp\/v2\/posts"}],"about":[{"href":"https:\/\/www.paparazzinews.com.br\/index.php?rest_route=\/wp\/v2\/types\/post"}],"author":[{"embeddable":true,"href":"https:\/\/www.paparazzinews.com.br\/index.php?rest_route=\/wp\/v2\/users\/1"}],"replies":[{"embeddable":true,"href":"https:\/\/www.paparazzinews.com.br\/index.php?rest_route=%2Fwp%2Fv2%2Fcomments&post=2709"}],"version-history":[{"count":1,"href":"https:\/\/www.paparazzinews.com.br\/index.php?rest_route=\/wp\/v2\/posts\/2709\/revisions"}],"predecessor-version":[{"id":2711,"href":"https:\/\/www.paparazzinews.com.br\/index.php?rest_route=\/wp\/v2\/posts\/2709\/revisions\/2711"}],"wp:featuredmedia":[{"embeddable":true,"href":"https:\/\/www.paparazzinews.com.br\/index.php?rest_route=\/wp\/v2\/media\/2710"}],"wp:attachment":[{"href":"https:\/\/www.paparazzinews.com.br\/index.php?rest_route=%2Fwp%2Fv2%2Fmedia&parent=2709"}],"wp:term":[{"taxonomy":"category","embeddable":true,"href":"https:\/\/www.paparazzinews.com.br\/index.php?rest_route=%2Fwp%2Fv2%2Fcategories&post=2709"},{"taxonomy":"post_tag","embeddable":true,"href":"https:\/\/www.paparazzinews.com.br\/index.php?rest_route=%2Fwp%2Fv2%2Ftags&post=2709"}],"curies":[{"name":"wp","href":"https:\/\/api.w.org\/{rel}","templated":true}]}}