{"id":2700,"date":"2023-04-25T14:37:04","date_gmt":"2023-04-25T17:37:04","guid":{"rendered":"https:\/\/www.paparazzinews.com.br\/?p=2700"},"modified":"2023-04-25T14:37:05","modified_gmt":"2023-04-25T17:37:05","slug":"estao-abertas-as-inscricoes-para-a-primeira-etapa-regional-dos-jogos-paralimpicos-do-estado","status":"publish","type":"post","link":"https:\/\/www.paparazzinews.com.br\/?p=2700","title":{"rendered":"Est\u00e3o abertas as inscri\u00e7\u00f5es para a primeira etapa regional dos Jogos Paral\u00edmpicos do Estado"},"content":{"rendered":"\n<p>O Governo de SP, por meio das Secretarias de Estado dos Direitos da Pessoa com Defici\u00eancia e de Esportes, abriu as inscri\u00e7\u00f5es para a primeira etapa regional dos Jogos Paral\u00edmpicos do Estado de S\u00e3o Paulo (Paresp), que ser\u00e1 realizada entre os dias 9 e 12 de julho no Centro de Treinamento Paral\u00edmpico Brasileiro, localizado na Capital. Nesta data, os jogos ser\u00e3o com as delega\u00e7\u00f5es de Bauru, Campinas e Sorocaba.<\/p>\n\n\n\n<p>Podem se inscrever atletas que j\u00e1 tenham completado ou v\u00e3o completar 15 anos no ano da realiza\u00e7\u00e3o dos Jogos. As categorias de competi\u00e7\u00e3o s\u00e3o de Para-Atletismo, Para-Nata\u00e7\u00e3o e Halterofilismo Paral\u00edmpico. Se classificam nas modalidades de Para-Atletismo e Para-Nata\u00e7\u00e3o os tr\u00eas mais bem colocados por prova e g\u00eanero de cada seletiva regional, representando a sua regi\u00e3o esportiva. A modalidade de Halterofilismo Paral\u00edmpico ser\u00e1 disputada apenas na etapa final.<\/p>\n\n\n\n<p>As inscri\u00e7\u00f5es s\u00e3o feitas em um sistema interno pelas Secretarias Municipais de Esportes dos 645 munic\u00edpios do Estado, com suporte das Diretorias Regionais de Esporte e Lazer (DRELs). Portanto, os atletas ou entidades\/institui\u00e7\u00f5es paral\u00edmpicas com interesse em participar devem se reportar aos \u00f3rg\u00e3os citados.<\/p>\n\n\n\n<p>As secretarias estaduais dos Direitos da Pessoa com Defici\u00eancia e de Esportes s\u00e3o respons\u00e1veis pela organiza\u00e7\u00e3o e coordena\u00e7\u00e3o dos jogos.<\/p>\n\n\n\n<p><strong>Cronograma completo<\/strong><\/p>\n\n\n\n<p>As inscri\u00e7\u00f5es para primeira etapa, nas regi\u00f5es esportivas de Bauru, Campinas e Sorocaba, est\u00e3o abertas at\u00e9 15 de maio para as competi\u00e7\u00f5es entre 9 e 12 de julho.<\/p>\n\n\n\n<p>A abertura de inscri\u00e7\u00f5es para a segunda etapa, nas regi\u00f5es esportivas de Ribeir\u00e3o Preto, S\u00e3o Jos\u00e9 do Rio Preto e Presidente Prudente, ser\u00e1 de 20 de maio a 20 de junho. As competi\u00e7\u00f5es ocorrem de 21 a 24 de agosto.<\/p>\n\n\n\n<p>J\u00e1 para a terceira etapa, as inscri\u00e7\u00f5es abrir\u00e3o em 21 de junho e encerram em 21 de julho. As competi\u00e7\u00f5es acontecer\u00e3o nas regi\u00f5es esportivas da Grande S\u00e3o Paulo e de S\u00e3o Jos\u00e9 dos Campos, entre os dias 24 e 27 de setembro. A competi\u00e7\u00e3o final acontece entre 9 e 12 de outubro.<\/p>\n","protected":false},"excerpt":{"rendered":"<p>O Governo de SP, por meio das Secretarias de Estado dos Direitos da Pessoa com Defici\u00eancia e de Esportes, abriu as inscri\u00e7\u00f5es para a primeira etapa regional dos Jogos Paral\u00edmpicos do Estado de S\u00e3o Paulo (Paresp), que ser\u00e1 realizada entre os dias 9 e 12 de julho no Centro de Treinamento Paral\u00edmpico Brasileiro, localizado na &hellip;<\/p>\n","protected":false},"author":1,"featured_media":2701,"comment_status":"open","ping_status":"open","sticky":false,"template":"","format":"standard","meta":{"_jetpack_memberships_contains_paid_content":false,"footnotes":"","jetpack_publicize_message":"","jetpack_publicize_feature_enabled":true,"jetpack_social_post_already_shared":false,"jetpack_social_options":{"image_generator_settings":{"template":"highway","default_image_id":0,"enabled":false},"version":2}},"categories":[4],"tags":[],"class_list":["post-2700","post","type-post","status-publish","format-standard","has-post-thumbnail","hentry","category-regiao"],"jetpack_publicize_connections":[],"jetpack_featured_media_url":"https:\/\/i0.wp.com\/www.paparazzinews.com.br\/wp-content\/uploads\/2023\/04\/681694-496726-25042023101908.jpg?fit=800%2C533&ssl=1","views":"3792","jetpack_likes_enabled":true,"jetpack_sharing_enabled":true,"_links":{"self":[{"href":"https:\/\/www.paparazzinews.com.br\/index.php?rest_route=\/wp\/v2\/posts\/2700","targetHints":{"allow":["GET"]}}],"collection":[{"href":"https:\/\/www.paparazzinews.com.br\/index.php?rest_route=\/wp\/v2\/posts"}],"about":[{"href":"https:\/\/www.paparazzinews.com.br\/index.php?rest_route=\/wp\/v2\/types\/post"}],"author":[{"embeddable":true,"href":"https:\/\/www.paparazzinews.com.br\/index.php?rest_route=\/wp\/v2\/users\/1"}],"replies":[{"embeddable":true,"href":"https:\/\/www.paparazzinews.com.br\/index.php?rest_route=%2Fwp%2Fv2%2Fcomments&post=2700"}],"version-history":[{"count":1,"href":"https:\/\/www.paparazzinews.com.br\/index.php?rest_route=\/wp\/v2\/posts\/2700\/revisions"}],"predecessor-version":[{"id":2702,"href":"https:\/\/www.paparazzinews.com.br\/index.php?rest_route=\/wp\/v2\/posts\/2700\/revisions\/2702"}],"wp:featuredmedia":[{"embeddable":true,"href":"https:\/\/www.paparazzinews.com.br\/index.php?rest_route=\/wp\/v2\/media\/2701"}],"wp:attachment":[{"href":"https:\/\/www.paparazzinews.com.br\/index.php?rest_route=%2Fwp%2Fv2%2Fmedia&parent=2700"}],"wp:term":[{"taxonomy":"category","embeddable":true,"href":"https:\/\/www.paparazzinews.com.br\/index.php?rest_route=%2Fwp%2Fv2%2Fcategories&post=2700"},{"taxonomy":"post_tag","embeddable":true,"href":"https:\/\/www.paparazzinews.com.br\/index.php?rest_route=%2Fwp%2Fv2%2Ftags&post=2700"}],"curies":[{"name":"wp","href":"https:\/\/api.w.org\/{rel}","templated":true}]}}