{"id":2688,"date":"2023-04-25T14:16:32","date_gmt":"2023-04-25T17:16:32","guid":{"rendered":"https:\/\/www.paparazzinews.com.br\/?p=2688"},"modified":"2023-04-25T14:16:33","modified_gmt":"2023-04-25T17:16:33","slug":"24-jovens-da-fundacao-casa-ingressam-no-ensino-superior","status":"publish","type":"post","link":"https:\/\/www.paparazzinews.com.br\/?p=2688","title":{"rendered":"24 jovens da Funda\u00e7\u00e3o CASA ingressam no Ensino Superior"},"content":{"rendered":"\n<p>Um grupo de 24 adolescentes que cumprem (ou cumpriram) medida socioeducativa em 19 centros de interna\u00e7\u00e3o e semiliberdade da Funda\u00e7\u00e3o CASA, localizados em 13 munic\u00edpios da Regi\u00e3o Metropolitana de S\u00e3o Paulo, litoral e interior, ingressaram em mar\u00e7o na Universidade Metropolitana de Santos (Unimes), com forma\u00e7\u00e3o \u00e0 dist\u00e2ncia.<\/p>\n\n\n\n<p>Os jovens conquistaram bolsas integrais na Unimes em nove cursos de gradua\u00e7\u00e3o nas modalidades bacharelado, tecn\u00f3logo e licenciatura. O benef\u00edcio adv\u00e9m das Bolsas de Estudo \u201cDesembargador Antonio Carlos Malheiros\u201d, uma parceria entre o Sistema Brasileiro de Televis\u00e3o (SBT), o Minist\u00e9rio P\u00fablico do Estado de S\u00e3o Paulo (MPE-SP), por meio da Promotoria da Inf\u00e2ncia e Juventude de Osasco, e o Tribunal de Justi\u00e7a de S\u00e3o Paulo (TJSP), via Justi\u00e7a da Inf\u00e2ncia e Juventude de Osasco.<\/p>\n\n\n\n<p>\u201cA continuidade da forma\u00e7\u00e3o educacional \u00e9 fundamental para que esses adolescentes tenham sua reintegra\u00e7\u00e3o plena \u00e0 sociedade\u201d, afirma o presidente da Funda\u00e7\u00e3o CASA, Jo\u00e3o Ver\u00edssimo Fernandes. \u201c\u00c9 mais um passo que eles d\u00e3o para tra\u00e7ar novos futuros.\u201d<\/p>\n\n\n\n<p>Parte dos jovens j\u00e1 come\u00e7ou a frequentar as aulas on-line no in\u00edcio do m\u00eas de mar\u00e7o, depois de passar por um vestibular on-line, em fevereiro, em que disputaram as vagas com outros 114 adolescentes em interna\u00e7\u00e3o ou semiliberdade na Funda\u00e7\u00e3o CASA. No total, portanto, foram 138 inscritos que haviam conclu\u00eddo o Ensino M\u00e9dio at\u00e9 o final de 2022.<\/p>\n\n\n\n<p>Dentre os contemplados, est\u00e3o tr\u00eas jovens de dois centros de interna\u00e7\u00e3o femininos localizados na Cidade de Cerqueira C\u00e9sar \u2013 os CASAs Feminino Cerqueira C\u00e9sar e Anita Garibaldi.<\/p>\n\n\n\n<p>Entre os centros socioeducativos masculinos est\u00e3o jovens dos CASAs Paulista, Jardim S\u00e3o Luiz I e de Semiliberdade Guararema, da capital paulista; Itaqu\u00e1 e Terra Nova, de Itaquaquecetuba; Novo Tempo e Tapaj\u00f3s, de Franco da Rocha; Santo Andr\u00e9 II, de Santo Andr\u00e9; Laranjeiras, de Mogi Mirim; Jacare\u00ed; Lorena; Tamoios, de S\u00e3o Jos\u00e9 dos Campos; Rio Pardo, de Ribeir\u00e3o Preto; Bauru; e Jo\u00e3o Paulo II, de Cerqueira C\u00e9sar.<\/p>\n\n\n\n<p>Cada jovem escolheu curso entre 1\u00aa e 2\u00aa op\u00e7\u00f5es, podendo ter dura\u00e7\u00e3o de quatro a oito semestres, conforme a modalidade.S\u00e3o forma\u00e7\u00f5es nas \u00e1reas de Administra\u00e7\u00e3o, Matem\u00e1tica, Pedagogia, Servi\u00e7o Social, Artes Visuais, Tecnologia em Log\u00edstica, Tecnologia em Gest\u00e3o de Tecnologia de Informa\u00e7\u00e3o, Tecnologia em An\u00e1lise e Desenvolvimento de Sistemas e Tecnologia em Marketing.<\/p>\n","protected":false},"excerpt":{"rendered":"<p>Um grupo de 24 adolescentes que cumprem (ou cumpriram) medida socioeducativa em 19 centros de interna\u00e7\u00e3o e semiliberdade da Funda\u00e7\u00e3o CASA, localizados em 13 munic\u00edpios da Regi\u00e3o Metropolitana de S\u00e3o Paulo, litoral e interior, ingressaram em mar\u00e7o na Universidade Metropolitana de Santos (Unimes), com forma\u00e7\u00e3o \u00e0 dist\u00e2ncia. Os jovens conquistaram bolsas integrais na Unimes em &hellip;<\/p>\n","protected":false},"author":1,"featured_media":2689,"comment_status":"open","ping_status":"open","sticky":false,"template":"","format":"standard","meta":{"_jetpack_memberships_contains_paid_content":false,"footnotes":"","jetpack_publicize_message":"","jetpack_publicize_feature_enabled":true,"jetpack_social_post_already_shared":false,"jetpack_social_options":{"image_generator_settings":{"template":"highway","default_image_id":0,"enabled":false},"version":2}},"categories":[4],"tags":[],"class_list":["post-2688","post","type-post","status-publish","format-standard","has-post-thumbnail","hentry","category-regiao"],"jetpack_publicize_connections":[],"jetpack_featured_media_url":"https:\/\/i0.wp.com\/www.paparazzinews.com.br\/wp-content\/uploads\/2023\/04\/cader-e1682007388127.jpg?fit=1000%2C500&ssl=1","views":"2298","jetpack_likes_enabled":true,"jetpack_sharing_enabled":true,"_links":{"self":[{"href":"https:\/\/www.paparazzinews.com.br\/index.php?rest_route=\/wp\/v2\/posts\/2688","targetHints":{"allow":["GET"]}}],"collection":[{"href":"https:\/\/www.paparazzinews.com.br\/index.php?rest_route=\/wp\/v2\/posts"}],"about":[{"href":"https:\/\/www.paparazzinews.com.br\/index.php?rest_route=\/wp\/v2\/types\/post"}],"author":[{"embeddable":true,"href":"https:\/\/www.paparazzinews.com.br\/index.php?rest_route=\/wp\/v2\/users\/1"}],"replies":[{"embeddable":true,"href":"https:\/\/www.paparazzinews.com.br\/index.php?rest_route=%2Fwp%2Fv2%2Fcomments&post=2688"}],"version-history":[{"count":1,"href":"https:\/\/www.paparazzinews.com.br\/index.php?rest_route=\/wp\/v2\/posts\/2688\/revisions"}],"predecessor-version":[{"id":2690,"href":"https:\/\/www.paparazzinews.com.br\/index.php?rest_route=\/wp\/v2\/posts\/2688\/revisions\/2690"}],"wp:featuredmedia":[{"embeddable":true,"href":"https:\/\/www.paparazzinews.com.br\/index.php?rest_route=\/wp\/v2\/media\/2689"}],"wp:attachment":[{"href":"https:\/\/www.paparazzinews.com.br\/index.php?rest_route=%2Fwp%2Fv2%2Fmedia&parent=2688"}],"wp:term":[{"taxonomy":"category","embeddable":true,"href":"https:\/\/www.paparazzinews.com.br\/index.php?rest_route=%2Fwp%2Fv2%2Fcategories&post=2688"},{"taxonomy":"post_tag","embeddable":true,"href":"https:\/\/www.paparazzinews.com.br\/index.php?rest_route=%2Fwp%2Fv2%2Ftags&post=2688"}],"curies":[{"name":"wp","href":"https:\/\/api.w.org\/{rel}","templated":true}]}}