{"id":2685,"date":"2023-04-19T18:18:57","date_gmt":"2023-04-19T21:18:57","guid":{"rendered":"https:\/\/www.paparazzinews.com.br\/?p=2685"},"modified":"2023-04-19T18:18:58","modified_gmt":"2023-04-19T21:18:58","slug":"pm-de-andradina-vai-usar-drones-na-ronda-escolar","status":"publish","type":"post","link":"https:\/\/www.paparazzinews.com.br\/?p=2685","title":{"rendered":"PM de Andradina vai usar drones na Ronda Escolar"},"content":{"rendered":"\n<p>Drones guiados por policiais militares ser\u00e3o o novo refor\u00e7o no patrulhamento escolar em Andradina. Uma reuni\u00e3o com representantes da PM, a Dirigente Regional de Ensino, Sel\u00eania Witter de Mello, a Secret\u00e1ria Municipal de Educa\u00e7\u00e3o, Estela Cassiolato Goda, no Gabinete do prefeito M\u00e1rio Celso Lopes, apresentou a nova arma contra a viol\u00eancia que ser\u00e1 utilizada na Ronda Escolar e no refor\u00e7o da Atividade Delegada nas escolas.<\/p>\n\n\n\n<p>Tamb\u00e9m participaram da reuni\u00e3o o secret\u00e1rio de Governo, Ernesto J\u00fanior, o Tenente PM Everton, os Sargentos PM vieira, Kleber, Donegati, Aguilera e o Cabo PM Lima Augusto. A ferramenta est\u00e1 em a\u00e7\u00e3o h\u00e1 tr\u00eas anos e a aplicabilidade no patrulhamento das escolas vem em momento certo. \u201cO medo n\u00e3o deve passar nem na porta das nossas escolas\u201d, disse o prefeito.<\/p>\n\n\n\n<p>O drone tem auxiliado no trabalho da PM e o equipamento se demonstra importante para identificar pontos de descarte irregular de entulhos, monitoramento de eventos, al\u00e9m de melhorar o alcance em locais de dif\u00edcil acesso durante o policiamento.<\/p>\n\n\n\n<p>O equipamento gera uma resposta mais r\u00e1pida, econ\u00f4mica e eficiente para o patrulhamento. Para se ter uma ideia, uma hora de v\u00f4o do Helic\u00f3ptero \u00c1guia da PM tem o custo estimado US$ 1,5 mil (Um mil e quinhentos D\u00f3lares), aproximadamente R$ 5 mil (cinco mil Reais) enquanto os drones requerem apenas o carregamento das baterias.<\/p>\n\n\n\n<p>A inten\u00e7\u00e3o da PM \u00e9 levar a utiliza\u00e7\u00e3o do drone para o patrulhamento de todas as escolas da cidade, sejam municipais, estaduais ou particulares. Atualmente existem 5 policiais habilitados a opera\u00e7\u00e3o do sistema onde o patrulhamento preventivo pode representar a tomada de decis\u00e3o de uma interven\u00e7\u00e3o da pol\u00edcia contra a pr\u00e1tica de il\u00edcitos ou para o risco iminente a seguran\u00e7a dos alunos.<\/p>\n\n\n\n<p>\u201cNingu\u00e9m consegue fazer nada sem ter uma rede de apoio como esta. \u00c9 essencial para que todas as pessoas possam se tranquilizar para viver o seu dia a dia ent\u00e3o em nome da Secretaria M0unicipal de Educa\u00e7\u00e3o n\u00f3s agradecemos a Pol\u00edcia Militar que est\u00e1 conosco na defesa dessas crian\u00e7as que est\u00e3o todos os dias vivendo aprendendo e sendo felizes\u201d, disse Estela Goda.<\/p>\n\n\n\n<p>O objetivo da utiliza\u00e7\u00e3o dessa tecnologia \u00e9 refor\u00e7ar a qualidade das rondas e garantir agilidade no atendimento de ocorr\u00eancias, principalmente as que envolvem risco direto a alunos dentro do ambiente escolar e o tr\u00e1fico de drogas.<\/p>\n\n\n\n<p>O equipamento j\u00e1 \u00e9 utilizado durante as rondas em locais p\u00fablicos e nas a\u00e7\u00f5es de intelig\u00eancia policial, monitoramento e at\u00e9 para a identifica\u00e7\u00e3o da pratica de il\u00edcitos, a exemplo em ferros-velhos e tamb\u00e9m no apoio a opera\u00e7\u00f5es. \u201cTenho certeza que isso ser\u00e1 mais uma ferramenta a ser utilizada em benef\u00edcio da popula\u00e7\u00e3o no combate ao crime e manuten\u00e7\u00e3o da paz p\u00fablica\u201d, disse.<\/p>\n","protected":false},"excerpt":{"rendered":"<p>Drones guiados por policiais militares ser\u00e3o o novo refor\u00e7o no patrulhamento escolar em Andradina. Uma reuni\u00e3o com representantes da PM, a Dirigente Regional de Ensino, Sel\u00eania Witter de Mello, a Secret\u00e1ria Municipal de Educa\u00e7\u00e3o, Estela Cassiolato Goda, no Gabinete do prefeito M\u00e1rio Celso Lopes, apresentou a nova arma contra a viol\u00eancia que ser\u00e1 utilizada na &hellip;<\/p>\n","protected":false},"author":1,"featured_media":2686,"comment_status":"open","ping_status":"open","sticky":false,"template":"","format":"standard","meta":{"_jetpack_memberships_contains_paid_content":false,"footnotes":"","jetpack_publicize_message":"","jetpack_publicize_feature_enabled":true,"jetpack_social_post_already_shared":false,"jetpack_social_options":{"image_generator_settings":{"template":"highway","default_image_id":0,"enabled":false},"version":2}},"categories":[3],"tags":[],"class_list":["post-2685","post","type-post","status-publish","format-standard","has-post-thumbnail","hentry","category-policial"],"jetpack_publicize_connections":[],"jetpack_featured_media_url":"https:\/\/i0.wp.com\/www.paparazzinews.com.br\/wp-content\/uploads\/2023\/04\/36732eec-e862-410b-9760-8f97b98d9308-e1681939127885.jpg?fit=1000%2C651&ssl=1","views":"4988","jetpack_likes_enabled":true,"jetpack_sharing_enabled":true,"_links":{"self":[{"href":"https:\/\/www.paparazzinews.com.br\/index.php?rest_route=\/wp\/v2\/posts\/2685","targetHints":{"allow":["GET"]}}],"collection":[{"href":"https:\/\/www.paparazzinews.com.br\/index.php?rest_route=\/wp\/v2\/posts"}],"about":[{"href":"https:\/\/www.paparazzinews.com.br\/index.php?rest_route=\/wp\/v2\/types\/post"}],"author":[{"embeddable":true,"href":"https:\/\/www.paparazzinews.com.br\/index.php?rest_route=\/wp\/v2\/users\/1"}],"replies":[{"embeddable":true,"href":"https:\/\/www.paparazzinews.com.br\/index.php?rest_route=%2Fwp%2Fv2%2Fcomments&post=2685"}],"version-history":[{"count":1,"href":"https:\/\/www.paparazzinews.com.br\/index.php?rest_route=\/wp\/v2\/posts\/2685\/revisions"}],"predecessor-version":[{"id":2687,"href":"https:\/\/www.paparazzinews.com.br\/index.php?rest_route=\/wp\/v2\/posts\/2685\/revisions\/2687"}],"wp:featuredmedia":[{"embeddable":true,"href":"https:\/\/www.paparazzinews.com.br\/index.php?rest_route=\/wp\/v2\/media\/2686"}],"wp:attachment":[{"href":"https:\/\/www.paparazzinews.com.br\/index.php?rest_route=%2Fwp%2Fv2%2Fmedia&parent=2685"}],"wp:term":[{"taxonomy":"category","embeddable":true,"href":"https:\/\/www.paparazzinews.com.br\/index.php?rest_route=%2Fwp%2Fv2%2Fcategories&post=2685"},{"taxonomy":"post_tag","embeddable":true,"href":"https:\/\/www.paparazzinews.com.br\/index.php?rest_route=%2Fwp%2Fv2%2Ftags&post=2685"}],"curies":[{"name":"wp","href":"https:\/\/api.w.org\/{rel}","templated":true}]}}