{"id":2679,"date":"2023-04-19T18:09:14","date_gmt":"2023-04-19T21:09:14","guid":{"rendered":"https:\/\/www.paparazzinews.com.br\/?p=2679"},"modified":"2023-04-19T18:09:14","modified_gmt":"2023-04-19T21:09:14","slug":"alunos-fazem-manifestacoes-pedindo-paz-nas-escolas-em-andradina","status":"publish","type":"post","link":"https:\/\/www.paparazzinews.com.br\/?p=2679","title":{"rendered":"Alunos fazem manifesta\u00e7\u00f5es pedindo paz nas escolas, em Andradina"},"content":{"rendered":"\n<p>Nesta quarta-feira (19) ocorreu em escolas estaduais e municipais de Andradina manifesta\u00e7\u00f5es de pedidos de paz nas escolas da cidade. As manifesta\u00e7\u00f5es tamb\u00e9m chegaram ao Gabinete do prefeito Mario Celso Lopes com m\u00fasica de sucessos de Tim Maia onde crian\u00e7as da Escola em Tempo Integral \u201cOndina Hofig de Castilho\u201d (Pereira Jord\u00e3o) e \u201cJosepha de Jesus Carreira\u201d (Benfica) se aliaram a Secretaria Municipal de Educa\u00e7\u00e3o, Dire\u00e7\u00e3o Regional de Ensino e Pol\u00edcia Militar, pediram em manifesta\u00e7\u00f5es art\u00edsticas por \u201cseguran\u00e7a nas escolas\u201d.<\/p>\n\n\n\n<p>O ato teve a participa\u00e7\u00e3o da Dirigente Regional de Ensino, Sel\u00eania Witter de Mello, da Secret\u00e1ria Municipal de Educa\u00e7\u00e3o, Estela Cassiolato Goda e da Primeira Dama Ju\u00e7ara Lopes, al\u00e9m de professores e coordenadores.<\/p>\n\n\n\n<p>\u201cA escola \u00e9 um ambiente para a gente aprender, sobretudo para a gente aprender a ter amor. Amor ao pr\u00f3ximo, amor ao seu amigo, a sua professora, amor as coisas e a pr\u00f3pria escola. Infelizmente hoje a gente v\u00ea muita coisa muito ruim, que \u00e9 o \u00f3dio. N\u00f3s n\u00e3o devemos jamais cair nessa teia, por isso que n\u00f3s estamos adotando medidas rigorosas de seguran\u00e7a p\u00fablica e tamb\u00e9m nas escolas. Para voc\u00eas terem certeza que voc\u00eas n\u00e3o v\u00e3o ser alvo de \u00f3dio enquanto n\u00f3s tivermos sendo guardi\u00e3o dessa cidade. Estamos vigilantes para que o \u00f3dio n\u00e3o se aproxime das nossas escolas\u201d, disse o prefeito.<\/p>\n\n\n\n<p> Andradina, a Prefeitura, atrav\u00e9s da Atividade Delegada, e a Pol\u00edcia Militar, mant\u00eam o monitoramento constante de todas as unidades da rede municipal de ensino para combater a viol\u00eancia. Dentro das Escolas tamb\u00e9m h\u00e1 constante atua\u00e7\u00e3o, na rede Municipal e Estadual, em a\u00e7\u00f5es contra a viol\u00eancias. Os alunos ainda contam com a\u00e7\u00f5es de programas como o Proerd (Programa Educacional de Resist\u00eancia \u00e0s Drogas e \u00e0 Viol\u00eancia).<\/p>\n\n\n\n<p>A Dirigente Regional de Ensino, Sel\u00eania Witter, tamb\u00e9m valorizou o papel da fam\u00edlia como um dos maiores aliados contra a viol\u00eancia nas escolas. Segundo Estela Goda, a parceria entre o Governo Municipal, fam\u00edlia, Pol\u00edcia Militar e professores e funcion\u00e1rios da Educa\u00e7\u00e3o, formam uma for\u00e7a vigilante contra a viol\u00eancia.<\/p>\n\n\n\n<p>\u201cEu pe\u00e7o para voc\u00eas sonharem, mas sonharem com futuro de voc\u00eas, mas com \u201co futuro bom\u201d, onde voc\u00eas tenham como princ\u00edpio ter amor. Porque s\u00f3 com amor \u00e9 que se constr\u00f3i. Vamos seguir assim, porque s\u00f3 assim que a gente faz um futuro melhor\u201d, finalizou o prefeito.<\/p>\n","protected":false},"excerpt":{"rendered":"<p>Nesta quarta-feira (19) ocorreu em escolas estaduais e municipais de Andradina manifesta\u00e7\u00f5es de pedidos de paz nas escolas da cidade. As manifesta\u00e7\u00f5es tamb\u00e9m chegaram ao Gabinete do prefeito Mario Celso Lopes com m\u00fasica de sucessos de Tim Maia onde crian\u00e7as da Escola em Tempo Integral \u201cOndina Hofig de Castilho\u201d (Pereira Jord\u00e3o) e \u201cJosepha de Jesus &hellip;<\/p>\n","protected":false},"author":1,"featured_media":2680,"comment_status":"open","ping_status":"open","sticky":false,"template":"","format":"standard","meta":{"_jetpack_memberships_contains_paid_content":false,"footnotes":"","jetpack_publicize_message":"","jetpack_publicize_feature_enabled":true,"jetpack_social_post_already_shared":false,"jetpack_social_options":{"image_generator_settings":{"template":"highway","default_image_id":0,"enabled":false},"version":2}},"categories":[4],"tags":[],"class_list":["post-2679","post","type-post","status-publish","format-standard","has-post-thumbnail","hentry","category-regiao"],"jetpack_publicize_connections":[],"jetpack_featured_media_url":"https:\/\/i0.wp.com\/www.paparazzinews.com.br\/wp-content\/uploads\/2023\/04\/05070102-61af-4152-bcc6-0082b098a62e-e1681938545565.jpg?fit=1000%2C666&ssl=1","views":"3610","jetpack_likes_enabled":true,"jetpack_sharing_enabled":true,"_links":{"self":[{"href":"https:\/\/www.paparazzinews.com.br\/index.php?rest_route=\/wp\/v2\/posts\/2679","targetHints":{"allow":["GET"]}}],"collection":[{"href":"https:\/\/www.paparazzinews.com.br\/index.php?rest_route=\/wp\/v2\/posts"}],"about":[{"href":"https:\/\/www.paparazzinews.com.br\/index.php?rest_route=\/wp\/v2\/types\/post"}],"author":[{"embeddable":true,"href":"https:\/\/www.paparazzinews.com.br\/index.php?rest_route=\/wp\/v2\/users\/1"}],"replies":[{"embeddable":true,"href":"https:\/\/www.paparazzinews.com.br\/index.php?rest_route=%2Fwp%2Fv2%2Fcomments&post=2679"}],"version-history":[{"count":1,"href":"https:\/\/www.paparazzinews.com.br\/index.php?rest_route=\/wp\/v2\/posts\/2679\/revisions"}],"predecessor-version":[{"id":2681,"href":"https:\/\/www.paparazzinews.com.br\/index.php?rest_route=\/wp\/v2\/posts\/2679\/revisions\/2681"}],"wp:featuredmedia":[{"embeddable":true,"href":"https:\/\/www.paparazzinews.com.br\/index.php?rest_route=\/wp\/v2\/media\/2680"}],"wp:attachment":[{"href":"https:\/\/www.paparazzinews.com.br\/index.php?rest_route=%2Fwp%2Fv2%2Fmedia&parent=2679"}],"wp:term":[{"taxonomy":"category","embeddable":true,"href":"https:\/\/www.paparazzinews.com.br\/index.php?rest_route=%2Fwp%2Fv2%2Fcategories&post=2679"},{"taxonomy":"post_tag","embeddable":true,"href":"https:\/\/www.paparazzinews.com.br\/index.php?rest_route=%2Fwp%2Fv2%2Ftags&post=2679"}],"curies":[{"name":"wp","href":"https:\/\/api.w.org\/{rel}","templated":true}]}}