{"id":2676,"date":"2023-04-19T18:03:22","date_gmt":"2023-04-19T21:03:22","guid":{"rendered":"https:\/\/www.paparazzinews.com.br\/?p=2676"},"modified":"2023-04-19T18:03:22","modified_gmt":"2023-04-19T21:03:22","slug":"turismo-60-publico-esta-na-mira-do-mercado-e-domina-cenario-de-tendencias-de-viagem","status":"publish","type":"post","link":"https:\/\/www.paparazzinews.com.br\/?p=2676","title":{"rendered":"Turismo 60+: p\u00fablico est\u00e1 na mira do mercado e domina cen\u00e1rio de tend\u00eancias de viagem"},"content":{"rendered":"\n<p>Viajar \u00e9 um h\u00e1bito cada vez mais frequente entre o p\u00fablico de mais de 60 anos. Os idosos j\u00e1 respondem por quase um quarto dos turistas brasileiros e viajam de duas a tr\u00eas vezes por ano, de acordo com a Associa\u00e7\u00e3o Brasileira das Ag\u00eancias de Viagem (Abav-SP). At\u00e9 2030, os idosos devem ultrapassar o grupo de crian\u00e7as de 0 a 14 anos &#8211; e caminham para se tornar o grupo mais numeroso do pa\u00eds, de acordo com o Instituto Brasileiro de Geografia e Estat\u00edstica (IBGE).<\/p>\n\n\n\n<p>O secret\u00e1rio de Turismo e Viagens de SP, Roberto de Lucena, participou nesta quarta-feira, 19, da abertura do F\u00f3rum de Turismo 60+, na capital paulista. No evento, falou sobre destinos e divulgou o guia da diversidade. \u201cUm destino preparado para receber bem o p\u00fablico de mais de 60 anos \u00e9 um destino que atende com qualidade crian\u00e7as, jovens e os pr\u00f3prios moradores\u201d, disse, ap\u00f3s receber homenagem de Ana Carolina Melo, diretora do primeiro F\u00f3rum de Turismo 60 +.<\/p>\n\n\n\n<p>A presen\u00e7a cada vez maior do p\u00fablico idoso no turismo gera um impacto positivo em toda a cadeia, segundo a Setur-SP. Eles tornam os meios de hospedagens mais inclusivos, acrescentam acessibilidade, al\u00e9m de contribuir com a qualifica\u00e7\u00e3o dos profissionais do com\u00e9rcio e dos servi\u00e7os. Por esta raz\u00e3o, os destinos tur\u00edsticos para idosos est\u00e3o entre os mais completos e visitados do Estado. Entre eles, destaque para \u00c1guas de Lind\u00f3ia, que atrai mais de 700 mil viajantes idosos por ano interessados nos atrativos termais e na hospitalidade do munic\u00edpio, segundo estudo da prefeitura. Socorro, com o ecoturismo de aventura acess\u00edvel, e Holambra, com a cultura, as flores e a gastronomia, tamb\u00e9m est\u00e3o entre os mais procurados.<\/p>\n\n\n\n<p>Os idosos preferem as viagens nacionais e consideram que o turismo \u00e9 a melhor forma de aproveitar o tempo, segundo estudo publicado na \u00faltima semana pela Associa\u00e7\u00e3o Brasileira das Operadoras de Turismo (Braztoa). Chega-se aos 60 anos com qualidade de vida e independ\u00eancia financeira. Idosos que ganham at\u00e9 dois sal\u00e1rios m\u00ednimos tamb\u00e9m podem viajar gratuitamente em \u00f4nibus tur\u00edstico dentro do Estado de S\u00e3o Paulo.<\/p>\n","protected":false},"excerpt":{"rendered":"<p>Viajar \u00e9 um h\u00e1bito cada vez mais frequente entre o p\u00fablico de mais de 60 anos. Os idosos j\u00e1 respondem por quase um quarto dos turistas brasileiros e viajam de duas a tr\u00eas vezes por ano, de acordo com a Associa\u00e7\u00e3o Brasileira das Ag\u00eancias de Viagem (Abav-SP). At\u00e9 2030, os idosos devem ultrapassar o grupo &hellip;<\/p>\n","protected":false},"author":1,"featured_media":2677,"comment_status":"open","ping_status":"open","sticky":false,"template":"","format":"standard","meta":{"_jetpack_memberships_contains_paid_content":false,"footnotes":"","jetpack_publicize_message":"","jetpack_publicize_feature_enabled":true,"jetpack_social_post_already_shared":false,"jetpack_social_options":{"image_generator_settings":{"template":"highway","default_image_id":0,"enabled":false},"version":2}},"categories":[4],"tags":[],"class_list":["post-2676","post","type-post","status-publish","format-standard","has-post-thumbnail","hentry","category-regiao"],"jetpack_publicize_connections":[],"jetpack_featured_media_url":"https:\/\/i0.wp.com\/www.paparazzinews.com.br\/wp-content\/uploads\/2023\/04\/Credito-Alan-Morici-Setur-SP-e1681938192615.jpeg?fit=1000%2C675&ssl=1","views":"4606","jetpack_likes_enabled":true,"jetpack_sharing_enabled":true,"_links":{"self":[{"href":"https:\/\/www.paparazzinews.com.br\/index.php?rest_route=\/wp\/v2\/posts\/2676","targetHints":{"allow":["GET"]}}],"collection":[{"href":"https:\/\/www.paparazzinews.com.br\/index.php?rest_route=\/wp\/v2\/posts"}],"about":[{"href":"https:\/\/www.paparazzinews.com.br\/index.php?rest_route=\/wp\/v2\/types\/post"}],"author":[{"embeddable":true,"href":"https:\/\/www.paparazzinews.com.br\/index.php?rest_route=\/wp\/v2\/users\/1"}],"replies":[{"embeddable":true,"href":"https:\/\/www.paparazzinews.com.br\/index.php?rest_route=%2Fwp%2Fv2%2Fcomments&post=2676"}],"version-history":[{"count":1,"href":"https:\/\/www.paparazzinews.com.br\/index.php?rest_route=\/wp\/v2\/posts\/2676\/revisions"}],"predecessor-version":[{"id":2678,"href":"https:\/\/www.paparazzinews.com.br\/index.php?rest_route=\/wp\/v2\/posts\/2676\/revisions\/2678"}],"wp:featuredmedia":[{"embeddable":true,"href":"https:\/\/www.paparazzinews.com.br\/index.php?rest_route=\/wp\/v2\/media\/2677"}],"wp:attachment":[{"href":"https:\/\/www.paparazzinews.com.br\/index.php?rest_route=%2Fwp%2Fv2%2Fmedia&parent=2676"}],"wp:term":[{"taxonomy":"category","embeddable":true,"href":"https:\/\/www.paparazzinews.com.br\/index.php?rest_route=%2Fwp%2Fv2%2Fcategories&post=2676"},{"taxonomy":"post_tag","embeddable":true,"href":"https:\/\/www.paparazzinews.com.br\/index.php?rest_route=%2Fwp%2Fv2%2Ftags&post=2676"}],"curies":[{"name":"wp","href":"https:\/\/api.w.org\/{rel}","templated":true}]}}