{"id":2661,"date":"2023-04-19T17:47:16","date_gmt":"2023-04-19T20:47:16","guid":{"rendered":"https:\/\/www.paparazzinews.com.br\/?p=2661"},"modified":"2023-04-19T17:47:17","modified_gmt":"2023-04-19T20:47:17","slug":"rede-estadual-de-sao-paulo-conta-com-40-escolas-indigenas-e-mais-de-15-mil-alunos","status":"publish","type":"post","link":"https:\/\/www.paparazzinews.com.br\/?p=2661","title":{"rendered":"Rede estadual de S\u00e3o Paulo conta com 40 escolas ind\u00edgenas e mais de 1,5 mil alunos"},"content":{"rendered":"\n<p>Neste dia 19 de abril, Dia dos Povos Ind\u00edgenas, a Secretaria da Educa\u00e7\u00e3o do Estado de S\u00e3o Paulo comemora a diversidade hist\u00f3rica e cultural dos povos nativos brasileiros e busca combater preconceitos contra os grupos origin\u00e1rios e estabelecer pol\u00edticas p\u00fablicas que garantam os direitos dos povos ind\u00edgenas.<\/p>\n\n\n\n<p>Atualmente, a rede estadual de S\u00e3o Paulo conta com 40 escolas ind\u00edgenas, com mais de 1,5 mil alunos matriculados, oferecendo educa\u00e7\u00e3o bil\u00edngue que respeita a l\u00edngua materna da comunidade como primeiro idioma e a l\u00edngua portuguesa como segundo.<\/p>\n\n\n\n<p>O artigo 32 da Lei de Diretrizes e Bases da Educa\u00e7\u00e3o define que o ensino fundamental regular deve ser ministrado em l\u00edngua portuguesa, assegurada \u00e0s comunidades ind\u00edgenas tamb\u00e9m a utiliza\u00e7\u00e3o de suas l\u00ednguas maternas e processos pr\u00f3prios de aprendizagem.<\/p>\n\n\n\n<p>Recentemente, a Funda\u00e7\u00e3o para o Desenvolvimento da Educa\u00e7\u00e3o (FDE) realizou uma reforma na Escola Estadual Ind\u00edgena Aldeia Nimuendaju, localizada no munic\u00edpio de Ava\u00ed, a 380 km da capital paulista, com o objetivo de garantir educa\u00e7\u00e3o de qualidade para mais de 50 alunos atendidos pela unidade.<\/p>\n\n\n\n<p>Com um investimento de R$ 580 mil, a escola passou por melhorias na cobertura, instala\u00e7\u00f5es el\u00e9tricas, hidr\u00e1ulicas e na rede de capta\u00e7\u00e3o de esgoto. As esquadrias foram restauradas e os pisos, substitu\u00eddos.<\/p>\n","protected":false},"excerpt":{"rendered":"<p>Neste dia 19 de abril, Dia dos Povos Ind\u00edgenas, a Secretaria da Educa\u00e7\u00e3o do Estado de S\u00e3o Paulo comemora a diversidade hist\u00f3rica e cultural dos povos nativos brasileiros e busca combater preconceitos contra os grupos origin\u00e1rios e estabelecer pol\u00edticas p\u00fablicas que garantam os direitos dos povos ind\u00edgenas. Atualmente, a rede estadual de S\u00e3o Paulo conta &hellip;<\/p>\n","protected":false},"author":1,"featured_media":2662,"comment_status":"open","ping_status":"open","sticky":false,"template":"","format":"standard","meta":{"_jetpack_memberships_contains_paid_content":false,"footnotes":"","jetpack_publicize_message":"","jetpack_publicize_feature_enabled":true,"jetpack_social_post_already_shared":false,"jetpack_social_options":{"image_generator_settings":{"template":"highway","default_image_id":0,"enabled":false},"version":2}},"categories":[4],"tags":[],"class_list":["post-2661","post","type-post","status-publish","format-standard","has-post-thumbnail","hentry","category-regiao"],"jetpack_publicize_connections":[],"jetpack_featured_media_url":"https:\/\/i0.wp.com\/www.paparazzinews.com.br\/wp-content\/uploads\/2023\/04\/52825820641_a9a71334bb_c.jpg?fit=800%2C534&ssl=1","views":"4825","jetpack_likes_enabled":true,"jetpack_sharing_enabled":true,"_links":{"self":[{"href":"https:\/\/www.paparazzinews.com.br\/index.php?rest_route=\/wp\/v2\/posts\/2661","targetHints":{"allow":["GET"]}}],"collection":[{"href":"https:\/\/www.paparazzinews.com.br\/index.php?rest_route=\/wp\/v2\/posts"}],"about":[{"href":"https:\/\/www.paparazzinews.com.br\/index.php?rest_route=\/wp\/v2\/types\/post"}],"author":[{"embeddable":true,"href":"https:\/\/www.paparazzinews.com.br\/index.php?rest_route=\/wp\/v2\/users\/1"}],"replies":[{"embeddable":true,"href":"https:\/\/www.paparazzinews.com.br\/index.php?rest_route=%2Fwp%2Fv2%2Fcomments&post=2661"}],"version-history":[{"count":1,"href":"https:\/\/www.paparazzinews.com.br\/index.php?rest_route=\/wp\/v2\/posts\/2661\/revisions"}],"predecessor-version":[{"id":2663,"href":"https:\/\/www.paparazzinews.com.br\/index.php?rest_route=\/wp\/v2\/posts\/2661\/revisions\/2663"}],"wp:featuredmedia":[{"embeddable":true,"href":"https:\/\/www.paparazzinews.com.br\/index.php?rest_route=\/wp\/v2\/media\/2662"}],"wp:attachment":[{"href":"https:\/\/www.paparazzinews.com.br\/index.php?rest_route=%2Fwp%2Fv2%2Fmedia&parent=2661"}],"wp:term":[{"taxonomy":"category","embeddable":true,"href":"https:\/\/www.paparazzinews.com.br\/index.php?rest_route=%2Fwp%2Fv2%2Fcategories&post=2661"},{"taxonomy":"post_tag","embeddable":true,"href":"https:\/\/www.paparazzinews.com.br\/index.php?rest_route=%2Fwp%2Fv2%2Ftags&post=2661"}],"curies":[{"name":"wp","href":"https:\/\/api.w.org\/{rel}","templated":true}]}}