{"id":2655,"date":"2023-04-17T18:39:51","date_gmt":"2023-04-17T21:39:51","guid":{"rendered":"https:\/\/www.paparazzinews.com.br\/?p=2655"},"modified":"2023-04-17T18:39:53","modified_gmt":"2023-04-17T21:39:53","slug":"faculdade-de-andradina-quer-abolir-a-utilizacao-de-copos-plasticos","status":"publish","type":"post","link":"https:\/\/www.paparazzinews.com.br\/?p=2655","title":{"rendered":"Faculdade de Andradina quer abolir a utiliza\u00e7\u00e3o de copos pl\u00e1sticos"},"content":{"rendered":"\n<p>A Funda\u00e7\u00e3o Educacional de Andradina, est\u00e1 envolvendo alunos, professores e demais funcion\u00e1rios em agentes de transforma\u00e7\u00e3o tendo a preserva\u00e7\u00e3o do meio ambiente como tema fundamental de uma campanha que quer abolir a utiliza\u00e7\u00e3o de copos pl\u00e1sticos no ambiente escolar.A campanha est\u00e1 incentivando a ado\u00e7\u00e3o de uma garrafinha, copo ou caneca feitos com material recicl\u00e1vel para que a utiliza\u00e7\u00e3o de aproximadamente 5 mil copos pl\u00e1sticos por m\u00eas seja extinguida.<br><br>Em vez de esse esfor\u00e7o ecol\u00f3gico se tornar algo realizado apenas uma vez por ano, ou deixado de lado e exposto somente em alguns cartazes que, depois de um tempo, ningu\u00e9m mais v\u00ea, o projeto p\u00f5e o tema na vida pr\u00e1tica dos alunos. Pequenas atitudes podem mudar muitas coisas e o assunto \u00e9 comum n\u00e3o s\u00f3 em sala de aula, mas em todos os ambientes da Funda\u00e7\u00e3o.<br><br>O objetivo da campanha \u00e9 fazer todos os envolvidos entender, desde os primeiros anos na escola e nas esferas funcionais, a import\u00e2ncia de falar sobre natureza, preserva\u00e7\u00e3o e sustentabilidade. A campanha est\u00e1 tomando forma e aos poucos vai se tornar um exemplo que pode ser adotado em qualquer escola.<br>Voc\u00ea sabia?<\/p>\n\n\n\n<p>Seja no tradicional&nbsp;<em>caf\u00e9zinho<\/em>&nbsp;da manh\u00e3 comprado na padaria ou apenas para saciar a sede enquanto voc\u00ea est\u00e1 em uma sala de espera, o uso de copos pl\u00e1sticos descart\u00e1veis faz parte do cotidiano de muitas pessoas. Entretanto, quando analisamos com uma vis\u00e3o macro, este h\u00e1bito t\u00e3o rotineiro implica em impactos negativos de larga escala no meio ambiente.<br><br>O copo pl\u00e1stico leva em torno de 200 a 400 anos para se decompor e possui uma vida \u00fatil muito curta de apenas poucos segundos, e, quando destinado corretamente, apenas 20% \u00e9 reciclado e o restante \u00e9 descartado em aterros sanit\u00e1rios ou lix\u00f5es o que acaba interferindo negativamente na decomposi\u00e7\u00e3o dos res\u00edduos org\u00e2nicos.<\/p>\n\n\n\n<p><a href=\"https:\/\/www.andradina.sp.gov.br\/fotos\/d0730aa4770f2c5fe4c1016b2e98f348.jpg\"><\/a><\/p>\n","protected":false},"excerpt":{"rendered":"<p>A Funda\u00e7\u00e3o Educacional de Andradina, est\u00e1 envolvendo alunos, professores e demais funcion\u00e1rios em agentes de transforma\u00e7\u00e3o tendo a preserva\u00e7\u00e3o do meio ambiente como tema fundamental de uma campanha que quer abolir a utiliza\u00e7\u00e3o de copos pl\u00e1sticos no ambiente escolar.A campanha est\u00e1 incentivando a ado\u00e7\u00e3o de uma garrafinha, copo ou caneca feitos com material recicl\u00e1vel para &hellip;<\/p>\n","protected":false},"author":1,"featured_media":2656,"comment_status":"open","ping_status":"open","sticky":false,"template":"","format":"standard","meta":{"_jetpack_memberships_contains_paid_content":false,"footnotes":"","jetpack_publicize_message":"","jetpack_publicize_feature_enabled":true,"jetpack_social_post_already_shared":false,"jetpack_social_options":{"image_generator_settings":{"template":"highway","default_image_id":0,"enabled":false},"version":2}},"categories":[4],"tags":[],"class_list":["post-2655","post","type-post","status-publish","format-standard","has-post-thumbnail","hentry","category-regiao"],"jetpack_publicize_connections":[],"jetpack_featured_media_url":"https:\/\/i0.wp.com\/www.paparazzinews.com.br\/wp-content\/uploads\/2023\/04\/d0730aa4770f2c5fe4c1016b2e98f348.jpg?fit=800%2C600&ssl=1","views":"3783","jetpack_likes_enabled":true,"jetpack_sharing_enabled":true,"_links":{"self":[{"href":"https:\/\/www.paparazzinews.com.br\/index.php?rest_route=\/wp\/v2\/posts\/2655","targetHints":{"allow":["GET"]}}],"collection":[{"href":"https:\/\/www.paparazzinews.com.br\/index.php?rest_route=\/wp\/v2\/posts"}],"about":[{"href":"https:\/\/www.paparazzinews.com.br\/index.php?rest_route=\/wp\/v2\/types\/post"}],"author":[{"embeddable":true,"href":"https:\/\/www.paparazzinews.com.br\/index.php?rest_route=\/wp\/v2\/users\/1"}],"replies":[{"embeddable":true,"href":"https:\/\/www.paparazzinews.com.br\/index.php?rest_route=%2Fwp%2Fv2%2Fcomments&post=2655"}],"version-history":[{"count":1,"href":"https:\/\/www.paparazzinews.com.br\/index.php?rest_route=\/wp\/v2\/posts\/2655\/revisions"}],"predecessor-version":[{"id":2657,"href":"https:\/\/www.paparazzinews.com.br\/index.php?rest_route=\/wp\/v2\/posts\/2655\/revisions\/2657"}],"wp:featuredmedia":[{"embeddable":true,"href":"https:\/\/www.paparazzinews.com.br\/index.php?rest_route=\/wp\/v2\/media\/2656"}],"wp:attachment":[{"href":"https:\/\/www.paparazzinews.com.br\/index.php?rest_route=%2Fwp%2Fv2%2Fmedia&parent=2655"}],"wp:term":[{"taxonomy":"category","embeddable":true,"href":"https:\/\/www.paparazzinews.com.br\/index.php?rest_route=%2Fwp%2Fv2%2Fcategories&post=2655"},{"taxonomy":"post_tag","embeddable":true,"href":"https:\/\/www.paparazzinews.com.br\/index.php?rest_route=%2Fwp%2Fv2%2Ftags&post=2655"}],"curies":[{"name":"wp","href":"https:\/\/api.w.org\/{rel}","templated":true}]}}