{"id":2632,"date":"2023-04-14T13:27:22","date_gmt":"2023-04-14T16:27:22","guid":{"rendered":"https:\/\/www.paparazzinews.com.br\/?p=2632"},"modified":"2023-04-14T13:27:23","modified_gmt":"2023-04-14T16:27:23","slug":"delegado-de-crimes-ciberneticos-recomenda-que-pais-ampliem-dialogo-e-monitorem-redes-sociais-dos-filhos","status":"publish","type":"post","link":"https:\/\/www.paparazzinews.com.br\/?p=2632","title":{"rendered":"Delegado de Crimes Cibern\u00e9ticos recomenda que pais ampliem di\u00e1logo e monitorem redes sociais dos filhos"},"content":{"rendered":"\n<p>Com o aumento de den\u00fancias sobre supostas amea\u00e7as de ataques em escolas, o delegado Carlos Afonso Gon\u00e7alves da Silva, respons\u00e1vel pela Divis\u00e3o de Crimes Cibern\u00e9ticos da Pol\u00edcia Civil, orienta os pais a ampliarem o di\u00e1logo e o controle sobre o conte\u00fado que os filhos veem nas redes sociais, seja pelo computador ou pelo celular.<\/p>\n\n\n\n<p>Com 36 anos de experi\u00eancia no cargo, o delegado comanda o trabalho de intelig\u00eancia nas redes sociais e afirma que a Pol\u00edcia acompanha atentamente cada den\u00fancia que surge. Segundo Carlos Afonso, h\u00e1 um crescimento de informa\u00e7\u00f5es sobre supostos ataques em aplicativos de mensagens, mas \u00e9 importante que os pais chequem a fonte das informa\u00e7\u00f5es e n\u00e3o compartilhem desinforma\u00e7\u00e3o e not\u00edcias antigas que geram clima de alarmismo nas fam\u00edlias.<\/p>\n\n\n\n<p>&#8220;O primeiro ponto \u00e9 a aproxima\u00e7\u00e3o dos pais com os filhos por meio do di\u00e1logo. E, como medida preventiva para garantir a seguran\u00e7a das crian\u00e7as e jovens, eles precisam saber o conte\u00fado que os filhos veem no computador e celular. \u00c9 poss\u00edvel fazer este controle inclusive de forma remota por aplicativos&#8221;, esclarece o delegado, que ainda complementa:<\/p>\n\n\n\n<p>&#8220;O momento exige serenidade e aten\u00e7\u00e3o redobrada. H\u00e1 muitas not\u00edcias que circulam com fotos que s\u00e3o montagens ou que s\u00e3o de outros casos de atentados e que n\u00e3o correspondem \u00e0 realidade. \u00c9 preciso checar a fonte das informa\u00e7\u00f5es antes de compartilhar&#8221;.<\/p>\n\n\n\n<p><strong>Integra\u00e7\u00e3o entre Seguran\u00e7a e Educa\u00e7\u00e3o<\/strong><\/p>\n\n\n\n<p>Na quinta-feira (13), o governador Tarc\u00edsio de Freitas anunciou, em visita \u00e0 Escola Estadual Thomazia Montoro, na Capital, investimentos de R$ 240 milh\u00f5es para ampliar a seguran\u00e7a e o acolhimento nas escolas. Ser\u00e3o contratados 550 psic\u00f3logos, que passar\u00e3o a atuar na rede estadual de ensino por meio do programa Psic\u00f3logos na Educa\u00e7\u00e3o. O Estado ainda vai contratar mil seguran\u00e7as privados desarmados. Os profissionais v\u00e3o atuar como vigilantes, criando v\u00ednculos com alunos e professores e ajudando na identifica\u00e7\u00e3o de situa\u00e7\u00f5es que possam interferir na seguran\u00e7a do ambiente escolar. As medidas s\u00e3o fruto de um trabalho que integra a Secretaria de Seguran\u00e7a P\u00fablica e a Secretaria da Educa\u00e7\u00e3o.<\/p>\n\n\n\n<p><strong>Nova op\u00e7\u00e3o &#8216;Seguran\u00e7a Escolar&#8217; no app &#8216;190 SP&#8217;<\/strong><\/p>\n\n\n\n<p>A Pol\u00edcia Militar atualizou o aplicativo &#8220;190 SP&#8221; para o registro de ocorr\u00eancias com a op\u00e7\u00e3o &#8220;Seguran\u00e7a Escolar&#8221;, que d\u00e1 atendimento priorit\u00e1rio nos chamados de emerg\u00eancia! A nova funcionalidade pode ser acionada de qualquer cidade do Estado e o seu chamado vai ser imediatamente direcionado \u00e0s equipes mais pr\u00f3ximas do local, sem precisar passar pela etapa do atendimento telef\u00f4nico por meio do 190. O aplicativo est\u00e1 dispon\u00edvel para os sistemas android e IOS. No primeiro acesso, voc\u00ea vai precisar fazer um cadastro e, a partir da\u00ed, \u00e9 s\u00f3 informar o seu CPF e a senha escolhida. N\u00e3o se preocupe! Mesmo com as suas informa\u00e7\u00f5es \u00e9 voc\u00ea quem decide se a den\u00fancia ser\u00e1 de forma an\u00f4nima ou n\u00e3o.<\/p>\n","protected":false},"excerpt":{"rendered":"<p>Com o aumento de den\u00fancias sobre supostas amea\u00e7as de ataques em escolas, o delegado Carlos Afonso Gon\u00e7alves da Silva, respons\u00e1vel pela Divis\u00e3o de Crimes Cibern\u00e9ticos da Pol\u00edcia Civil, orienta os pais a ampliarem o di\u00e1logo e o controle sobre o conte\u00fado que os filhos veem nas redes sociais, seja pelo computador ou pelo celular. Com &hellip;<\/p>\n","protected":false},"author":1,"featured_media":2633,"comment_status":"open","ping_status":"open","sticky":false,"template":"","format":"standard","meta":{"_jetpack_memberships_contains_paid_content":false,"footnotes":"","jetpack_publicize_message":"","jetpack_publicize_feature_enabled":true,"jetpack_social_post_already_shared":false,"jetpack_social_options":{"image_generator_settings":{"template":"highway","default_image_id":0,"enabled":false},"version":2}},"categories":[3],"tags":[],"class_list":["post-2632","post","type-post","status-publish","format-standard","has-post-thumbnail","hentry","category-policial"],"jetpack_publicize_connections":[],"jetpack_featured_media_url":"https:\/\/i0.wp.com\/www.paparazzinews.com.br\/wp-content\/uploads\/2023\/04\/Crimes-Ciberneticos.png?fit=615%2C300&ssl=1","views":"4838","jetpack_likes_enabled":true,"jetpack_sharing_enabled":true,"_links":{"self":[{"href":"https:\/\/www.paparazzinews.com.br\/index.php?rest_route=\/wp\/v2\/posts\/2632","targetHints":{"allow":["GET"]}}],"collection":[{"href":"https:\/\/www.paparazzinews.com.br\/index.php?rest_route=\/wp\/v2\/posts"}],"about":[{"href":"https:\/\/www.paparazzinews.com.br\/index.php?rest_route=\/wp\/v2\/types\/post"}],"author":[{"embeddable":true,"href":"https:\/\/www.paparazzinews.com.br\/index.php?rest_route=\/wp\/v2\/users\/1"}],"replies":[{"embeddable":true,"href":"https:\/\/www.paparazzinews.com.br\/index.php?rest_route=%2Fwp%2Fv2%2Fcomments&post=2632"}],"version-history":[{"count":1,"href":"https:\/\/www.paparazzinews.com.br\/index.php?rest_route=\/wp\/v2\/posts\/2632\/revisions"}],"predecessor-version":[{"id":2634,"href":"https:\/\/www.paparazzinews.com.br\/index.php?rest_route=\/wp\/v2\/posts\/2632\/revisions\/2634"}],"wp:featuredmedia":[{"embeddable":true,"href":"https:\/\/www.paparazzinews.com.br\/index.php?rest_route=\/wp\/v2\/media\/2633"}],"wp:attachment":[{"href":"https:\/\/www.paparazzinews.com.br\/index.php?rest_route=%2Fwp%2Fv2%2Fmedia&parent=2632"}],"wp:term":[{"taxonomy":"category","embeddable":true,"href":"https:\/\/www.paparazzinews.com.br\/index.php?rest_route=%2Fwp%2Fv2%2Fcategories&post=2632"},{"taxonomy":"post_tag","embeddable":true,"href":"https:\/\/www.paparazzinews.com.br\/index.php?rest_route=%2Fwp%2Fv2%2Ftags&post=2632"}],"curies":[{"name":"wp","href":"https:\/\/api.w.org\/{rel}","templated":true}]}}