{"id":2621,"date":"2023-04-13T17:31:22","date_gmt":"2023-04-13T20:31:22","guid":{"rendered":"https:\/\/www.paparazzinews.com.br\/?p=2621"},"modified":"2023-04-13T17:31:43","modified_gmt":"2023-04-13T20:31:43","slug":"adolescente-provoca-onde-de-furtos-em-andradina-e-coloca-na-cadeia-receptador","status":"publish","type":"post","link":"https:\/\/www.paparazzinews.com.br\/?p=2621","title":{"rendered":"Adolescente provoca onda de furtos em Andradina e coloca na cadeia receptador"},"content":{"rendered":"\n<p>Na manh\u00e3 desta quarta-feira, dia 12, policiais militares de Andradina tomaram conhecimento de uma s\u00e9rie de furtos e tentativas de furto, atrav\u00e9s de arrombamento, em diversos estabelecimentos comerciais no centro da cidade e no bairro Ot\u00e1vio Minholi.<\/p>\n\n\n\n<p>Em contato com os propriet\u00e1rios\/v\u00edtimas, obtiveram imagens de c\u00e2meras de monitoramento, onde foi poss\u00edvel identificar o autor, adolescente de 16 anos, j\u00e1 bastante conhecido nos meios. Com esta informa\u00e7\u00e3o, realizaram dilig\u00eancias pelo bairro Jardim Europa e o localizaram.<\/p>\n\n\n\n<p>Indagado, ele admitiu a autoria dos furtos em uma farm\u00e1cia, em uma empresa de embalagens e em uma loja de roupas e cal\u00e7ados, declarando que havia furtado, entre outros itens, R$ 500,00, valor utilizado por ele para pagar d\u00edvidas de drogas, que deixou dois pares de t\u00eanis furtados em uma resid\u00eancia e perfumes e cremes em outra, e que havia consumido uma garrafa de \u00e1gua mineral furtada na farm\u00e1cia.<\/p>\n\n\n\n<p>Em novas dilig\u00eancias, foram at\u00e9 o primeiro endere\u00e7o indicado onde, em contato com o morador, este declarou que, ao acordar, encontrou dois pares de t\u00eanis da marca Nike e os guardou, entregando-os aos policiais. No segundo endere\u00e7o, em contato com o morador, este confirmou que foi procurado pelo adolescente e comprou dele um perfume feminino e alguns cremes, tamb\u00e9m os entregando.<\/p>\n\n\n\n<p>Diante dos fatos, todos foram encaminhados ao 1\u00ba DP onde o segundo detido foi autuado em flagrante por Recepta\u00e7\u00e3o e recolhido ao c\u00e1rcere, enquanto o primeiro detido foi ouvido e liberado. O adolescente, que durante todo o registro dos fatos foi acompanhado por sua genitora, foi ouvido e liberado.<br>Os produtos furtados e recuperados foram devolvidos aos seus propriet\u00e1rios.<\/p>\n","protected":false},"excerpt":{"rendered":"<p>Na manh\u00e3 desta quarta-feira, dia 12, policiais militares de Andradina tomaram conhecimento de uma s\u00e9rie de furtos e tentativas de furto, atrav\u00e9s de arrombamento, em diversos estabelecimentos comerciais no centro da cidade e no bairro Ot\u00e1vio Minholi. Em contato com os propriet\u00e1rios\/v\u00edtimas, obtiveram imagens de c\u00e2meras de monitoramento, onde foi poss\u00edvel identificar o autor, adolescente &hellip;<\/p>\n","protected":false},"author":1,"featured_media":2623,"comment_status":"open","ping_status":"open","sticky":false,"template":"","format":"standard","meta":{"_jetpack_memberships_contains_paid_content":false,"footnotes":"","jetpack_publicize_message":"","jetpack_publicize_feature_enabled":true,"jetpack_social_post_already_shared":false,"jetpack_social_options":{"image_generator_settings":{"template":"highway","default_image_id":0,"enabled":false},"version":2}},"categories":[3],"tags":[],"class_list":["post-2621","post","type-post","status-publish","format-standard","has-post-thumbnail","hentry","category-policial"],"jetpack_publicize_connections":[],"jetpack_featured_media_url":"https:\/\/i0.wp.com\/www.paparazzinews.com.br\/wp-content\/uploads\/2023\/04\/d67d12e5-2fe2-4601-b086-76d0b548fc6d.jpg?fit=766%2C590&ssl=1","views":"4282","jetpack_likes_enabled":true,"jetpack_sharing_enabled":true,"_links":{"self":[{"href":"https:\/\/www.paparazzinews.com.br\/index.php?rest_route=\/wp\/v2\/posts\/2621","targetHints":{"allow":["GET"]}}],"collection":[{"href":"https:\/\/www.paparazzinews.com.br\/index.php?rest_route=\/wp\/v2\/posts"}],"about":[{"href":"https:\/\/www.paparazzinews.com.br\/index.php?rest_route=\/wp\/v2\/types\/post"}],"author":[{"embeddable":true,"href":"https:\/\/www.paparazzinews.com.br\/index.php?rest_route=\/wp\/v2\/users\/1"}],"replies":[{"embeddable":true,"href":"https:\/\/www.paparazzinews.com.br\/index.php?rest_route=%2Fwp%2Fv2%2Fcomments&post=2621"}],"version-history":[{"count":2,"href":"https:\/\/www.paparazzinews.com.br\/index.php?rest_route=\/wp\/v2\/posts\/2621\/revisions"}],"predecessor-version":[{"id":2625,"href":"https:\/\/www.paparazzinews.com.br\/index.php?rest_route=\/wp\/v2\/posts\/2621\/revisions\/2625"}],"wp:featuredmedia":[{"embeddable":true,"href":"https:\/\/www.paparazzinews.com.br\/index.php?rest_route=\/wp\/v2\/media\/2623"}],"wp:attachment":[{"href":"https:\/\/www.paparazzinews.com.br\/index.php?rest_route=%2Fwp%2Fv2%2Fmedia&parent=2621"}],"wp:term":[{"taxonomy":"category","embeddable":true,"href":"https:\/\/www.paparazzinews.com.br\/index.php?rest_route=%2Fwp%2Fv2%2Fcategories&post=2621"},{"taxonomy":"post_tag","embeddable":true,"href":"https:\/\/www.paparazzinews.com.br\/index.php?rest_route=%2Fwp%2Fv2%2Ftags&post=2621"}],"curies":[{"name":"wp","href":"https:\/\/api.w.org\/{rel}","templated":true}]}}