{"id":2609,"date":"2023-04-12T18:11:53","date_gmt":"2023-04-12T21:11:53","guid":{"rendered":"https:\/\/www.paparazzinews.com.br\/?p=2609"},"modified":"2023-04-12T18:11:54","modified_gmt":"2023-04-12T21:11:54","slug":"diretoria-de-ensino-reune-educadores-e-pm-em-reuniao-estrategica-sobre-seguranca-nas-escolas","status":"publish","type":"post","link":"https:\/\/www.paparazzinews.com.br\/?p=2609","title":{"rendered":"Diretoria de Ensino re\u00fane educadores e PM em reuni\u00e3o estrat\u00e9gica sobre seguran\u00e7a nas escolas"},"content":{"rendered":"\n<p>A secret\u00e1ria de Educa\u00e7\u00e3o, Silv\u00e2nia Cintra, liderou a delega\u00e7\u00e3o formada pela equipe t\u00e9cnica da Secretaria de Educa\u00e7\u00e3o e gestores das escolas e creches municipais de Castilho, numa importante reuni\u00e3o de trabalhos convocada pela dirigente regional de Ensino, Sel\u00eania Silvia Witter de Melo, para tratar sobre a ado\u00e7\u00e3o de protocolos de seguran\u00e7a nas escolas p\u00fablicas e particulares da regi\u00e3o.<\/p>\n\n\n\n<p>O encontro teve in\u00edcio \u00e0s 10h00 desta quarta-feira (12) na Diretoria Regional de Ensino de Andradina, e tamb\u00e9m reuniu as delega\u00e7\u00f5es de educadores de Nova Independ\u00eancia e Andradina, incluindo representantes das escolas da rede particular destes tr\u00eas munic\u00edpios.<\/p>\n\n\n\n<p>Para conduzir os trabalhos e orientar os dirigentes municipais sobre medidas preventivas e tra\u00e7ar planos conjuntos para garantir a seguran\u00e7a nas escolas, atrav\u00e9s de protocolos capazes de desestimular poss\u00edveis atos de viol\u00eancia, Sel\u00eania tamb\u00e9m convidou para o encontro, o Capit\u00e3o PM Diogo, da 1\u00aa Companhia do Batalh\u00e3o da Pol\u00edcia Militar respons\u00e1vel pelos munic\u00edpios de Andradina, Castilho e Nova Independ\u00eancia. Acompanhado por outros membros da PM, eles contribu\u00edram significativamente para indicar os principais focos do problema e sugerir estrat\u00e9gias de conten\u00e7\u00e3o.<\/p>\n\n\n\n<p>\u201cEnquanto as redes sociais propagam o medo atrav\u00e9s de fake news, estamos trabalhando lado a lado com a PM para melhorar ainda mais os mecanismos de seguran\u00e7a que j\u00e1 temos na maioria absoluta das escolas da regi\u00e3o. A Pol\u00edcia e n\u00f3s &#8211; dirigentes regionais de Educa\u00e7\u00e3o, estamos revisando os protocolos j\u00e1 existentes para garantir que as crian\u00e7as e adolescentes possam frequentar as nossas escolas e creches com a devida seguran\u00e7a\u201d, informou a secret\u00e1ria castilhense, Silv\u00e2nia Cintra.<\/p>\n","protected":false},"excerpt":{"rendered":"<p>A secret\u00e1ria de Educa\u00e7\u00e3o, Silv\u00e2nia Cintra, liderou a delega\u00e7\u00e3o formada pela equipe t\u00e9cnica da Secretaria de Educa\u00e7\u00e3o e gestores das escolas e creches municipais de Castilho, numa importante reuni\u00e3o de trabalhos convocada pela dirigente regional de Ensino, Sel\u00eania Silvia Witter de Melo, para tratar sobre a ado\u00e7\u00e3o de protocolos de seguran\u00e7a nas escolas p\u00fablicas e &hellip;<\/p>\n","protected":false},"author":1,"featured_media":2610,"comment_status":"open","ping_status":"open","sticky":false,"template":"","format":"standard","meta":{"_jetpack_memberships_contains_paid_content":false,"footnotes":"","jetpack_publicize_message":"","jetpack_publicize_feature_enabled":true,"jetpack_social_post_already_shared":false,"jetpack_social_options":{"image_generator_settings":{"template":"highway","default_image_id":0,"enabled":false},"version":2}},"categories":[4],"tags":[],"class_list":["post-2609","post","type-post","status-publish","format-standard","has-post-thumbnail","hentry","category-regiao"],"jetpack_publicize_connections":[],"jetpack_featured_media_url":"https:\/\/i0.wp.com\/www.paparazzinews.com.br\/wp-content\/uploads\/2023\/04\/1b0f4cb0-270b-4c69-8299-48fe30f87d9f-e1681333905210.jpg?fit=1000%2C750&ssl=1","views":"4300","jetpack_likes_enabled":true,"jetpack_sharing_enabled":true,"_links":{"self":[{"href":"https:\/\/www.paparazzinews.com.br\/index.php?rest_route=\/wp\/v2\/posts\/2609","targetHints":{"allow":["GET"]}}],"collection":[{"href":"https:\/\/www.paparazzinews.com.br\/index.php?rest_route=\/wp\/v2\/posts"}],"about":[{"href":"https:\/\/www.paparazzinews.com.br\/index.php?rest_route=\/wp\/v2\/types\/post"}],"author":[{"embeddable":true,"href":"https:\/\/www.paparazzinews.com.br\/index.php?rest_route=\/wp\/v2\/users\/1"}],"replies":[{"embeddable":true,"href":"https:\/\/www.paparazzinews.com.br\/index.php?rest_route=%2Fwp%2Fv2%2Fcomments&post=2609"}],"version-history":[{"count":1,"href":"https:\/\/www.paparazzinews.com.br\/index.php?rest_route=\/wp\/v2\/posts\/2609\/revisions"}],"predecessor-version":[{"id":2611,"href":"https:\/\/www.paparazzinews.com.br\/index.php?rest_route=\/wp\/v2\/posts\/2609\/revisions\/2611"}],"wp:featuredmedia":[{"embeddable":true,"href":"https:\/\/www.paparazzinews.com.br\/index.php?rest_route=\/wp\/v2\/media\/2610"}],"wp:attachment":[{"href":"https:\/\/www.paparazzinews.com.br\/index.php?rest_route=%2Fwp%2Fv2%2Fmedia&parent=2609"}],"wp:term":[{"taxonomy":"category","embeddable":true,"href":"https:\/\/www.paparazzinews.com.br\/index.php?rest_route=%2Fwp%2Fv2%2Fcategories&post=2609"},{"taxonomy":"post_tag","embeddable":true,"href":"https:\/\/www.paparazzinews.com.br\/index.php?rest_route=%2Fwp%2Fv2%2Ftags&post=2609"}],"curies":[{"name":"wp","href":"https:\/\/api.w.org\/{rel}","templated":true}]}}