{"id":2560,"date":"2023-04-06T16:44:19","date_gmt":"2023-04-06T19:44:19","guid":{"rendered":"https:\/\/www.paparazzinews.com.br\/?p=2560"},"modified":"2023-04-06T16:44:20","modified_gmt":"2023-04-06T19:44:20","slug":"projeto-da-escola-armel-miranda-revela-novos-talentos","status":"publish","type":"post","link":"https:\/\/www.paparazzinews.com.br\/?p=2560","title":{"rendered":"Projeto da Escola Armel Miranda revela novos talentos"},"content":{"rendered":"\n<p>Foi atrav\u00e9s da Arteterapia que a professora Val\u00e9ria de Souza Santos, da sala de Recursos do col\u00e9gio Armel Miranda criou o projeto: \u201cDescobrindo Artistas, Trabalhando Emo\u00e7\u00f5es\u201d.<\/p>\n\n\n\n<p>A Arteterapia \u00e9 uma ferramenta que utiliza o processo criativo de fazer arte para melhorar o bem estar f\u00edsico, mental e emocional, auxiliando os alunos a resolver conflitos, desenvolvendo habilidades sociais, controlando suas emo\u00e7\u00f5es e aumentando sua <a><\/a>autoestima.<\/p>\n\n\n\n<p>Para transformar projeto em realidade, Val\u00e9ria conta com a ajuda e participa\u00e7\u00e3o ativa do Gr\u00eamio Estudantil \u201cRevolu\u00e7\u00e3o Jovem\u201d que, ali\u00e1s, tem feito muito jus ao nome adotado pela chapa vencedora.<\/p>\n\n\n\n<p>Para divulgar e compartilhar os frutos desta iniciativa, todos os trabalhos produzidos pelos estudantes foram expostos no p\u00e1tio da escola. Na mesma ocasi\u00e3o, aconteceu um momento simb\u00f3lico, mas de grande import\u00e2ncia para lembrar o Dia Mundial de Conscientiza\u00e7\u00e3o Sobre o Autismo. O ato contou com a participa\u00e7\u00e3o dos alunos Maria Fernanda e Cheizon, que deram um show de autenticidade, informa\u00e7\u00e3o e empatia.<\/p>\n\n\n\n<figure class=\"wp-block-image size-full\"><img data-recalc-dims=\"1\" loading=\"lazy\" decoding=\"async\" width=\"708\" height=\"459\" src=\"https:\/\/i0.wp.com\/www.paparazzinews.com.br\/wp-content\/uploads\/2023\/04\/339139144_3358955540983642_6170761389154056496_n.jpg?resize=708%2C459&#038;ssl=1\" alt=\"\" class=\"wp-image-2562\" srcset=\"https:\/\/i0.wp.com\/www.paparazzinews.com.br\/wp-content\/uploads\/2023\/04\/339139144_3358955540983642_6170761389154056496_n.jpg?w=1024&amp;ssl=1 1024w, https:\/\/i0.wp.com\/www.paparazzinews.com.br\/wp-content\/uploads\/2023\/04\/339139144_3358955540983642_6170761389154056496_n.jpg?resize=300%2C195&amp;ssl=1 300w, https:\/\/i0.wp.com\/www.paparazzinews.com.br\/wp-content\/uploads\/2023\/04\/339139144_3358955540983642_6170761389154056496_n.jpg?resize=768%2C498&amp;ssl=1 768w\" sizes=\"auto, (max-width: 708px) 100vw, 708px\" \/><\/figure>\n","protected":false},"excerpt":{"rendered":"<p>Foi atrav\u00e9s da Arteterapia que a professora Val\u00e9ria de Souza Santos, da sala de Recursos do col\u00e9gio Armel Miranda criou o projeto: \u201cDescobrindo Artistas, Trabalhando Emo\u00e7\u00f5es\u201d. A Arteterapia \u00e9 uma ferramenta que utiliza o processo criativo de fazer arte para melhorar o bem estar f\u00edsico, mental e emocional, auxiliando os alunos a resolver conflitos, desenvolvendo &hellip;<\/p>\n","protected":false},"author":1,"featured_media":2561,"comment_status":"open","ping_status":"open","sticky":false,"template":"","format":"standard","meta":{"_jetpack_memberships_contains_paid_content":false,"footnotes":"","jetpack_publicize_message":"","jetpack_publicize_feature_enabled":true,"jetpack_social_post_already_shared":false,"jetpack_social_options":{"image_generator_settings":{"template":"highway","default_image_id":0,"enabled":false},"version":2}},"categories":[4],"tags":[],"class_list":["post-2560","post","type-post","status-publish","format-standard","has-post-thumbnail","hentry","category-regiao"],"jetpack_publicize_connections":[],"jetpack_featured_media_url":"https:\/\/i0.wp.com\/www.paparazzinews.com.br\/wp-content\/uploads\/2023\/04\/339969977_596219832416597_959567565393929801_n.jpg?fit=1024%2C682&ssl=1","views":"4552","jetpack_likes_enabled":true,"jetpack_sharing_enabled":true,"_links":{"self":[{"href":"https:\/\/www.paparazzinews.com.br\/index.php?rest_route=\/wp\/v2\/posts\/2560","targetHints":{"allow":["GET"]}}],"collection":[{"href":"https:\/\/www.paparazzinews.com.br\/index.php?rest_route=\/wp\/v2\/posts"}],"about":[{"href":"https:\/\/www.paparazzinews.com.br\/index.php?rest_route=\/wp\/v2\/types\/post"}],"author":[{"embeddable":true,"href":"https:\/\/www.paparazzinews.com.br\/index.php?rest_route=\/wp\/v2\/users\/1"}],"replies":[{"embeddable":true,"href":"https:\/\/www.paparazzinews.com.br\/index.php?rest_route=%2Fwp%2Fv2%2Fcomments&post=2560"}],"version-history":[{"count":1,"href":"https:\/\/www.paparazzinews.com.br\/index.php?rest_route=\/wp\/v2\/posts\/2560\/revisions"}],"predecessor-version":[{"id":2563,"href":"https:\/\/www.paparazzinews.com.br\/index.php?rest_route=\/wp\/v2\/posts\/2560\/revisions\/2563"}],"wp:featuredmedia":[{"embeddable":true,"href":"https:\/\/www.paparazzinews.com.br\/index.php?rest_route=\/wp\/v2\/media\/2561"}],"wp:attachment":[{"href":"https:\/\/www.paparazzinews.com.br\/index.php?rest_route=%2Fwp%2Fv2%2Fmedia&parent=2560"}],"wp:term":[{"taxonomy":"category","embeddable":true,"href":"https:\/\/www.paparazzinews.com.br\/index.php?rest_route=%2Fwp%2Fv2%2Fcategories&post=2560"},{"taxonomy":"post_tag","embeddable":true,"href":"https:\/\/www.paparazzinews.com.br\/index.php?rest_route=%2Fwp%2Fv2%2Ftags&post=2560"}],"curies":[{"name":"wp","href":"https:\/\/api.w.org\/{rel}","templated":true}]}}