{"id":2495,"date":"2023-04-03T17:29:32","date_gmt":"2023-04-03T20:29:32","guid":{"rendered":"https:\/\/www.paparazzinews.com.br\/?p=2495"},"modified":"2023-04-03T17:29:33","modified_gmt":"2023-04-03T20:29:33","slug":"homem-acusado-de-matar-o-irmao-em-castilho-vai-a-juri-quarta-feira","status":"publish","type":"post","link":"https:\/\/www.paparazzinews.com.br\/?p=2495","title":{"rendered":"Homem acusado de matar o irm\u00e3o em Castilho vai a j\u00fari quarta-feira"},"content":{"rendered":"\n<p>Jo\u00e3o Natalino Dias, de 40 anos, vai sentar no banco dos r\u00e9us no sal\u00e3o do Tribunal do J\u00fari de Andradina, na pr\u00f3xima quarta-feira (05), \u00e0s 9h, para responder \u00e0 acusa\u00e7\u00e3o de matar seu irm\u00e3o Elso Ferreira Dias, ent\u00e3o com 44 anos. O crime ocorreu por volta das 17h do dia 28 de outubro de 2021, em um bar na Avenida Samira Zar, em Castilho.<\/p>\n\n\n\n<p>De acordo com a den\u00fancia do Minist\u00e9rio P\u00fablico, os irm\u00e3os estavam ingerindo bebida alco\u00f3lica quando come\u00e7aram a discutir, por motivos desconhecidos, quando o r\u00e9u utilizou uma faca para atingir a v\u00edtima no t\u00f3rax. Houve apenas um golpe, fatal.<\/p>\n\n\n\n<p>Um policial militar contou na Justi\u00e7a \u201cque receberam telefonema do SAMU de Tr\u00eas Lagoas-MS informando sobre uma ocorr\u00eancia relativa a v\u00edtima esfaqueada. Foram ao local e l\u00e1 estava a v\u00edtima estava com corte na regi\u00e3o da barriga e, segundo os m\u00e9dicos, j\u00e1 sem vida. A alguns metros foi encontrado o autor dos fatos, sentado, aparentemente calmo, mas embriagado; o r\u00e9u assumiu ter matado o irm\u00e3o com uma faca. O r\u00e9u disse que sempre apanhava do irm\u00e3o e teria prometido \u00e0 v\u00edtima que na pr\u00f3xima vez que isto ocorresse a mataria. Frisou que o acusado estava sentado a alguns metros da v\u00edtima. Em certo momento demonstrou agressividade, mas em linhas gerais n\u00e3o apresentou resist\u00eancia. Ressaltou que o r\u00e9u assumiu a autoria do crime.\u201d<\/p>\n\n\n\n<p>Interrogado na Justi\u00e7a, o r\u00e9u disse \u201cque estava cortando cebola com uma faca e o seu irm\u00e3o chegou lhe agredindo. Foi virar-se para se defender, com a faca na m\u00e3o, e a faca acidentalmente feriu seu irm\u00e3o na barriga. Virou-se apenas para se defender, com a faca na m\u00e3o, mas sem inten\u00e7\u00e3o de esfaque\u00e1-lo.\u201d<\/p>\n","protected":false},"excerpt":{"rendered":"<p>Jo\u00e3o Natalino Dias, de 40 anos, vai sentar no banco dos r\u00e9us no sal\u00e3o do Tribunal do J\u00fari de Andradina, na pr\u00f3xima quarta-feira (05), \u00e0s 9h, para responder \u00e0 acusa\u00e7\u00e3o de matar seu irm\u00e3o Elso Ferreira Dias, ent\u00e3o com 44 anos. O crime ocorreu por volta das 17h do dia 28 de outubro de 2021, &hellip;<\/p>\n","protected":false},"author":1,"featured_media":2496,"comment_status":"open","ping_status":"open","sticky":false,"template":"","format":"standard","meta":{"_jetpack_memberships_contains_paid_content":false,"footnotes":"","jetpack_publicize_message":"","jetpack_publicize_feature_enabled":true,"jetpack_social_post_already_shared":false,"jetpack_social_options":{"image_generator_settings":{"template":"highway","default_image_id":0,"enabled":false},"version":2}},"categories":[3],"tags":[],"class_list":["post-2495","post","type-post","status-publish","format-standard","has-post-thumbnail","hentry","category-policial"],"jetpack_publicize_connections":[],"jetpack_featured_media_url":"https:\/\/i0.wp.com\/www.paparazzinews.com.br\/wp-content\/uploads\/2023\/04\/WhatsApp-Image-2023-04-03-at-17.27.36-e1680553757244.jpeg?fit=1000%2C450&ssl=1","views":"3711","jetpack_likes_enabled":true,"jetpack_sharing_enabled":true,"_links":{"self":[{"href":"https:\/\/www.paparazzinews.com.br\/index.php?rest_route=\/wp\/v2\/posts\/2495","targetHints":{"allow":["GET"]}}],"collection":[{"href":"https:\/\/www.paparazzinews.com.br\/index.php?rest_route=\/wp\/v2\/posts"}],"about":[{"href":"https:\/\/www.paparazzinews.com.br\/index.php?rest_route=\/wp\/v2\/types\/post"}],"author":[{"embeddable":true,"href":"https:\/\/www.paparazzinews.com.br\/index.php?rest_route=\/wp\/v2\/users\/1"}],"replies":[{"embeddable":true,"href":"https:\/\/www.paparazzinews.com.br\/index.php?rest_route=%2Fwp%2Fv2%2Fcomments&post=2495"}],"version-history":[{"count":1,"href":"https:\/\/www.paparazzinews.com.br\/index.php?rest_route=\/wp\/v2\/posts\/2495\/revisions"}],"predecessor-version":[{"id":2497,"href":"https:\/\/www.paparazzinews.com.br\/index.php?rest_route=\/wp\/v2\/posts\/2495\/revisions\/2497"}],"wp:featuredmedia":[{"embeddable":true,"href":"https:\/\/www.paparazzinews.com.br\/index.php?rest_route=\/wp\/v2\/media\/2496"}],"wp:attachment":[{"href":"https:\/\/www.paparazzinews.com.br\/index.php?rest_route=%2Fwp%2Fv2%2Fmedia&parent=2495"}],"wp:term":[{"taxonomy":"category","embeddable":true,"href":"https:\/\/www.paparazzinews.com.br\/index.php?rest_route=%2Fwp%2Fv2%2Fcategories&post=2495"},{"taxonomy":"post_tag","embeddable":true,"href":"https:\/\/www.paparazzinews.com.br\/index.php?rest_route=%2Fwp%2Fv2%2Ftags&post=2495"}],"curies":[{"name":"wp","href":"https:\/\/api.w.org\/{rel}","templated":true}]}}