{"id":2488,"date":"2023-04-03T14:49:40","date_gmt":"2023-04-03T17:49:40","guid":{"rendered":"https:\/\/www.paparazzinews.com.br\/?p=2488"},"modified":"2023-04-03T14:49:41","modified_gmt":"2023-04-03T17:49:41","slug":"cachorro-e-surrado-e-deixado-para-morrer-em-bairro-de-andradina","status":"publish","type":"post","link":"https:\/\/www.paparazzinews.com.br\/?p=2488","title":{"rendered":"Cachorro \u00e9 \u201csurrado\u201d e deixado para morrer em bairro de Andradina"},"content":{"rendered":"\n<p>O m\u00eas de abril, dedicado ao combate aos maus-tratos a animais come\u00e7ou no s\u00e1bado (1) e at\u00e9 hoje (3) j\u00e1 foram registrados tr\u00eas casos grav\u00edssimos em Andradina (SP). As ocorr\u00eancias chegam atrav\u00e9s da Secretaria de Agricultura e Meio Ambiente, que mant\u00e9m um departamento de causa animal.<br><br>No caso mais chocante, no domingo (2), um cachorro de m\u00e9dio porte foi severamente surrado e abandonado para morrer no cruzamento das ruas Corumb\u00e1 e Santa Catarina na Vila Mineira. Ele foi atirado a uma po\u00e7a d\u00b4\u00e1gua e se arrastou at\u00e9 um barranco de terra onde permaneceu por v\u00e1rias horas at\u00e9 que vizinhos acionaram a secretaria.<br><br>\u201cN\u00e3o se sabe com o que, mas o cachorro apresentava ferimentos pelo corpo e um traumatismo craniano. Conseguimos tratamento e assim que ele se recuperar vamos encaminha-lo a ado\u00e7\u00e3o. Por sua grande for\u00e7a batizamos ele de Thor\u201d, explicou a secret\u00e1ria Leila Rodrigues.<\/p>\n\n\n\n<p>Leila explica que a maioria dos contatos sobre maus-tratos a animais acontece nos fins de semana, quando aumenta a frequ\u00eancia de pessoas em casa e atentos as coisas que acontecem na vizinhan\u00e7a. \u201cTalvez, se n\u00e3o fosse um domingo ningu\u00e9m teria visto o c\u00e3o agonizando por horas e mais uma morte seria registrada\u201d, disse Leila.<\/p>\n\n\n\n<p>Em outro caso, registrado nesta segunda-feira, uma mulher foi denunciada por maus tratos a dois c\u00e3es e tr\u00eas gatos ao deixar esses animais em condi\u00e7\u00f5es lament\u00e1veis por fome, sede e doen\u00e7as, principalmente causadas por parasitas. A mulher recebeu mal os agentes da secretaria e fez v\u00e1rias amea\u00e7as sendo necess\u00e1rio acionar a pol\u00edcia e o caso acabou na delegacia.<\/p>\n\n\n\n<p>\u201c\u00c9 muito comum esse tipo de ocorr\u00eancia ser necess\u00e1rio acionar a pol\u00edcia j\u00e1 que os propriet\u00e1rios de pets, mesmo que n\u00e3o cuidem de seus animais, n\u00e3o admitem os maus tratos e s\u00e3o agressivos se questionados\u201d, disse.<\/p>\n\n\n\n<p>Os animais foram recolhidos levados para o hospital veterin\u00e1rio mas a propriet\u00e1ria ter\u00e1 que arcar com os tratamentos al\u00e9m de ser multada. Agora o caso ser\u00e1 monitorado e se as condi\u00e7\u00f5es dos animais n\u00e3o melhorarem ela pode at\u00e9 ser responsabilizada criminalmente e acabar presa. \u00a0\u00a0<br><br><strong>ABRIL LARANJA<br><\/strong><br>O debate e a luta contra os maus tratos e abandono de animais deve ser uma pr\u00e1tica para se exercer em todos os dias do ano, sendo um dever de toda a sociedade. A campanha mundial &#8216;Abril Laranja&#8217; foi criada para simbolizar esta luta, servindo como um meio importante para conscientizar as pessoas.<br><br>Em diversos pa\u00edses do mundo, protetores independentes e entidades que trabalham pela causa animal aproveitam o m\u00eas de abril promovendo campanhas educativas de conscientiza\u00e7\u00e3o e de combate aos maus-tratos e \u00e0 crueldade, sempre buscando sensibilizar o poder p\u00fablico e a sociedade.<br><br>Prevenir a crueldade contra os animais \u00e9 um dever de todos n\u00f3s e vai muito al\u00e9m dos cuidados e prote\u00e7\u00e3o que oferecemos aos nossos pets, pois quando falamos em animais estamos nos referindo a todas as esp\u00e9cies, n\u00e3o apenas aos c\u00e3es e gatos, que convivem h\u00e1 milhares de anos com o ser humano, sendo hoje considerados como membros da fam\u00edlia em muitos lares, disse\u00a0 a secret\u00e1ria Leila Rodrigues, estar vigilantes e atentos a todos os segmentos da atividade humana, sobretudo \u00e0queles que exploram animais, sendo esta explora\u00e7\u00e3o legal ou n\u00e3o, para que consigamos minimizar os impactos perversos das a\u00e7\u00f5es do homem sobre os indefesos viventes da Terra. E \u00e9 preciso reunir muitos esfor\u00e7os para que se alcance um n\u00edvel de preven\u00e7\u00e3o aceit\u00e1vel, satisfat\u00f3rio, relata a secret\u00e1ria Leila Rodrigues.<\/p>\n","protected":false},"excerpt":{"rendered":"<p>O m\u00eas de abril, dedicado ao combate aos maus-tratos a animais come\u00e7ou no s\u00e1bado (1) e at\u00e9 hoje (3) j\u00e1 foram registrados tr\u00eas casos grav\u00edssimos em Andradina (SP). As ocorr\u00eancias chegam atrav\u00e9s da Secretaria de Agricultura e Meio Ambiente, que mant\u00e9m um departamento de causa animal.No caso mais chocante, no domingo (2), um cachorro de &hellip;<\/p>\n","protected":false},"author":1,"featured_media":2489,"comment_status":"open","ping_status":"open","sticky":false,"template":"","format":"standard","meta":{"_jetpack_memberships_contains_paid_content":false,"footnotes":"","jetpack_publicize_message":"","jetpack_publicize_feature_enabled":true,"jetpack_social_post_already_shared":false,"jetpack_social_options":{"image_generator_settings":{"template":"highway","default_image_id":0,"enabled":false},"version":2}},"categories":[3],"tags":[],"class_list":["post-2488","post","type-post","status-publish","format-standard","has-post-thumbnail","hentry","category-policial"],"jetpack_publicize_connections":[],"jetpack_featured_media_url":"https:\/\/i0.wp.com\/www.paparazzinews.com.br\/wp-content\/uploads\/2023\/04\/2a86c7f51e6023f4f022e065b3d694a2.jpg?fit=800%2C600&ssl=1","views":"4902","jetpack_likes_enabled":true,"jetpack_sharing_enabled":true,"_links":{"self":[{"href":"https:\/\/www.paparazzinews.com.br\/index.php?rest_route=\/wp\/v2\/posts\/2488","targetHints":{"allow":["GET"]}}],"collection":[{"href":"https:\/\/www.paparazzinews.com.br\/index.php?rest_route=\/wp\/v2\/posts"}],"about":[{"href":"https:\/\/www.paparazzinews.com.br\/index.php?rest_route=\/wp\/v2\/types\/post"}],"author":[{"embeddable":true,"href":"https:\/\/www.paparazzinews.com.br\/index.php?rest_route=\/wp\/v2\/users\/1"}],"replies":[{"embeddable":true,"href":"https:\/\/www.paparazzinews.com.br\/index.php?rest_route=%2Fwp%2Fv2%2Fcomments&post=2488"}],"version-history":[{"count":1,"href":"https:\/\/www.paparazzinews.com.br\/index.php?rest_route=\/wp\/v2\/posts\/2488\/revisions"}],"predecessor-version":[{"id":2490,"href":"https:\/\/www.paparazzinews.com.br\/index.php?rest_route=\/wp\/v2\/posts\/2488\/revisions\/2490"}],"wp:featuredmedia":[{"embeddable":true,"href":"https:\/\/www.paparazzinews.com.br\/index.php?rest_route=\/wp\/v2\/media\/2489"}],"wp:attachment":[{"href":"https:\/\/www.paparazzinews.com.br\/index.php?rest_route=%2Fwp%2Fv2%2Fmedia&parent=2488"}],"wp:term":[{"taxonomy":"category","embeddable":true,"href":"https:\/\/www.paparazzinews.com.br\/index.php?rest_route=%2Fwp%2Fv2%2Fcategories&post=2488"},{"taxonomy":"post_tag","embeddable":true,"href":"https:\/\/www.paparazzinews.com.br\/index.php?rest_route=%2Fwp%2Fv2%2Ftags&post=2488"}],"curies":[{"name":"wp","href":"https:\/\/api.w.org\/{rel}","templated":true}]}}