{"id":2467,"date":"2023-03-29T13:53:31","date_gmt":"2023-03-29T16:53:31","guid":{"rendered":"https:\/\/www.paparazzinews.com.br\/?p=2467"},"modified":"2023-03-30T13:35:22","modified_gmt":"2023-03-30T16:35:22","slug":"festa-da-pascoa-tera-bolo-de-chocolate-de-50-metros-em-andradina","status":"publish","type":"post","link":"https:\/\/www.paparazzinews.com.br\/?p=2467","title":{"rendered":"Festa da P\u00e1scoa ter\u00e1 bolo de chocolate de 50 metros em Andradina"},"content":{"rendered":"\n<p>O Fundo Social de Solidariedade, que tem a frente a Primeira Dama Ju\u00e7ara Lopes, vai realizar uma comemora\u00e7\u00e3o da P\u00e1scoa para todas \u00e0s crian\u00e7as da cidade, zona urbana e rural, neste s\u00e1bado das 16h \u00e0s 20h no Centro Cultural Pioneiros de Andradina.<\/p>\n\n\n\n<p>\u201cIremos fazer uma grande festa da P\u00e1scoa para as crian\u00e7as com direito a um bolo de chocolate de 50 metros\u201d, disse a secret\u00e1ria de Promo\u00e7\u00e3o e Assist\u00eancia Social, Silvana Silva. Al\u00e9m do bolo, vai haver distribui\u00e7\u00e3o de refrigerantes e brincadeiras diversas, dois tobog\u00e3s, um touro mec\u00e2nico e cama el\u00e1stica.<\/p>\n\n\n\n<p>Para as crian\u00e7as que moram nos assentamentos \u00e9 Timbor\u00e9, Timborezinho, Primavera, P\u00e9rola Negra, Belo Monte e Arizona, e tamb\u00e9m para os distritos de Planalto e Paran\u00e1polis os coordenadores dos Cras v\u00e3o orientar a respeito do itiner\u00e1rio de transporte que vai acontecer a partir das 15 horas em pontos espalhados pela Zona Rural.<\/p>\n\n\n\n<p>&nbsp;\u201cVai ser uma tarde muito divertida e diferente dos outros anos reunindo as crian\u00e7as em festividades que v\u00e3o at\u00e9 as 20 horas\u201d, disse Silvana.<\/p>\n\n\n\n<p><a href=\"https:\/\/www.andradina.sp.gov.br\/fotos\/4d73e484655433161df65737590b49d3.jpg\"><\/a><\/p>\n","protected":false},"excerpt":{"rendered":"<p>O Fundo Social de Solidariedade, que tem a frente a Primeira Dama Ju\u00e7ara Lopes, vai realizar uma comemora\u00e7\u00e3o da P\u00e1scoa para todas \u00e0s crian\u00e7as da cidade, zona urbana e rural, neste s\u00e1bado das 16h \u00e0s 20h no Centro Cultural Pioneiros de Andradina. \u201cIremos fazer uma grande festa da P\u00e1scoa para as crian\u00e7as com direito a &hellip;<\/p>\n","protected":false},"author":1,"featured_media":2471,"comment_status":"open","ping_status":"open","sticky":false,"template":"","format":"standard","meta":{"_jetpack_memberships_contains_paid_content":false,"footnotes":"","jetpack_publicize_message":"","jetpack_publicize_feature_enabled":true,"jetpack_social_post_already_shared":false,"jetpack_social_options":{"image_generator_settings":{"template":"highway","default_image_id":0,"enabled":false},"version":2}},"categories":[6],"tags":[],"class_list":["post-2467","post","type-post","status-publish","format-standard","has-post-thumbnail","hentry","category-entretenimento"],"jetpack_publicize_connections":[],"jetpack_featured_media_url":"https:\/\/i0.wp.com\/www.paparazzinews.com.br\/wp-content\/uploads\/2023\/03\/337375667_744139040590168_2302956959376427582_n-e1680108800971.jpg?fit=1000%2C1250&ssl=1","views":"5869","jetpack_likes_enabled":true,"jetpack_sharing_enabled":true,"_links":{"self":[{"href":"https:\/\/www.paparazzinews.com.br\/index.php?rest_route=\/wp\/v2\/posts\/2467","targetHints":{"allow":["GET"]}}],"collection":[{"href":"https:\/\/www.paparazzinews.com.br\/index.php?rest_route=\/wp\/v2\/posts"}],"about":[{"href":"https:\/\/www.paparazzinews.com.br\/index.php?rest_route=\/wp\/v2\/types\/post"}],"author":[{"embeddable":true,"href":"https:\/\/www.paparazzinews.com.br\/index.php?rest_route=\/wp\/v2\/users\/1"}],"replies":[{"embeddable":true,"href":"https:\/\/www.paparazzinews.com.br\/index.php?rest_route=%2Fwp%2Fv2%2Fcomments&post=2467"}],"version-history":[{"count":2,"href":"https:\/\/www.paparazzinews.com.br\/index.php?rest_route=\/wp\/v2\/posts\/2467\/revisions"}],"predecessor-version":[{"id":2473,"href":"https:\/\/www.paparazzinews.com.br\/index.php?rest_route=\/wp\/v2\/posts\/2467\/revisions\/2473"}],"wp:featuredmedia":[{"embeddable":true,"href":"https:\/\/www.paparazzinews.com.br\/index.php?rest_route=\/wp\/v2\/media\/2471"}],"wp:attachment":[{"href":"https:\/\/www.paparazzinews.com.br\/index.php?rest_route=%2Fwp%2Fv2%2Fmedia&parent=2467"}],"wp:term":[{"taxonomy":"category","embeddable":true,"href":"https:\/\/www.paparazzinews.com.br\/index.php?rest_route=%2Fwp%2Fv2%2Fcategories&post=2467"},{"taxonomy":"post_tag","embeddable":true,"href":"https:\/\/www.paparazzinews.com.br\/index.php?rest_route=%2Fwp%2Fv2%2Ftags&post=2467"}],"curies":[{"name":"wp","href":"https:\/\/api.w.org\/{rel}","templated":true}]}}