{"id":2457,"date":"2023-03-29T11:41:06","date_gmt":"2023-03-29T14:41:06","guid":{"rendered":"https:\/\/www.paparazzinews.com.br\/?p=2457"},"modified":"2023-03-29T11:41:07","modified_gmt":"2023-03-29T14:41:07","slug":"policial-que-foi-da-forca-tatica-de-andradina-se-aposenta-como-tenente","status":"publish","type":"post","link":"https:\/\/www.paparazzinews.com.br\/?p=2457","title":{"rendered":"Policial que foi da For\u00e7a T\u00e1tica de Andradina se aposenta como tenente"},"content":{"rendered":"\n<p>O Subtenente PM Milton, atualmente servindo na se\u00e7\u00e3o Motomecaniza\u00e7\u00e3o do Batalh\u00e3o de Andradina (SP), est\u00e1 chegando ao final de sua jornada, que se encerra esta semana, ap\u00f3s 29 anos servindo a Corpora\u00e7\u00e3o e a sociedade paulista.<\/p>\n\n\n\n<p>Nesta ter\u00e7a-feira, todo o efetivo se reuniu para lhe preparar uma homenagem de despedida, que contou com amigos de longa data e familiares, que se reuniram para externar o carinho e admira\u00e7\u00e3o que sentem por ele. Dotado de car\u00e1ter ilibado e comprometimento acima da m\u00e9dia, n\u00e3o se furtou a frequentar o EAP \u2013 Est\u00e1gio de Aperfei\u00e7oamento, mesmo a um dia de se tornar um veterano, alcan\u00e7ando, inclusive, resultados impressionantes, muito acima da m\u00e9dia.<\/p>\n\n\n\n<p>Subtenente Milton C\u00e2ndido de Sales Neto nasceu na cidade de Campinas\/SP em 26 de junho de 1973, filho de Jos\u00e9 C\u00e2ndido de Sales e de Maria Alzira da Motta Sales. Ingressou nas fileiras da Pol\u00edcia Militar do Estado de S\u00e3o Paulo em 23\/05\/1994 como Soldado PM, frequentando o Curso de Forma\u00e7\u00e3o de Soldados na cidade de Ara\u00e7atuba\/SP.<\/p>\n\n\n\n<p>Ap\u00f3s a conclus\u00e3o, foi classificado no 28\u00ba BPM\/I \u2013 Andradina\/SP, onde atuou em diversas fun\u00e7\u00f5es operacionais. Em 2007 prestou o concurso interno e foi promovido \u00e0 gradua\u00e7\u00e3o de Cabo PM. J\u00e1 em 2008, prestou novo concurso, desta vez para a gradua\u00e7\u00e3o de Sargento, indo para a capital do estado frequentar o Curso de Forma\u00e7\u00e3o de Sargentos. J\u00e1 na gradua\u00e7\u00e3o de 3\u00ba Sargento, foi classificado na cidade de Itu\/SP, onde atuou por 2 anos, at\u00e9 ser movimentado novamente para Andradina\/SP onde, desde ent\u00e3o, trabalhou em diversas modalidades como R\u00e1dio Patrulhamento, na fun\u00e7\u00e3o de CGP \u2013 Comando de Grupo Patrulha e na For\u00e7a T\u00e1tica, at\u00e9 ser movimentado internamente para o Estado Maior do Batalh\u00e3o, onde passou a atuar na se\u00e7\u00e3o de Motomecamiza\u00e7\u00e3o, cuidando da gest\u00e3o e manuten\u00e7\u00e3o de toda a frota de viaturas do Batalh\u00e3o.<\/p>\n\n\n\n<p>Possui medalha denominada \u201cL\u00e1urea do M\u00e9rito Pessoal (que vai do 5\u00aa ao 1\u00ba grau) em 1\u00aa grau, outorgada a ele por suas atua\u00e7\u00f5es altamente positivas em diversas ocorr\u00eancias complexas.<br>Tem demonstrado sua clara aptid\u00e3o e amor \u00e0 profiss\u00e3o, possuindo diversos cursos voltados para a \u00e1rea de gest\u00e3o de frotas.<\/p>\n\n\n\n<p>\u00c9 casado com senhora M\u00e1rcia Regina de Carvalho Sales, padrasto de Beatriz Tamyres C. Jesus Marques e pai de Henrique de Carvalho Sales, de vinte e cinco anos de idade. Profissional altamente qualificado e competente, contribui sobremaneira para o bom andamento do servi\u00e7o, executando com maestria as miss\u00f5es que lhe s\u00e3o atribu\u00eddas. Al\u00e9m de ser prestativo, \u00e9 excelente pessoa, bom esposo e bom pai, que em muito dignifica a sua profiss\u00e3o, com sua postura reta e honrada e vida ilibada, motivos pelos quais a presente homenagem se faz justa e merecida, pois certamente ir\u00e1 coroar sua carreira, servindo como refer\u00eancia aos seus pares e subordinados.<\/p>\n","protected":false},"excerpt":{"rendered":"<p>O Subtenente PM Milton, atualmente servindo na se\u00e7\u00e3o Motomecaniza\u00e7\u00e3o do Batalh\u00e3o de Andradina (SP), est\u00e1 chegando ao final de sua jornada, que se encerra esta semana, ap\u00f3s 29 anos servindo a Corpora\u00e7\u00e3o e a sociedade paulista. Nesta ter\u00e7a-feira, todo o efetivo se reuniu para lhe preparar uma homenagem de despedida, que contou com amigos de &hellip;<\/p>\n","protected":false},"author":1,"featured_media":2458,"comment_status":"open","ping_status":"open","sticky":false,"template":"","format":"standard","meta":{"_jetpack_memberships_contains_paid_content":false,"footnotes":"","jetpack_publicize_message":"","jetpack_publicize_feature_enabled":true,"jetpack_social_post_already_shared":false,"jetpack_social_options":{"image_generator_settings":{"template":"highway","default_image_id":0,"enabled":false},"version":2}},"categories":[3],"tags":[],"class_list":["post-2457","post","type-post","status-publish","format-standard","has-post-thumbnail","hentry","category-policial"],"jetpack_publicize_connections":[],"jetpack_featured_media_url":"https:\/\/i0.wp.com\/www.paparazzinews.com.br\/wp-content\/uploads\/2023\/03\/IMG_4695.jpg?fit=1024%2C683&ssl=1","views":"7751","jetpack_likes_enabled":true,"jetpack_sharing_enabled":true,"_links":{"self":[{"href":"https:\/\/www.paparazzinews.com.br\/index.php?rest_route=\/wp\/v2\/posts\/2457","targetHints":{"allow":["GET"]}}],"collection":[{"href":"https:\/\/www.paparazzinews.com.br\/index.php?rest_route=\/wp\/v2\/posts"}],"about":[{"href":"https:\/\/www.paparazzinews.com.br\/index.php?rest_route=\/wp\/v2\/types\/post"}],"author":[{"embeddable":true,"href":"https:\/\/www.paparazzinews.com.br\/index.php?rest_route=\/wp\/v2\/users\/1"}],"replies":[{"embeddable":true,"href":"https:\/\/www.paparazzinews.com.br\/index.php?rest_route=%2Fwp%2Fv2%2Fcomments&post=2457"}],"version-history":[{"count":1,"href":"https:\/\/www.paparazzinews.com.br\/index.php?rest_route=\/wp\/v2\/posts\/2457\/revisions"}],"predecessor-version":[{"id":2459,"href":"https:\/\/www.paparazzinews.com.br\/index.php?rest_route=\/wp\/v2\/posts\/2457\/revisions\/2459"}],"wp:featuredmedia":[{"embeddable":true,"href":"https:\/\/www.paparazzinews.com.br\/index.php?rest_route=\/wp\/v2\/media\/2458"}],"wp:attachment":[{"href":"https:\/\/www.paparazzinews.com.br\/index.php?rest_route=%2Fwp%2Fv2%2Fmedia&parent=2457"}],"wp:term":[{"taxonomy":"category","embeddable":true,"href":"https:\/\/www.paparazzinews.com.br\/index.php?rest_route=%2Fwp%2Fv2%2Fcategories&post=2457"},{"taxonomy":"post_tag","embeddable":true,"href":"https:\/\/www.paparazzinews.com.br\/index.php?rest_route=%2Fwp%2Fv2%2Ftags&post=2457"}],"curies":[{"name":"wp","href":"https:\/\/api.w.org\/{rel}","templated":true}]}}