{"id":2451,"date":"2023-03-29T11:15:54","date_gmt":"2023-03-29T14:15:54","guid":{"rendered":"https:\/\/www.paparazzinews.com.br\/?p=2451"},"modified":"2023-03-29T11:15:55","modified_gmt":"2023-03-29T14:15:55","slug":"vereador-junto-de-deputado-lidera-busca-de-500-casas-populares-para-andradina","status":"publish","type":"post","link":"https:\/\/www.paparazzinews.com.br\/?p=2451","title":{"rendered":"Vereador junto de deputado lidera busca de 500 casas populares para Andradina"},"content":{"rendered":"\n<p>O vereador Hugo Zamboni esteve na sede da Superintend\u00eancia da CDHU, em S\u00e3o Paulo, nessa ter\u00e7a-feira (28), protocolando o pedido para a constru\u00e7\u00e3o de 500 casas populares em Andradina. Em documento assinado pelo prefeito M\u00e1rio Celso Lopes, Andradina aponta a necessidade da demanda e prop\u00f5e o interesse em viabilizar as habita\u00e7\u00f5es. No conv\u00eanio, o munic\u00edpio destinaria o terreno para a constru\u00e7\u00e3o das moradias.<\/p>\n\n\n\n<p>Atrav\u00e9s da C\u00e2mara, Zamboni teve a oportunidade de despachar com superintendente de Atendimento Habitacional, rec\u00e9m empossado no governo de S\u00e3o Paulo, Marcelo Hercolin. A pauta ganhou o apoio do deputado estadual, Itamar Borges. A Secretaria de Habita\u00e7\u00e3o informou que o governador Tarc\u00edsio de Freitas j\u00e1 colocou a expans\u00e3o das casas populares pelo Estado como prioridade.<\/p>\n\n\n\n<p>\u201cApesar dos nossos esfor\u00e7os iniciais estarem voltados para as cidades atingidas pelas chuvas, no socorro \u00e0s fam\u00edlias em \u00e1reas de risco, o Estado seguir\u00e1 uma pol\u00edtica de expandir moradias para todas as regi\u00f5es, e vamos trabalhar para que a demanda de Andradina esteja nas nossas prioridades\u201d, comentou Hercolin.<\/p>\n\n\n\n<p>Segundo Zamboni, que atua tamb\u00e9m no mercado imobili\u00e1rio, em Andradina hoje existem dois gargalos que causam uma reten\u00e7\u00e3o no setor. No equil\u00edbrio oferta e demanda, existe uma escassez de casas para alugar e o mercado imobili\u00e1rio est\u00e1 inflacionado.<\/p>\n\n\n\n<p>\u201cOs valores dos alugu\u00e9is aliados a falta de casas dispon\u00edveis est\u00e1 impactando diretamente na vida das fam\u00edlias andradinenses. S\u00e3o casas com alugu\u00e9is acima de mil reais, fora da realidade econ\u00f4mica do trabalhador, e por isso, Andradina hoje tem uma demanda reprimida muito grande no setor\u201d, analisa o vereador.<\/p>\n\n\n\n<p>\u201cDiariamente todos os vereadores recebem o pedido de fam\u00edlias que n\u00e3o tem mais condi\u00e7\u00f5es de pagar um aluguel e por isso em nome de toda a C\u00e2mara e em consenso com o presidente do legislativo, Coxinha Prando, marcamos esta agenda, para colocar Andradina no radar do governo do Estado no investimento de casas populares\u201d, completou.<\/p>\n","protected":false},"excerpt":{"rendered":"<p>O vereador Hugo Zamboni esteve na sede da Superintend\u00eancia da CDHU, em S\u00e3o Paulo, nessa ter\u00e7a-feira (28), protocolando o pedido para a constru\u00e7\u00e3o de 500 casas populares em Andradina. Em documento assinado pelo prefeito M\u00e1rio Celso Lopes, Andradina aponta a necessidade da demanda e prop\u00f5e o interesse em viabilizar as habita\u00e7\u00f5es. No conv\u00eanio, o munic\u00edpio &hellip;<\/p>\n","protected":false},"author":1,"featured_media":2452,"comment_status":"open","ping_status":"open","sticky":false,"template":"","format":"standard","meta":{"_jetpack_memberships_contains_paid_content":false,"footnotes":"","jetpack_publicize_message":"","jetpack_publicize_feature_enabled":true,"jetpack_social_post_already_shared":false,"jetpack_social_options":{"image_generator_settings":{"template":"highway","default_image_id":0,"enabled":false},"version":2}},"categories":[4],"tags":[],"class_list":["post-2451","post","type-post","status-publish","format-standard","has-post-thumbnail","hentry","category-regiao"],"jetpack_publicize_connections":[],"jetpack_featured_media_url":"https:\/\/i0.wp.com\/www.paparazzinews.com.br\/wp-content\/uploads\/2023\/03\/e5662ab3-7ee2-4525-98cb-6870a11286db.jpg?fit=1024%2C1024&ssl=1","views":"5894","jetpack_likes_enabled":true,"jetpack_sharing_enabled":true,"_links":{"self":[{"href":"https:\/\/www.paparazzinews.com.br\/index.php?rest_route=\/wp\/v2\/posts\/2451","targetHints":{"allow":["GET"]}}],"collection":[{"href":"https:\/\/www.paparazzinews.com.br\/index.php?rest_route=\/wp\/v2\/posts"}],"about":[{"href":"https:\/\/www.paparazzinews.com.br\/index.php?rest_route=\/wp\/v2\/types\/post"}],"author":[{"embeddable":true,"href":"https:\/\/www.paparazzinews.com.br\/index.php?rest_route=\/wp\/v2\/users\/1"}],"replies":[{"embeddable":true,"href":"https:\/\/www.paparazzinews.com.br\/index.php?rest_route=%2Fwp%2Fv2%2Fcomments&post=2451"}],"version-history":[{"count":1,"href":"https:\/\/www.paparazzinews.com.br\/index.php?rest_route=\/wp\/v2\/posts\/2451\/revisions"}],"predecessor-version":[{"id":2453,"href":"https:\/\/www.paparazzinews.com.br\/index.php?rest_route=\/wp\/v2\/posts\/2451\/revisions\/2453"}],"wp:featuredmedia":[{"embeddable":true,"href":"https:\/\/www.paparazzinews.com.br\/index.php?rest_route=\/wp\/v2\/media\/2452"}],"wp:attachment":[{"href":"https:\/\/www.paparazzinews.com.br\/index.php?rest_route=%2Fwp%2Fv2%2Fmedia&parent=2451"}],"wp:term":[{"taxonomy":"category","embeddable":true,"href":"https:\/\/www.paparazzinews.com.br\/index.php?rest_route=%2Fwp%2Fv2%2Fcategories&post=2451"},{"taxonomy":"post_tag","embeddable":true,"href":"https:\/\/www.paparazzinews.com.br\/index.php?rest_route=%2Fwp%2Fv2%2Ftags&post=2451"}],"curies":[{"name":"wp","href":"https:\/\/api.w.org\/{rel}","templated":true}]}}