{"id":2445,"date":"2023-03-28T16:38:13","date_gmt":"2023-03-28T19:38:13","guid":{"rendered":"https:\/\/www.paparazzinews.com.br\/?p=2445"},"modified":"2023-03-28T16:38:14","modified_gmt":"2023-03-28T19:38:14","slug":"regiao-cria-movimento-negro-empoderar-para-enfrentar-a-discriminacao-racial","status":"publish","type":"post","link":"https:\/\/www.paparazzinews.com.br\/?p=2445","title":{"rendered":"Regi\u00e3o cria Movimento Negro \u201cEmpoderar\u201d para enfrentar a discrimina\u00e7\u00e3o racial"},"content":{"rendered":"\n<p>O dia 21 de mar\u00e7o entrou para o calend\u00e1rio nacional como um marco no combate \u00e0 Discrimina\u00e7\u00e3o Racial no Brasil. Para fortalecer as a\u00e7\u00f5es anti-racistas e promover o debate necess\u00e1rio sobre o tema, a regi\u00e3o se mobilizou, criando no \u00faltimo dia 18 de mar\u00e7o o Movimento Negro \u201cEmpoderar\u201d.<\/p>\n\n\n\n<p>Para que o encontro intermunicipal fosse realizado com sucesso, Maria Luiza Rodrigues \u2013 uma das lideres da causa em Andradina, emprestou sua resid\u00eancia para sediar o encontro que reuniu representantes de Castilho (Ros\u00e2ngela Maria Silva), Ilha Solteira (Silvia Rodrigues Caldeira e Terezinha Maria das Gra\u00e7as), Tr\u00eas Lagoas-MS (Christiano Neves) e Andradina (Marinalva, Maria e Edna, al\u00e9m da pr\u00f3pria anfitri\u00e3). Al\u00e9m deles, o grupo tamb\u00e9m re\u00fane representantes de Guararapes e Pereira Barreto que n\u00e3o puderam comparecer ao evento realizado neste \u00faltimo s\u00e1bado.<\/p>\n\n\n\n<p>\u201c<strong><em>Durante este encontro, ratificamos a import\u00e2ncia de atuarmos em todos os espa\u00e7os pois, infelizmente, o racismo e a discrimina\u00e7\u00e3o ainda s\u00e3o uma triste realidade que exige enfrentamento di\u00e1rio<\/em><\/strong>\u201d, explica a formanda em psicologia e coordenadora do Movimento, Ros\u00e2ngela Maria Silva.<\/p>\n\n\n\n<p>Um dos planos de a\u00e7\u00e3o considerado priorit\u00e1rio pelo grupo \u00e9 o lan\u00e7amento de uma campanha regional para \u201criscar\u201d do vocabul\u00e1rio popular, termos usados diariamente pelas pessoas sem entender que a origem dos mesmos, \u00e9 a express\u00e3o nua e crua do racismo.<\/p>\n\n\n\n<p>\u201c<strong><em>S\u00e3o v\u00e1rios os exemplos que podemos citar e que a grande maioria nunca parou pra pensar no real significado. \u2018Meia Tigela\u2019, por exemplo, \u00e9 uma refer\u00eancia pejorativa \u00e0 quantidade de alimento servido aos negros brasileiros que n\u00e3o conseguiam atingir suas metas no trabalho \u00e1rduo di\u00e1rio. Quando utilizado atualmente, sem perceber, estamos rotulando algu\u00e9m ou alguma coisa como sem valor ou med\u00edocre. \u2018Mulata\u2019 \u00e9 outra express\u00e3o comum no vocabul\u00e1rio dos brasileiros e que tamb\u00e9m possui uma origem desdenhosa: ela veio da l\u00edngua espanhola e literalmente se refere ao filhote do cruzamento de cavalo com jumenta ou de jumento com uma \u00e9gua. Ent\u00e3o n\u00e3o estamos elogiando uma mulher ao cham\u00e1-la de Mulata, e sim, comparando-a a um animal desprovido de intelig\u00eancia e tamb\u00e9m uma mercadoria. Estes s\u00e3o apenas dois de uma infinidade de exemplos que poder\u00edamos passar dias listando. E o pior de tudo \u00e9 que, embora a grande maioria n\u00e3o entenda o real significado destas palavras, muitos outros a empregam com o significado original, visando ofender e humilhar os negros<\/em><\/strong>\u201d, justifica Ros\u00e2ngela ao explicar a necessidade da referida campanha.<\/p>\n\n\n\n<p>Nos pr\u00f3ximos encontros do Movimento Negro \u201cEmpoderar\u201d, ser\u00e3o discutidas outras a\u00e7\u00f5es conjuntas para a regi\u00e3o e o grupo tende a usar recursos como m\u00eddias eletr\u00f4nicas, express\u00f5es art\u00edsticas, palestras, debates, encontros e f\u00f3runs para promover a discuss\u00e3o sobre o racismo no Brasil e pontuar as a\u00e7\u00f5es de combate \u00e0 discrimina\u00e7\u00e3o.<\/p>\n","protected":false},"excerpt":{"rendered":"<p>O dia 21 de mar\u00e7o entrou para o calend\u00e1rio nacional como um marco no combate \u00e0 Discrimina\u00e7\u00e3o Racial no Brasil. Para fortalecer as a\u00e7\u00f5es anti-racistas e promover o debate necess\u00e1rio sobre o tema, a regi\u00e3o se mobilizou, criando no \u00faltimo dia 18 de mar\u00e7o o Movimento Negro \u201cEmpoderar\u201d. Para que o encontro intermunicipal fosse realizado &hellip;<\/p>\n","protected":false},"author":1,"featured_media":2446,"comment_status":"open","ping_status":"open","sticky":false,"template":"","format":"standard","meta":{"_jetpack_memberships_contains_paid_content":false,"footnotes":"","jetpack_publicize_message":"","jetpack_publicize_feature_enabled":true,"jetpack_social_post_already_shared":false,"jetpack_social_options":{"image_generator_settings":{"template":"highway","default_image_id":0,"enabled":false},"version":2}},"categories":[4],"tags":[],"class_list":["post-2445","post","type-post","status-publish","format-standard","has-post-thumbnail","hentry","category-regiao"],"jetpack_publicize_connections":[],"jetpack_featured_media_url":"https:\/\/i0.wp.com\/www.paparazzinews.com.br\/wp-content\/uploads\/2023\/03\/Regiao-cria-Movimento-Negro-Empoderar-para-enfrentar-a-discriminacao-racial-destaque-e1680032255662.jpeg?fit=1000%2C742&ssl=1","views":"4899","jetpack_likes_enabled":true,"jetpack_sharing_enabled":true,"_links":{"self":[{"href":"https:\/\/www.paparazzinews.com.br\/index.php?rest_route=\/wp\/v2\/posts\/2445","targetHints":{"allow":["GET"]}}],"collection":[{"href":"https:\/\/www.paparazzinews.com.br\/index.php?rest_route=\/wp\/v2\/posts"}],"about":[{"href":"https:\/\/www.paparazzinews.com.br\/index.php?rest_route=\/wp\/v2\/types\/post"}],"author":[{"embeddable":true,"href":"https:\/\/www.paparazzinews.com.br\/index.php?rest_route=\/wp\/v2\/users\/1"}],"replies":[{"embeddable":true,"href":"https:\/\/www.paparazzinews.com.br\/index.php?rest_route=%2Fwp%2Fv2%2Fcomments&post=2445"}],"version-history":[{"count":1,"href":"https:\/\/www.paparazzinews.com.br\/index.php?rest_route=\/wp\/v2\/posts\/2445\/revisions"}],"predecessor-version":[{"id":2447,"href":"https:\/\/www.paparazzinews.com.br\/index.php?rest_route=\/wp\/v2\/posts\/2445\/revisions\/2447"}],"wp:featuredmedia":[{"embeddable":true,"href":"https:\/\/www.paparazzinews.com.br\/index.php?rest_route=\/wp\/v2\/media\/2446"}],"wp:attachment":[{"href":"https:\/\/www.paparazzinews.com.br\/index.php?rest_route=%2Fwp%2Fv2%2Fmedia&parent=2445"}],"wp:term":[{"taxonomy":"category","embeddable":true,"href":"https:\/\/www.paparazzinews.com.br\/index.php?rest_route=%2Fwp%2Fv2%2Fcategories&post=2445"},{"taxonomy":"post_tag","embeddable":true,"href":"https:\/\/www.paparazzinews.com.br\/index.php?rest_route=%2Fwp%2Fv2%2Ftags&post=2445"}],"curies":[{"name":"wp","href":"https:\/\/api.w.org\/{rel}","templated":true}]}}