{"id":2412,"date":"2023-03-23T14:33:41","date_gmt":"2023-03-23T17:33:41","guid":{"rendered":"https:\/\/www.paparazzinews.com.br\/?p=2412"},"modified":"2023-03-23T14:33:42","modified_gmt":"2023-03-23T17:33:42","slug":"samat-e-pm-ambiental-realizam-plantio-de-mudas-na-fazenda-capim","status":"publish","type":"post","link":"https:\/\/www.paparazzinews.com.br\/?p=2412","title":{"rendered":"SAMAT e PM Ambiental realizam plantio de mudas na Fazenda \u2018Capim\u2019"},"content":{"rendered":"\n<p>Pelo menos 09 crian\u00e7as representando o programa Renascer, mantido em Castilho pela Secretaria Municipal de Assist\u00eancia Social e Cidadania (SASC), participaram na manh\u00e3 desta quarta-feira (22), do plantio de 20 mudas de \u00e1rvores de v\u00e1rias esp\u00e9cies, sendo muitas das quais frut\u00edferas e t\u00edpicas da regi\u00e3o.<\/p>\n\n\n\n<p>O plantio \u00e9 mais uma a\u00e7\u00e3o de conscientiza\u00e7\u00e3o ambiental promovida pela Secretaria de Agricultura, Meio Ambiente e Turismo (SAMAT) exatamente na data em que se comemora o Dia Mundial da \u00c1gua. Al\u00e9m da parceria com a pasta de Assist\u00eancia Social, o plantio tamb\u00e9m foi orientado pela Pol\u00edcia Militar Ambiental, que destacou o 1\u00b0 Sargento PM Hugo Rener de Abreu e a Soldado PM Fernanda Neves Bianchini para orientar as crian\u00e7as.<\/p>\n\n\n\n<p>As engenheiras ambientais Maria Cust\u00f3dio e Elaine Ludovico &#8211; do setor de Meio Ambiente da SAMAT &#8211; informaram que a \u00e1rea escolhida para o plantio foi a Fazenda Capim por possuir uma das \u00e1reas de reflorestamento pertencentes \u00e0 Prefeitura Municipal:<\/p>\n\n\n\n<p>\u201cQuando a gente fala em Fazenda e territ\u00f3rio rural, em Castilho que \u00e9 um dos maiores munic\u00edpios do Estado em extens\u00e3o territorial, pode se ter a falsa impress\u00e3o de que o local fica muito distante. Por\u00e9m essa \u00e1rea \u00e9 de f\u00e1cil acesso aos mun\u00edcipes que almejem continuar os plantios no local, ajudando na preserva\u00e7\u00e3o do meio ambiente\u201d, pontuou Maria Cust\u00f3dio.<\/p>\n\n\n\n<p>Elas tamb\u00e9m acrescentaram que a iniciativa de incluir esp\u00e9cies frut\u00edferas entre as mudas produzidas pelo Viveiro Municipal e plantadas nesta quarta-feira, refletem a preocupa\u00e7\u00e3o do Munic\u00edpio com a oferta de mais alimentos para os animais silvestres, que se tornam cada vez mais frequentes nas \u00e1reas urbanas por conta da redu\u00e7\u00e3o de seus habitats naturais e degrada\u00e7\u00e3o do solo.<\/p>\n\n\n\n<p>\u201cO prefeito Paulo Boaventura \u00e9 bastante sens\u00edvel \u00e0s causas ambientais e tem nos orientado a promover a\u00e7\u00f5es sistem\u00e1ticas e cont\u00ednuas visando conscientizar a sociedade sobre nossos grandes problemas ecol\u00f3gicos e a necessidade de mudarmos urgentemente de atitude para preservar o equil\u00edbrio de nosso meio ambiente\u201d, finalizou a secret\u00e1ria de Agricultura, Meio Ambiente e Turismo, Rejane Flor, que tamb\u00e9m participou ativamente do plantio das mudas.<\/p>\n","protected":false},"excerpt":{"rendered":"<p>Pelo menos 09 crian\u00e7as representando o programa Renascer, mantido em Castilho pela Secretaria Municipal de Assist\u00eancia Social e Cidadania (SASC), participaram na manh\u00e3 desta quarta-feira (22), do plantio de 20 mudas de \u00e1rvores de v\u00e1rias esp\u00e9cies, sendo muitas das quais frut\u00edferas e t\u00edpicas da regi\u00e3o. O plantio \u00e9 mais uma a\u00e7\u00e3o de conscientiza\u00e7\u00e3o ambiental promovida &hellip;<\/p>\n","protected":false},"author":1,"featured_media":2413,"comment_status":"open","ping_status":"open","sticky":false,"template":"","format":"standard","meta":{"_jetpack_memberships_contains_paid_content":false,"footnotes":"","jetpack_publicize_message":"","jetpack_publicize_feature_enabled":true,"jetpack_social_post_already_shared":false,"jetpack_social_options":{"image_generator_settings":{"template":"highway","default_image_id":0,"enabled":false},"version":2}},"categories":[4],"tags":[],"class_list":["post-2412","post","type-post","status-publish","format-standard","has-post-thumbnail","hentry","category-regiao"],"jetpack_publicize_connections":[],"jetpack_featured_media_url":"https:\/\/i0.wp.com\/www.paparazzinews.com.br\/wp-content\/uploads\/2023\/03\/8639bf53-8e81-4ff7-a2c7-238e44937bf8.jpg?fit=1024%2C768&ssl=1","views":"6425","jetpack_likes_enabled":true,"jetpack_sharing_enabled":true,"_links":{"self":[{"href":"https:\/\/www.paparazzinews.com.br\/index.php?rest_route=\/wp\/v2\/posts\/2412","targetHints":{"allow":["GET"]}}],"collection":[{"href":"https:\/\/www.paparazzinews.com.br\/index.php?rest_route=\/wp\/v2\/posts"}],"about":[{"href":"https:\/\/www.paparazzinews.com.br\/index.php?rest_route=\/wp\/v2\/types\/post"}],"author":[{"embeddable":true,"href":"https:\/\/www.paparazzinews.com.br\/index.php?rest_route=\/wp\/v2\/users\/1"}],"replies":[{"embeddable":true,"href":"https:\/\/www.paparazzinews.com.br\/index.php?rest_route=%2Fwp%2Fv2%2Fcomments&post=2412"}],"version-history":[{"count":1,"href":"https:\/\/www.paparazzinews.com.br\/index.php?rest_route=\/wp\/v2\/posts\/2412\/revisions"}],"predecessor-version":[{"id":2414,"href":"https:\/\/www.paparazzinews.com.br\/index.php?rest_route=\/wp\/v2\/posts\/2412\/revisions\/2414"}],"wp:featuredmedia":[{"embeddable":true,"href":"https:\/\/www.paparazzinews.com.br\/index.php?rest_route=\/wp\/v2\/media\/2413"}],"wp:attachment":[{"href":"https:\/\/www.paparazzinews.com.br\/index.php?rest_route=%2Fwp%2Fv2%2Fmedia&parent=2412"}],"wp:term":[{"taxonomy":"category","embeddable":true,"href":"https:\/\/www.paparazzinews.com.br\/index.php?rest_route=%2Fwp%2Fv2%2Fcategories&post=2412"},{"taxonomy":"post_tag","embeddable":true,"href":"https:\/\/www.paparazzinews.com.br\/index.php?rest_route=%2Fwp%2Fv2%2Ftags&post=2412"}],"curies":[{"name":"wp","href":"https:\/\/api.w.org\/{rel}","templated":true}]}}