{"id":2392,"date":"2023-03-21T16:44:08","date_gmt":"2023-03-21T19:44:08","guid":{"rendered":"https:\/\/www.paparazzinews.com.br\/?p=2392"},"modified":"2023-03-21T20:38:54","modified_gmt":"2023-03-21T23:38:54","slug":"juri-que-seria-realizado-em-andradina-nesta-quarta-feira-e-adiado-para-junho","status":"publish","type":"post","link":"https:\/\/www.paparazzinews.com.br\/?p=2392","title":{"rendered":"J\u00fari que seria realizado em Andradina nesta quarta-feira \u00e9 adiado para junho"},"content":{"rendered":"\n<p>Para fins de \u201creadequa\u00e7\u00e3o da pauta\u201d, o F\u00f3rum de Andradina redesignou para 14 de junho, \u00e0s 9h, a sess\u00e3o do Tribunal do J\u00fari que ir\u00e1 julgar o estudante Jo\u00e3o Paulo de Souza Miranda, de 34 anos, morador do bairro Benfica, em Andradina, acusado de tentativa de homic\u00eddio.<\/p>\n\n\n\n<p>Ainda hoje (21), o rep\u00f3rter Roni Willer Macedo de Oliveira recebeu diversas mensagens por \u00e1udio de Whatsapp com intimida\u00e7\u00e3o proferida por uma filha da vitima, que n\u00e3o gostou da divulga\u00e7\u00e3o da not\u00edcia do julgamento que ocorreria nesta quarta-feira (22).<\/p>\n\n\n\n<p><strong><em>Roni garantiu que ir\u00e1 tomar as medidas legais diante do que chamou de \u201camea\u00e7as\u201d \u00e0 liberdade de imprensa. \u201cO processo \u00e9 p\u00fablico, o julgamento \u00e9 p\u00fablico. N\u00e3o divulguei nada que fosse segredo de justi\u00e7a\u201d, disse Roni. \u201cInaceit\u00e1vel amea\u00e7ar um direito de informa\u00e7\u00e3o da popula\u00e7\u00e3o.\u201d<\/em><\/strong><\/p>\n\n\n\n<p>O r\u00e9u \u00e9 acusado de tentar matar Wanderley de Campos Filho, de 46 anos, em crime ocorrido por volta das 18h30 do dia 24 de novembro de 2020, em um bar na rua Para\u00edba, no bairro Vila Mineira, em Andradina. De acordo com a den\u00fancia do Minist\u00e9rio P\u00fablico, o acusado \u00e9 filho dos donos do estabelecimento, frequentado por Wanderley.<\/p>\n\n\n\n<p>Miranda contou \u00e0 pol\u00edcia que estava incomodado com o fato de que Wanderley costumava colocar as m\u00e3os para dentro da cal\u00e7a e se masturbar olhando para a m\u00e3e do r\u00e9u, que tamb\u00e9m trabalhava no local.<br>No dia dos fatos, o acusado teria desferido v\u00e1rias facadas no abdome, nos bra\u00e7os e m\u00e3os da v\u00edtima, que depois foi levado ao hospital pela equipe do Resgate, e submetido a cirurgia que salvou sua vida.<\/p>\n\n\n\n<p><strong>ERRATA<\/strong> &#8211; A reportagem errou ao apresentar que as amea\u00e7as teriam sido por parte da fam\u00edlia do r\u00e9u, quando na verdade quem usou para amea\u00e7ar foi o familiar da v\u00edtima. <\/p>\n\n\n\n<p>O Roni Paparazzi lamenta o erro de comunica\u00e7\u00e3o, pe\u00e7o desculpas e se coloco a disposi\u00e7\u00e3o para qualquer esclarecimento que possa ter vindo causar danos a irm\u00e3 do r\u00e9u, que nesta noite de ter\u00e7a-feira, procurou o jornalista para informar que n\u00e3o era a respons\u00e1vel pelas amea\u00e7as.<\/p>\n","protected":false},"excerpt":{"rendered":"<p>Para fins de \u201creadequa\u00e7\u00e3o da pauta\u201d, o F\u00f3rum de Andradina redesignou para 14 de junho, \u00e0s 9h, a sess\u00e3o do Tribunal do J\u00fari que ir\u00e1 julgar o estudante Jo\u00e3o Paulo de Souza Miranda, de 34 anos, morador do bairro Benfica, em Andradina, acusado de tentativa de homic\u00eddio. Ainda hoje (21), o rep\u00f3rter Roni Willer Macedo &hellip;<\/p>\n","protected":false},"author":1,"featured_media":2393,"comment_status":"open","ping_status":"open","sticky":false,"template":"","format":"standard","meta":{"_jetpack_memberships_contains_paid_content":false,"footnotes":"","jetpack_publicize_message":"","jetpack_publicize_feature_enabled":true,"jetpack_social_post_already_shared":false,"jetpack_social_options":{"image_generator_settings":{"template":"highway","default_image_id":0,"enabled":false},"version":2}},"categories":[3],"tags":[],"class_list":["post-2392","post","type-post","status-publish","format-standard","has-post-thumbnail","hentry","category-policial"],"jetpack_publicize_connections":[],"jetpack_featured_media_url":"https:\/\/i0.wp.com\/www.paparazzinews.com.br\/wp-content\/uploads\/2023\/03\/20171107_094522.jpg?fit=944%2C708&ssl=1","views":"6003","jetpack_likes_enabled":true,"jetpack_sharing_enabled":true,"_links":{"self":[{"href":"https:\/\/www.paparazzinews.com.br\/index.php?rest_route=\/wp\/v2\/posts\/2392","targetHints":{"allow":["GET"]}}],"collection":[{"href":"https:\/\/www.paparazzinews.com.br\/index.php?rest_route=\/wp\/v2\/posts"}],"about":[{"href":"https:\/\/www.paparazzinews.com.br\/index.php?rest_route=\/wp\/v2\/types\/post"}],"author":[{"embeddable":true,"href":"https:\/\/www.paparazzinews.com.br\/index.php?rest_route=\/wp\/v2\/users\/1"}],"replies":[{"embeddable":true,"href":"https:\/\/www.paparazzinews.com.br\/index.php?rest_route=%2Fwp%2Fv2%2Fcomments&post=2392"}],"version-history":[{"count":3,"href":"https:\/\/www.paparazzinews.com.br\/index.php?rest_route=\/wp\/v2\/posts\/2392\/revisions"}],"predecessor-version":[{"id":2397,"href":"https:\/\/www.paparazzinews.com.br\/index.php?rest_route=\/wp\/v2\/posts\/2392\/revisions\/2397"}],"wp:featuredmedia":[{"embeddable":true,"href":"https:\/\/www.paparazzinews.com.br\/index.php?rest_route=\/wp\/v2\/media\/2393"}],"wp:attachment":[{"href":"https:\/\/www.paparazzinews.com.br\/index.php?rest_route=%2Fwp%2Fv2%2Fmedia&parent=2392"}],"wp:term":[{"taxonomy":"category","embeddable":true,"href":"https:\/\/www.paparazzinews.com.br\/index.php?rest_route=%2Fwp%2Fv2%2Fcategories&post=2392"},{"taxonomy":"post_tag","embeddable":true,"href":"https:\/\/www.paparazzinews.com.br\/index.php?rest_route=%2Fwp%2Fv2%2Ftags&post=2392"}],"curies":[{"name":"wp","href":"https:\/\/api.w.org\/{rel}","templated":true}]}}