{"id":2388,"date":"2023-03-21T15:35:01","date_gmt":"2023-03-21T18:35:01","guid":{"rendered":"https:\/\/www.paparazzinews.com.br\/?p=2388"},"modified":"2023-03-21T15:35:02","modified_gmt":"2023-03-21T18:35:02","slug":"cultura-de-castilho-homenageia-cuidadores-de-idosos-do-asilo-betel","status":"publish","type":"post","link":"https:\/\/www.paparazzinews.com.br\/?p=2388","title":{"rendered":"Cultura de Castilho homenageia Cuidadores de Idosos do Asilo Betel"},"content":{"rendered":"\n<p>Nesta segunda-feira, 20, foi comemorado o Dia Nacional dos Cuidadores de Idosos e, em Castilho, a data n\u00e3o passou desapercebida. Atendendo convite feito pelo Asilo Betel, a secret\u00e1ria municipal de Educa\u00e7\u00e3o, Cultura e Desporto \u2013 Silv\u00e2nia Cintra, pediu aos professores Brena (violino) e Alex Aniceto (viol\u00e3o) fossem at\u00e9 a institui\u00e7\u00e3o para proporcionar momentos agrad\u00e1veis com belas m\u00fasicas para recepcionar estes profissionais em mais um dia de trabalho.<\/p>\n\n\n\n<p>O repert\u00f3rio agradou e emocionou as cuidadoras al\u00e9m de servir como \u2018laborat\u00f3rio\u2019 para que os m\u00fasicos do setor de Cultura possam introduzir neste ano, mais uma iniciativa bem sucedida que j\u00e1 est\u00e1 em andamento desde o final de 2021 no Hospital Jos\u00e9 Fortuna e no Centro Integrado de Sa\u00fade: o programa M\u00fasica Salva.<\/p>\n\n\n\n<p>\u201cEstive com a Val\u00e9ria visitando o Asilo Betel um m\u00eas atr\u00e1s para conhecer melhor os projetos desenvolvidos pela equipe t\u00e9cnica deles com os idosos e ficamos maravilhados com a iniciativa de criarem uma Biblioteca especialmente voltada \u00e0 alfabetiza\u00e7\u00e3o e ao lazer dos internos. \u00c9 um projeto lindo que tamb\u00e9m receber\u00e1 apoio da nossa Secretaria de Educa\u00e7\u00e3o. Mas tamb\u00e9m aproveitamos para apresentar a eles o programa \u2018M\u00fasica Salva\u2019, cuja finalidade \u00e9 utilizar a m\u00fasica como instrumento capaz de auxiliar na manuten\u00e7\u00e3o do bem estar e da sa\u00fade f\u00edsica e espiritual dos internos\u201d, antecipou a secret\u00e1ria Silv\u00e2nia Cintra sobre os planos de ampliar o alcance social e curativo do programa.<\/p>\n\n\n\n<p>A proposta foi recebida com entusiasmo pela diretoria executiva do Asilo Betel, que guiou Silv\u00e2nia e Val\u00e9ria por um passeio agrad\u00e1vel pelas depend\u00eancias da institui\u00e7\u00e3o. \u201cCostumamos dizer que a m\u00fasica acalma e alimenta a alma das pessoas, e nesta manh\u00e3 de segunda-feira, tivemos uma excelente demonstra\u00e7\u00e3o deste efeito positivo. Teremos enorme prazer em abrir as portas do Asilo Betel para recepcionar os m\u00fasicos do setor de Cultura em visitas rotineiras\u201d, afirmou o presidente Daniel de Miranda.<br>Silv\u00e2nia tamb\u00e9m aproveitou a oportunidade para ampliar o espa\u00e7o de colabora\u00e7\u00e3o m\u00fatua, visando outras iniciativas que possam complementar os trabalhos da equipe multiprofissional mantida pelos Asilo Betel, contribuindo assim para elevar ainda mais a qualidade de vida dos assistidos pela entidade.<\/p>\n\n\n\n<p>Os cronogramas de implanta\u00e7\u00e3o do programa M\u00fasica Salva no Asilo Betel est\u00e3o em fase de planejamento, mas a presen\u00e7a de Brena e Alex na institui\u00e7\u00e3o nesta segunda-feira, j\u00e1 forneceu os ind\u00edcios positivos de que a a\u00e7\u00e3o ter\u00e1 importante impacto emocional e no bem estar dos internos.<\/p>\n\n\n\n<figure class=\"wp-block-image size-full\"><img data-recalc-dims=\"1\" loading=\"lazy\" decoding=\"async\" width=\"708\" height=\"531\" src=\"https:\/\/i0.wp.com\/www.paparazzinews.com.br\/wp-content\/uploads\/2023\/03\/623fd482-2935-438f-a7c7-c400830fb8a5.jpg?resize=708%2C531&#038;ssl=1\" alt=\"\" class=\"wp-image-2390\" srcset=\"https:\/\/i0.wp.com\/www.paparazzinews.com.br\/wp-content\/uploads\/2023\/03\/623fd482-2935-438f-a7c7-c400830fb8a5.jpg?w=1024&amp;ssl=1 1024w, https:\/\/i0.wp.com\/www.paparazzinews.com.br\/wp-content\/uploads\/2023\/03\/623fd482-2935-438f-a7c7-c400830fb8a5.jpg?resize=300%2C225&amp;ssl=1 300w, https:\/\/i0.wp.com\/www.paparazzinews.com.br\/wp-content\/uploads\/2023\/03\/623fd482-2935-438f-a7c7-c400830fb8a5.jpg?resize=768%2C576&amp;ssl=1 768w\" sizes=\"auto, (max-width: 708px) 100vw, 708px\" \/><\/figure>\n","protected":false},"excerpt":{"rendered":"<p>Nesta segunda-feira, 20, foi comemorado o Dia Nacional dos Cuidadores de Idosos e, em Castilho, a data n\u00e3o passou desapercebida. Atendendo convite feito pelo Asilo Betel, a secret\u00e1ria municipal de Educa\u00e7\u00e3o, Cultura e Desporto \u2013 Silv\u00e2nia Cintra, pediu aos professores Brena (violino) e Alex Aniceto (viol\u00e3o) fossem at\u00e9 a institui\u00e7\u00e3o para proporcionar momentos agrad\u00e1veis com &hellip;<\/p>\n","protected":false},"author":1,"featured_media":2389,"comment_status":"open","ping_status":"open","sticky":false,"template":"","format":"standard","meta":{"_jetpack_memberships_contains_paid_content":false,"footnotes":"","jetpack_publicize_message":"","jetpack_publicize_feature_enabled":true,"jetpack_social_post_already_shared":false,"jetpack_social_options":{"image_generator_settings":{"template":"highway","default_image_id":0,"enabled":false},"version":2}},"categories":[4],"tags":[],"class_list":["post-2388","post","type-post","status-publish","format-standard","has-post-thumbnail","hentry","category-regiao"],"jetpack_publicize_connections":[],"jetpack_featured_media_url":"https:\/\/i0.wp.com\/www.paparazzinews.com.br\/wp-content\/uploads\/2023\/03\/d33505bb-3c34-4699-9dd0-291a804c952e.jpg?fit=1024%2C768&ssl=1","views":"7110","jetpack_likes_enabled":true,"jetpack_sharing_enabled":true,"_links":{"self":[{"href":"https:\/\/www.paparazzinews.com.br\/index.php?rest_route=\/wp\/v2\/posts\/2388","targetHints":{"allow":["GET"]}}],"collection":[{"href":"https:\/\/www.paparazzinews.com.br\/index.php?rest_route=\/wp\/v2\/posts"}],"about":[{"href":"https:\/\/www.paparazzinews.com.br\/index.php?rest_route=\/wp\/v2\/types\/post"}],"author":[{"embeddable":true,"href":"https:\/\/www.paparazzinews.com.br\/index.php?rest_route=\/wp\/v2\/users\/1"}],"replies":[{"embeddable":true,"href":"https:\/\/www.paparazzinews.com.br\/index.php?rest_route=%2Fwp%2Fv2%2Fcomments&post=2388"}],"version-history":[{"count":1,"href":"https:\/\/www.paparazzinews.com.br\/index.php?rest_route=\/wp\/v2\/posts\/2388\/revisions"}],"predecessor-version":[{"id":2391,"href":"https:\/\/www.paparazzinews.com.br\/index.php?rest_route=\/wp\/v2\/posts\/2388\/revisions\/2391"}],"wp:featuredmedia":[{"embeddable":true,"href":"https:\/\/www.paparazzinews.com.br\/index.php?rest_route=\/wp\/v2\/media\/2389"}],"wp:attachment":[{"href":"https:\/\/www.paparazzinews.com.br\/index.php?rest_route=%2Fwp%2Fv2%2Fmedia&parent=2388"}],"wp:term":[{"taxonomy":"category","embeddable":true,"href":"https:\/\/www.paparazzinews.com.br\/index.php?rest_route=%2Fwp%2Fv2%2Fcategories&post=2388"},{"taxonomy":"post_tag","embeddable":true,"href":"https:\/\/www.paparazzinews.com.br\/index.php?rest_route=%2Fwp%2Fv2%2Ftags&post=2388"}],"curies":[{"name":"wp","href":"https:\/\/api.w.org\/{rel}","templated":true}]}}