{"id":2381,"date":"2023-03-21T15:18:42","date_gmt":"2023-03-21T18:18:42","guid":{"rendered":"https:\/\/www.paparazzinews.com.br\/?p=2381"},"modified":"2023-03-21T15:18:43","modified_gmt":"2023-03-21T18:18:43","slug":"aguas-andradina-e-castilho-promovem-acoes-socioambientais-em-homenagem-ao-dia-mundial-da-agua","status":"publish","type":"post","link":"https:\/\/www.paparazzinews.com.br\/?p=2381","title":{"rendered":"\u00c1guas Andradina e Castilho promovem a\u00e7\u00f5es socioambientais em homenagem ao Dia Mundial da \u00c1gua"},"content":{"rendered":"\n<p>A Organiza\u00e7\u00e3o das Na\u00e7\u00f5es Unidas (ONU) escolheu para o Dia Mundial da \u00c1gua deste ano (22\/03) o tema \u201cAcelerando Mudan\u00e7as \u2013 Seja a mudan\u00e7a que voc\u00ea deseja ver no Mundo\u201d, convidando as pessoas a repensarem suas atitudes em rela\u00e7\u00e3o ao uso e consumo de \u00e1gua em casa, na escola, na comunidade, enfim, no dia a dia.<\/p>\n\n\n\n<p>Seguindo esta proposta, a \u00c1guas Andradina e a \u00c1guas Castilho, empresas do grupo Igu\u00e1 Saneamento e Sabesp, cumprem esse papel de responsabilidade social e ambiental todos os dias, oferecendo para os moradores um 100% de \u00e1gua tratada, preservando a natureza, os len\u00e7\u00f3is fre\u00e1ticos e os c\u00f3rregos que cortam essas cidades.<\/p>\n\n\n\n<p><strong>Na comunidade<\/strong><\/p>\n\n\n\n<p>Realizar a\u00e7\u00f5es socioambientais faz parte da rotina do time de Responsabilidade Social e Meio Ambiente das concession\u00e1rias no decorrer de todo o ano, por\u00e9m neste m\u00eas de mar\u00e7o as atividades foram intensificadas para celebrar o Dia Mundial da \u00c1gua.<\/p>\n\n\n\n<p>Nos dias 13 e 14, aconteceu um projeto in\u00e9dito intitulado \u201cRoda de Mem\u00f3rias\u201d, em que os idosos atendidos pelo Centro de Conviv\u00eancia do Idoso de Andradina e do Clube da Terceira Idade de Castilho foram estimulados a falarem sobre as lembran\u00e7as afetivas com a tem\u00e1tica da \u00e1gua. As melhores hist\u00f3rias ser\u00e3o editadas e transformadas em uma miniss\u00e9rie que ser\u00e1 divulgada via redes sociais e nos encontros nas escolas com crian\u00e7as e adolescentes. A ideia \u00e9 que essa gera\u00e7\u00e3o tenha contato com essa vis\u00e3o de pessoas que n\u00e3o tinham \u00e1gua encanada em casa, buscavam \u00e1gua no rio para atividades do dia a dia e n\u00e3o tinham chuveiro.<\/p>\n\n\n\n<p>Nos dias 21 e 23, ser\u00e1 realizada mais uma edi\u00e7\u00e3o do programa \u00c1guas Andradina nas Escolas com a palestra \u201c A import\u00e2ncia da \u00e1gua\u201d para os alunos do Sesi, \u00e0s 10h, e da escola Josepha Carreira, \u00e0s 8h e \u00e0s 15h.<\/p>\n\n\n\n<p>Em Castilho, a atividade ser\u00e1 aplicada na escola Dijanira Bozzo Jorge no dia 24, \u00e0s 7h30 e \u00e0s 13h, para 300 alunos. O objetivo \u00e9 mostrar o quanto esse recurso \u00e9 imprescind\u00edvel para a vida de todos.<\/p>\n\n\n\n<p>No Dia Mundial da \u00c1gua (22\/03), um grupo de jovens da escola Josepha Carreira far\u00e1 parte do programa Voc\u00ea no Saneamento, conhecendo de perto como funciona o Sistema de Abastecimento Jardim das \u00c1guas, um dos mais importantes de Andradina. Para encerrar o m\u00eas de atividades, os alunos da escola Maria Bandeira, de Castilho, v\u00e3o conhecer a sede operacional da empresa.<\/p>\n\n\n\n<p>\u201cConsideramos esta data um momento importante para que toda sociedade pare e reflita sobre o seu papel na preserva\u00e7\u00e3o desse bem t\u00e3o precioso. Cuidar da \u00e1gua de Andradina e Castilho e despertar o interesse da popula\u00e7\u00e3o para este tema \u00e9 nosso compromisso di\u00e1rio\u201d, destaca o diretor geral das empresas, Lu\u00eds Guilherme Bizelli.<\/p>\n\n\n\n<p><strong>Canais de atendimento<\/strong><\/p>\n\n\n\n<p>Qualquer d\u00favida os clientes de Andradina podem entrar em contato pelos telefones 0800 775 0195, pelo WhatsApp (18) 99637 4603 ou ir at\u00e9 \u00e0 loja localizada na Doutor Orensy Rodrigues da Silva, 1062.<\/p>\n\n\n\n<p>Quem mora em Castilho, os contatos s\u00e3o 0800 770 3195, WhatsApp: (18) 99609-5213 ou Avenida Presidente Get\u00falio Vargas, 20. O atendimento presencial nas lojas \u00e9 de segunda a sexta-feira, das 8h30 \u00e0s 17h.<\/p>\n\n\n\n<p>Para saber mais informa\u00e7\u00f5es sobre os trabalhos realizados pela \u00c1guas Andradina e \u00c1guas Castilho acesse <a href=\"http:\/\/www.igua.com.br\/andradina\" data-type=\"URL\" data-id=\"www.igua.com.br\/andradina\">www.igua.com.br\/andradina<\/a> e <a href=\"http:\/\/www.igua.com.br\/castilho\" data-type=\"URL\" data-id=\"www.igua.com.br\/castilho\">www.igua.com.br\/castilho<\/a>.<\/p>\n\n\n\n<figure class=\"wp-block-image size-full\"><img data-recalc-dims=\"1\" loading=\"lazy\" decoding=\"async\" width=\"708\" height=\"485\" src=\"https:\/\/i0.wp.com\/www.paparazzinews.com.br\/wp-content\/uploads\/2023\/03\/image-6.png?resize=708%2C485&#038;ssl=1\" alt=\"\" class=\"wp-image-2382\" srcset=\"https:\/\/i0.wp.com\/www.paparazzinews.com.br\/wp-content\/uploads\/2023\/03\/image-6.png?w=929&amp;ssl=1 929w, https:\/\/i0.wp.com\/www.paparazzinews.com.br\/wp-content\/uploads\/2023\/03\/image-6.png?resize=300%2C206&amp;ssl=1 300w, https:\/\/i0.wp.com\/www.paparazzinews.com.br\/wp-content\/uploads\/2023\/03\/image-6.png?resize=768%2C527&amp;ssl=1 768w, https:\/\/i0.wp.com\/www.paparazzinews.com.br\/wp-content\/uploads\/2023\/03\/image-6.png?resize=220%2C150&amp;ssl=1 220w\" sizes=\"auto, (max-width: 708px) 100vw, 708px\" \/><\/figure>\n","protected":false},"excerpt":{"rendered":"<p>A Organiza\u00e7\u00e3o das Na\u00e7\u00f5es Unidas (ONU) escolheu para o Dia Mundial da \u00c1gua deste ano (22\/03) o tema \u201cAcelerando Mudan\u00e7as \u2013 Seja a mudan\u00e7a que voc\u00ea deseja ver no Mundo\u201d, convidando as pessoas a repensarem suas atitudes em rela\u00e7\u00e3o ao uso e consumo de \u00e1gua em casa, na escola, na comunidade, enfim, no dia a &hellip;<\/p>\n","protected":false},"author":1,"featured_media":2383,"comment_status":"open","ping_status":"open","sticky":false,"template":"","format":"standard","meta":{"_jetpack_memberships_contains_paid_content":false,"footnotes":"","jetpack_publicize_message":"","jetpack_publicize_feature_enabled":true,"jetpack_social_post_already_shared":false,"jetpack_social_options":{"image_generator_settings":{"template":"highway","default_image_id":0,"enabled":false},"version":2}},"categories":[6],"tags":[],"class_list":["post-2381","post","type-post","status-publish","format-standard","has-post-thumbnail","hentry","category-entretenimento"],"jetpack_publicize_connections":[],"jetpack_featured_media_url":"https:\/\/i0.wp.com\/www.paparazzinews.com.br\/wp-content\/uploads\/2023\/03\/c360e3f0-3ca5-42c6-a649-31adf95f7aa3-e1679422711186.jpg?fit=1000%2C533&ssl=1","views":"5550","jetpack_likes_enabled":true,"jetpack_sharing_enabled":true,"_links":{"self":[{"href":"https:\/\/www.paparazzinews.com.br\/index.php?rest_route=\/wp\/v2\/posts\/2381","targetHints":{"allow":["GET"]}}],"collection":[{"href":"https:\/\/www.paparazzinews.com.br\/index.php?rest_route=\/wp\/v2\/posts"}],"about":[{"href":"https:\/\/www.paparazzinews.com.br\/index.php?rest_route=\/wp\/v2\/types\/post"}],"author":[{"embeddable":true,"href":"https:\/\/www.paparazzinews.com.br\/index.php?rest_route=\/wp\/v2\/users\/1"}],"replies":[{"embeddable":true,"href":"https:\/\/www.paparazzinews.com.br\/index.php?rest_route=%2Fwp%2Fv2%2Fcomments&post=2381"}],"version-history":[{"count":1,"href":"https:\/\/www.paparazzinews.com.br\/index.php?rest_route=\/wp\/v2\/posts\/2381\/revisions"}],"predecessor-version":[{"id":2384,"href":"https:\/\/www.paparazzinews.com.br\/index.php?rest_route=\/wp\/v2\/posts\/2381\/revisions\/2384"}],"wp:featuredmedia":[{"embeddable":true,"href":"https:\/\/www.paparazzinews.com.br\/index.php?rest_route=\/wp\/v2\/media\/2383"}],"wp:attachment":[{"href":"https:\/\/www.paparazzinews.com.br\/index.php?rest_route=%2Fwp%2Fv2%2Fmedia&parent=2381"}],"wp:term":[{"taxonomy":"category","embeddable":true,"href":"https:\/\/www.paparazzinews.com.br\/index.php?rest_route=%2Fwp%2Fv2%2Fcategories&post=2381"},{"taxonomy":"post_tag","embeddable":true,"href":"https:\/\/www.paparazzinews.com.br\/index.php?rest_route=%2Fwp%2Fv2%2Ftags&post=2381"}],"curies":[{"name":"wp","href":"https:\/\/api.w.org\/{rel}","templated":true}]}}