{"id":2371,"date":"2023-03-20T17:01:00","date_gmt":"2023-03-20T20:01:00","guid":{"rendered":"https:\/\/www.paparazzinews.com.br\/?p=2371"},"modified":"2023-03-20T17:01:01","modified_gmt":"2023-03-20T20:01:01","slug":"estudante-que-esfaqueou-homem-que-se-masturbava-para-a-sua-mae-em-andradina-vai-a-juri","status":"publish","type":"post","link":"https:\/\/www.paparazzinews.com.br\/?p=2371","title":{"rendered":"Estudante que esfaqueou homem que se masturbava para a sua m\u00e3e em Andradina vai a j\u00fari"},"content":{"rendered":"\n<p>O estudante Jo\u00e3o Paulo de Souza Miranda, de 34 anos, morador do bairro Benfica, em Andradina, vai a j\u00fari popular no F\u00f3rum local nesta quarta-feira (22), a partir das 9h, acusado de tentativa de homic\u00eddio.<\/p>\n\n\n\n<p>Segundo informa\u00e7\u00f5es apuradas pelo Roni Paparazzi ele \u00e9 acusado de tentar matar Wanderley de Campos Filho, de 46 anos, em crime ocorrido por volta das 18h30 do dia 24 de novembro de 2020, em um bar na rua Para\u00edba, no bairro Vila Mineira, em Andradina.<\/p>\n\n\n\n<p>De acordo com a den\u00fancia do Minist\u00e9rio P\u00fablico, o acusado \u00e9 filho dos donos do estabelecimento, frequentado por Wanderley. Miranda contou \u00e0 pol\u00edcia que estava incomodado com o fato de que Wanderley costumava colocar as m\u00e3os para dentro da cal\u00e7a e se masturbar olhando para a m\u00e3e do r\u00e9u, que tamb\u00e9m trabalhava no local.<\/p>\n\n\n\n<p>No dia dos fatos, o acusado teria desferido v\u00e1rias facadas no abdome, nos bra\u00e7os e m\u00e3os da v\u00edtima, que depois foi levado ao hospital pela equipe do Resgate, e submetido a cirurgia que salvou sua vida.<\/p>\n","protected":false},"excerpt":{"rendered":"<p>O estudante Jo\u00e3o Paulo de Souza Miranda, de 34 anos, morador do bairro Benfica, em Andradina, vai a j\u00fari popular no F\u00f3rum local nesta quarta-feira (22), a partir das 9h, acusado de tentativa de homic\u00eddio. Segundo informa\u00e7\u00f5es apuradas pelo Roni Paparazzi ele \u00e9 acusado de tentar matar Wanderley de Campos Filho, de 46 anos, em &hellip;<\/p>\n","protected":false},"author":1,"featured_media":2372,"comment_status":"open","ping_status":"open","sticky":false,"template":"","format":"standard","meta":{"_jetpack_memberships_contains_paid_content":false,"footnotes":"","jetpack_publicize_message":"","jetpack_publicize_feature_enabled":true,"jetpack_social_post_already_shared":false,"jetpack_social_options":{"image_generator_settings":{"template":"highway","default_image_id":0,"enabled":false},"version":2}},"categories":[3],"tags":[],"class_list":["post-2371","post","type-post","status-publish","format-standard","has-post-thumbnail","hentry","category-policial"],"jetpack_publicize_connections":[],"jetpack_featured_media_url":"https:\/\/i0.wp.com\/www.paparazzinews.com.br\/wp-content\/uploads\/2023\/03\/96e3502e-f81c-434f-a615-306bba9af303-e1679342429116.jpg?fit=1000%2C450&ssl=1","views":"7864","jetpack_likes_enabled":true,"jetpack_sharing_enabled":true,"_links":{"self":[{"href":"https:\/\/www.paparazzinews.com.br\/index.php?rest_route=\/wp\/v2\/posts\/2371","targetHints":{"allow":["GET"]}}],"collection":[{"href":"https:\/\/www.paparazzinews.com.br\/index.php?rest_route=\/wp\/v2\/posts"}],"about":[{"href":"https:\/\/www.paparazzinews.com.br\/index.php?rest_route=\/wp\/v2\/types\/post"}],"author":[{"embeddable":true,"href":"https:\/\/www.paparazzinews.com.br\/index.php?rest_route=\/wp\/v2\/users\/1"}],"replies":[{"embeddable":true,"href":"https:\/\/www.paparazzinews.com.br\/index.php?rest_route=%2Fwp%2Fv2%2Fcomments&post=2371"}],"version-history":[{"count":1,"href":"https:\/\/www.paparazzinews.com.br\/index.php?rest_route=\/wp\/v2\/posts\/2371\/revisions"}],"predecessor-version":[{"id":2373,"href":"https:\/\/www.paparazzinews.com.br\/index.php?rest_route=\/wp\/v2\/posts\/2371\/revisions\/2373"}],"wp:featuredmedia":[{"embeddable":true,"href":"https:\/\/www.paparazzinews.com.br\/index.php?rest_route=\/wp\/v2\/media\/2372"}],"wp:attachment":[{"href":"https:\/\/www.paparazzinews.com.br\/index.php?rest_route=%2Fwp%2Fv2%2Fmedia&parent=2371"}],"wp:term":[{"taxonomy":"category","embeddable":true,"href":"https:\/\/www.paparazzinews.com.br\/index.php?rest_route=%2Fwp%2Fv2%2Fcategories&post=2371"},{"taxonomy":"post_tag","embeddable":true,"href":"https:\/\/www.paparazzinews.com.br\/index.php?rest_route=%2Fwp%2Fv2%2Ftags&post=2371"}],"curies":[{"name":"wp","href":"https:\/\/api.w.org\/{rel}","templated":true}]}}