{"id":237,"date":"2022-07-05T14:36:29","date_gmt":"2022-07-05T17:36:29","guid":{"rendered":"https:\/\/www.paparazzinews.com.br\/?p=237"},"modified":"2022-07-05T14:36:30","modified_gmt":"2022-07-05T17:36:30","slug":"no-recesso-vereadores-trabalham-e-aprovam-mais-investimentos-para-andradina","status":"publish","type":"post","link":"https:\/\/www.paparazzinews.com.br\/?p=237","title":{"rendered":"No recesso, vereadores trabalham e aprovam mais investimentos para Andradina"},"content":{"rendered":"\n<p>Apesar da sess\u00f5es da C\u00e2mara Municipal de Andradina estarem em recesso parlamentar, os vereadores continuam trabalhando diariamente pelo desenvolvimento do munic\u00edpio. Exemplo disso que a realiza\u00e7\u00e3o de uma Sess\u00e3o Extraordin\u00e1ria nesta segunda feira \u00e0s 17h no plen\u00e1rio do Poder Legislativo, para votar projetos de investimento em Andradina.<\/p>\n\n\n\n<p>Com a aus\u00eancia de apenas um vereador por compromissos particulares, todos os vereadores presentes aprovaram por unanimidade tr\u00eas projetos encaminhados pelo Poder Executivo no montante de R$ 180 mil. \u201cVale salientar que os vereadores n\u00e3o s\u00e3o obrigados a participarem das Sess\u00f5es Extraordin\u00e1rias, mesmo assim tivemos a presen\u00e7a de 14 dos 15 vereadores, gostaria de parabenizar a todos pela presen\u00e7a e o compromisso com o desenvolvimento de Andradina.\u201d Disse o presidente da C\u00e2mara Municipal de Andradina, Guto Mar\u00e3o (PP).<\/p>\n\n\n\n<p>Os tr\u00eas projetos aprovados s\u00e3o provenientes de Cr\u00e9dito Adicional Especial por Excesso de Arrecada\u00e7\u00e3o e, os investimentos ser\u00e3o feitos na Secretaria de Assist\u00eancia e Desenvolvimento Social e Pol\u00edtica Sobre Drogas.<\/p>\n\n\n\n<p>Os valores aprovados ser\u00e3o utilizados na aquisi\u00e7\u00e3o de um ve\u00edculo para o CREAS (Centro de Refer\u00eancia Especializado de Assist\u00eancia Social) e CRAS (Centro de Refer\u00eancia de Assist\u00eancia Social), na amplia\u00e7\u00e3o de vagas de pessoas idosas no Asilo S\u00e3o Vicente de Paula e na amplia\u00e7\u00e3o de vagas emergenciais de acolhimento prioritariamente para a popula\u00e7\u00e3o em situa\u00e7\u00e3o de rua durantes as baixas temperaturas, por meio do Servi\u00e7o de Prote\u00e7\u00e3o em Situa\u00e7\u00e3o de Calamidade P\u00fablica e de Emerg\u00eancias.<\/p>\n\n\n\n<p>Os vereadores refor\u00e7aram que n\u00e3o medir\u00e3o esfor\u00e7os para atender todos os projetos de relev\u00e2ncia para o munic\u00edpio, mesmo estando com as Sess\u00f5es em recesso parlamentar, n\u00e3o deixar\u00e3o de avaliar, fiscalizar e promover discuss\u00f5es e aprova\u00e7\u00f5es destes projetos.<\/p>\n\n\n\n<p>\u201cTemos que cumprir a lei, apenas as Sess\u00f5es est\u00e3o em recesso, mas todos n\u00f3s vereadores continuamos trabalhando em nossos gabinetes aqui na C\u00e2mara Municipal, nossos trabalhos continuam e, se for preciso marcaremos quantas Sess\u00f5es Extraordin\u00e1rias precisar para colaborar com o desenvolvimento de Andradina.\u201d Concluiu o presidente Guto Mar\u00e3o.<\/p>\n","protected":false},"excerpt":{"rendered":"<p>Apesar da sess\u00f5es da C\u00e2mara Municipal de Andradina estarem em recesso parlamentar, os vereadores continuam trabalhando diariamente pelo desenvolvimento do munic\u00edpio. Exemplo disso que a realiza\u00e7\u00e3o de uma Sess\u00e3o Extraordin\u00e1ria nesta segunda feira \u00e0s 17h no plen\u00e1rio do Poder Legislativo, para votar projetos de investimento em Andradina. Com a aus\u00eancia de apenas um vereador por &hellip;<\/p>\n","protected":false},"author":1,"featured_media":238,"comment_status":"open","ping_status":"open","sticky":false,"template":"","format":"standard","meta":{"_jetpack_memberships_contains_paid_content":false,"footnotes":"","jetpack_publicize_message":"","jetpack_publicize_feature_enabled":true,"jetpack_social_post_already_shared":false,"jetpack_social_options":{"image_generator_settings":{"template":"highway","default_image_id":0,"enabled":false},"version":2}},"categories":[4],"tags":[],"class_list":["post-237","post","type-post","status-publish","format-standard","has-post-thumbnail","hentry","category-regiao"],"jetpack_publicize_connections":[],"jetpack_featured_media_url":"https:\/\/i0.wp.com\/www.paparazzinews.com.br\/wp-content\/uploads\/2022\/07\/WhatsApp-Image-2022-07-04-at-17.50.48-e1657042575864.jpeg?fit=1000%2C604&ssl=1","views":"3442","jetpack_likes_enabled":true,"jetpack_sharing_enabled":true,"_links":{"self":[{"href":"https:\/\/www.paparazzinews.com.br\/index.php?rest_route=\/wp\/v2\/posts\/237","targetHints":{"allow":["GET"]}}],"collection":[{"href":"https:\/\/www.paparazzinews.com.br\/index.php?rest_route=\/wp\/v2\/posts"}],"about":[{"href":"https:\/\/www.paparazzinews.com.br\/index.php?rest_route=\/wp\/v2\/types\/post"}],"author":[{"embeddable":true,"href":"https:\/\/www.paparazzinews.com.br\/index.php?rest_route=\/wp\/v2\/users\/1"}],"replies":[{"embeddable":true,"href":"https:\/\/www.paparazzinews.com.br\/index.php?rest_route=%2Fwp%2Fv2%2Fcomments&post=237"}],"version-history":[{"count":1,"href":"https:\/\/www.paparazzinews.com.br\/index.php?rest_route=\/wp\/v2\/posts\/237\/revisions"}],"predecessor-version":[{"id":239,"href":"https:\/\/www.paparazzinews.com.br\/index.php?rest_route=\/wp\/v2\/posts\/237\/revisions\/239"}],"wp:featuredmedia":[{"embeddable":true,"href":"https:\/\/www.paparazzinews.com.br\/index.php?rest_route=\/wp\/v2\/media\/238"}],"wp:attachment":[{"href":"https:\/\/www.paparazzinews.com.br\/index.php?rest_route=%2Fwp%2Fv2%2Fmedia&parent=237"}],"wp:term":[{"taxonomy":"category","embeddable":true,"href":"https:\/\/www.paparazzinews.com.br\/index.php?rest_route=%2Fwp%2Fv2%2Fcategories&post=237"},{"taxonomy":"post_tag","embeddable":true,"href":"https:\/\/www.paparazzinews.com.br\/index.php?rest_route=%2Fwp%2Fv2%2Ftags&post=237"}],"curies":[{"name":"wp","href":"https:\/\/api.w.org\/{rel}","templated":true}]}}