{"id":23682,"date":"2026-09-04T16:11:28","date_gmt":"2026-09-04T19:11:28","guid":{"rendered":"https:\/\/www.paparazzinews.com.br\/?p=23682"},"modified":"2026-09-04T16:11:30","modified_gmt":"2026-09-04T19:11:30","slug":"melhor-em-casa-ganha-novo-veiculo-para-atender-mais-de-100-pacientes-em-andradina","status":"publish","type":"post","link":"https:\/\/www.paparazzinews.com.br\/?p=23682","title":{"rendered":"Melhor em Casa ganha novo ve\u00edculo para atender mais de 100 pacientes em Andradina"},"content":{"rendered":"\n<h3 class=\"wp-block-heading\"><em>Autom\u00f3vel de R$ 110,5 mil foi adquirido com emenda impositiva do vereador Guilherme Pugliese e ser\u00e1 utilizado nos deslocamentos da equipe de aten\u00e7\u00e3o domiciliar<\/em><\/h3>\n\n\n\n<p class=\"wp-block-paragraph\">Mais de <strong>100 pacientes acompanhados continuamente em suas pr\u00f3prias resid\u00eancias<\/strong> passam a contar com um refor\u00e7o na estrutura do programa Melhor em Casa, em Andradina.<\/p>\n\n\n\n<p class=\"wp-block-paragraph\">A Secretaria Municipal de Sa\u00fade realizou a entrega oficial de um novo ve\u00edculo destinado \u00e0 equipe respons\u00e1vel pelos atendimentos domiciliares.<\/p>\n\n\n\n<p class=\"wp-block-paragraph\">Segundo apurado pela reportagem do Roni Paparazzi a secret\u00e1ria municipal de Sa\u00fade, <strong>Maristela Marinho<\/strong>, o autom\u00f3vel foi adquirido com <strong>R$ 110.500 provenientes de emenda impositiva do vereador Guilherme Pugliese<\/strong>.<\/p>\n\n\n\n<p class=\"wp-block-paragraph\">O ve\u00edculo ser\u00e1 utilizado nos deslocamentos dos profissionais que percorrem diferentes regi\u00f5es do munic\u00edpio para atender pacientes que necessitam de acompanhamento em casa.<\/p>\n\n\n\n<h2 class=\"wp-block-heading\">Quando o paciente n\u00e3o consegue ir, a sa\u00fade precisa chegar<\/h2>\n\n\n\n<p class=\"wp-block-paragraph\">O Melhor em Casa presta assist\u00eancia domiciliar a pacientes que necessitam de cuidados continuados, incluindo pessoas acamadas ou com dificuldades de mobilidade.<\/p>\n\n\n\n<p class=\"wp-block-paragraph\">Atualmente, segundo as informa\u00e7\u00f5es apresentadas pelo munic\u00edpio, s\u00e3o realizados <strong>mais de 100 atendimentos cont\u00ednuos<\/strong>, distribu\u00eddos por diferentes bairros e regi\u00f5es de Andradina.<\/p>\n\n\n\n<p class=\"wp-block-paragraph\">\u00c9 justamente essa caracter\u00edstica que transforma um ve\u00edculo em instrumento de atendimento.<\/p>\n\n\n\n<p class=\"wp-block-paragraph\">A equipe multiprofissional precisa se deslocar at\u00e9 as resid\u00eancias para acompanhar os pacientes. Com o novo autom\u00f3vel, a expectativa \u00e9 melhorar a log\u00edstica dessas visitas e dar maior suporte \u00e0 rotina dos profissionais.<\/p>\n\n\n\n<p class=\"wp-block-paragraph\">O atendimento domiciliar tamb\u00e9m evita que pacientes com limita\u00e7\u00f5es precisem realizar deslocamentos desnecess\u00e1rios em busca de cuidados que podem ser prestados em casa.<\/p>\n\n\n\n<h2 class=\"wp-block-heading\">Ve\u00edculo custou R$ 110,5 mil<\/h2>\n\n\n\n<p class=\"wp-block-paragraph\">A aquisi\u00e7\u00e3o foi viabilizada por meio de uma emenda parlamentar impositiva municipal no valor de <strong>R$ 110.500<\/strong>, destinada pelo vereador Guilherme Pugliese.<\/p>\n\n\n\n<p class=\"wp-block-paragraph\">A informa\u00e7\u00e3o foi apresentada pela secret\u00e1ria Maristela Marinho durante a entrega.<\/p>\n\n\n\n<p class=\"wp-block-paragraph\">Emendas impositivas permitem que vereadores indiquem a destina\u00e7\u00e3o de parte dos recursos previstos no or\u00e7amento municipal, dentro das regras estabelecidas para sua execu\u00e7\u00e3o.<\/p>\n\n\n\n<p class=\"wp-block-paragraph\">Neste caso, o recurso foi direcionado \u00e0 estrutura utilizada pelo atendimento domiciliar.<\/p>\n\n\n\n<h2 class=\"wp-block-heading\">Equipe ainda aponta necessidade de ampliar frota<\/h2>\n\n\n\n<p class=\"wp-block-paragraph\">A chegada do autom\u00f3vel, entretanto, <strong>n\u00e3o encerra a demanda por ve\u00edculos do programa<\/strong>.<\/p>\n\n\n\n<p class=\"wp-block-paragraph\">Segundo o m\u00e9dico <strong>Rafael Pugliese<\/strong>, o crescimento da procura pelos servi\u00e7os torna a capacidade de deslocamento uma quest\u00e3o importante para a equipe.<\/p>\n\n\n\n<p class=\"wp-block-paragraph\">Ele apontou a necessidade de novos ve\u00edculos para fortalecer a frota operacional e ampliar a capacidade de atendimento.<\/p>\n\n\n\n<p class=\"wp-block-paragraph\">A observa\u00e7\u00e3o abre uma quest\u00e3o que vai al\u00e9m da entrega desta semana: <strong>quantos ve\u00edculos seriam necess\u00e1rios para atender adequadamente a atual demanda do Melhor em Casa?<\/strong><\/p>\n\n\n\n<p class=\"wp-block-paragraph\">Com mais de 100 atendimentos cont\u00ednuos e equipes percorrendo diferentes pontos de Andradina, a resposta pode ajudar a dimensionar quanto a estrutura atual avan\u00e7ou e quanto ainda falta.<\/p>\n\n\n\n<p class=\"wp-block-paragraph\">O novo carro j\u00e1 est\u00e1 dispon\u00edvel.<\/p>\n\n\n\n<p class=\"wp-block-paragraph\">Agora, seu resultado ser\u00e1 medido menos pela fotografia da entrega e mais pelo que realmente importa:<\/p>\n\n\n\n<h3 class=\"wp-block-heading\"><strong>\ud83d\udea8 ANTES DE VIRAR NOT\u00cdCIA&#8230;<\/strong><\/h3>\n\n\n\n<p class=\"wp-block-paragraph\"><strong>&#8230;ela chega para quem acompanha o Roni Paparazzi <strong>+100 MIL pessoas j\u00e1 fazem parte dessa comunidade.<\/strong>.<\/strong><\/p>\n\n\n\n<p class=\"wp-block-paragraph\">\ud83d\udfe2 <strong><a href=\"https:\/\/whatsapp.com\/channel\/0029VbBs2Ti1yT2AL8fspm46\" data-type=\"link\" data-id=\"https:\/\/whatsapp.com\/channel\/0029VbBs2Ti1yT2AL8fspm46\">Canal Oficial no WhatsApp<\/a><\/strong><\/p>\n\n\n\n<p class=\"wp-block-paragraph\">\ud83d\udcf8 <strong>@ronipaparazzi<\/strong><\/p>\n","protected":false},"excerpt":{"rendered":"<p>Autom\u00f3vel de R$ 110,5 mil foi adquirido com emenda impositiva do vereador Guilherme Pugliese e ser\u00e1 utilizado nos deslocamentos da equipe de aten\u00e7\u00e3o domiciliar Mais de 100 pacientes acompanhados continuamente em suas pr\u00f3prias resid\u00eancias passam a contar com um refor\u00e7o na estrutura do programa Melhor em Casa, em Andradina. A Secretaria Municipal de Sa\u00fade realizou &hellip;<\/p>\n","protected":false},"author":1,"featured_media":23683,"comment_status":"open","ping_status":"open","sticky":false,"template":"","format":"standard","meta":{"_jetpack_newsletter_access":"","_jetpack_dont_email_post_to_subs":false,"_jetpack_newsletter_tier_id":0,"_jetpack_memberships_contains_paywalled_content":false,"_jetpack_feature_clip_id":0,"_jetpack_memberships_contains_paid_content":false,"footnotes":"","jetpack_publicize_message":"","jetpack_publicize_feature_enabled":true,"jetpack_social_post_already_shared":true,"jetpack_social_options":{"image_generator_settings":{"template":"highway","default_image_id":0,"font":"","enabled":false},"version":2},"jetpack_post_was_ever_published":false},"categories":[16,7,4,14],"tags":[],"class_list":["post-23682","post","type-post","status-publish","format-standard","has-post-thumbnail","hentry","category-andradina","category-politica","category-regiao","category-rota-da-vida"],"jetpack_publicize_connections":[],"views":"186","jetpack_likes_enabled":true,"jetpack_sharing_enabled":true,"jetpack_featured_media_url":"https:\/\/i0.wp.com\/www.paparazzinews.com.br\/wp-content\/uploads\/2026\/09\/Melhor.jpg?fit=1600%2C1200&ssl=1","_links":{"self":[{"href":"https:\/\/www.paparazzinews.com.br\/index.php?rest_route=\/wp\/v2\/posts\/23682","targetHints":{"allow":["GET"]}}],"collection":[{"href":"https:\/\/www.paparazzinews.com.br\/index.php?rest_route=\/wp\/v2\/posts"}],"about":[{"href":"https:\/\/www.paparazzinews.com.br\/index.php?rest_route=\/wp\/v2\/types\/post"}],"author":[{"embeddable":true,"href":"https:\/\/www.paparazzinews.com.br\/index.php?rest_route=\/wp\/v2\/users\/1"}],"replies":[{"embeddable":true,"href":"https:\/\/www.paparazzinews.com.br\/index.php?rest_route=%2Fwp%2Fv2%2Fcomments&post=23682"}],"version-history":[{"count":1,"href":"https:\/\/www.paparazzinews.com.br\/index.php?rest_route=\/wp\/v2\/posts\/23682\/revisions"}],"predecessor-version":[{"id":23684,"href":"https:\/\/www.paparazzinews.com.br\/index.php?rest_route=\/wp\/v2\/posts\/23682\/revisions\/23684"}],"wp:featuredmedia":[{"embeddable":true,"href":"https:\/\/www.paparazzinews.com.br\/index.php?rest_route=\/wp\/v2\/media\/23683"}],"wp:attachment":[{"href":"https:\/\/www.paparazzinews.com.br\/index.php?rest_route=%2Fwp%2Fv2%2Fmedia&parent=23682"}],"wp:term":[{"taxonomy":"category","embeddable":true,"href":"https:\/\/www.paparazzinews.com.br\/index.php?rest_route=%2Fwp%2Fv2%2Fcategories&post=23682"},{"taxonomy":"post_tag","embeddable":true,"href":"https:\/\/www.paparazzinews.com.br\/index.php?rest_route=%2Fwp%2Fv2%2Ftags&post=23682"}],"curies":[{"name":"wp","href":"https:\/\/api.w.org\/{rel}","templated":true}]}}