{"id":23672,"date":"2026-09-04T15:13:05","date_gmt":"2026-09-04T18:13:05","guid":{"rendered":"https:\/\/www.paparazzinews.com.br\/?p=23672"},"modified":"2026-09-04T15:13:09","modified_gmt":"2026-09-04T18:13:09","slug":"frente-fria-muda-o-tempo-em-sao-paulo-e-coloca-regiao-de-aracatuba-em-atencao-no-feriado","status":"publish","type":"post","link":"https:\/\/www.paparazzinews.com.br\/?p=23672","title":{"rendered":"Frente fria muda o tempo em S\u00e3o Paulo e coloca regi\u00e3o de Ara\u00e7atuba em aten\u00e7\u00e3o no feriado"},"content":{"rendered":"\n<h3 class=\"wp-block-heading\"><em>Chuva ganha for\u00e7a durante o fim de semana e temperaturas caem com avan\u00e7o de massa de ar frio; Defesa Civil refor\u00e7a cuidados e canais de alerta<\/em><\/h3>\n\n\n\n<p class=\"wp-block-paragraph\">O feriado prolongado de <strong>7 de Setembro<\/strong> ser\u00e1 marcado por mudan\u00e7a no tempo em S\u00e3o Paulo, com avan\u00e7o de uma frente fria, aumento das condi\u00e7\u00f5es de chuva e queda das temperaturas.<\/p>\n\n\n\n<p class=\"wp-block-paragraph\">A reportagem do Roni Paparazzi apurou que a mudan\u00e7a come\u00e7a nesta <strong>sexta-feira (4)<\/strong>. Durante o dia, grande parte do estado ainda registra sol e temperaturas elevadas, mas \u00e1reas de instabilidade come\u00e7am a se formar principalmente entre o oeste, sul e regi\u00f5es pr\u00f3ximas \u00e0 divisa com o Paran\u00e1. A Defesa Civil aponta possibilidade de temporais localizados.<\/p>\n\n\n\n<p class=\"wp-block-paragraph\">O cen\u00e1rio se modifica com maior intensidade no s\u00e1bado (5), quando a frente fria avan\u00e7a pelo territ\u00f3rio paulista.<\/p>\n\n\n\n<h2 class=\"wp-block-heading\">Ara\u00e7atuba est\u00e1 em estado de aten\u00e7\u00e3o<\/h2>\n\n\n\n<p class=\"wp-block-paragraph\">Na classifica\u00e7\u00e3o regional divulgada para o per\u00edodo, a regi\u00e3o de <strong>Ara\u00e7atuba<\/strong> aparece em <strong>estado de aten\u00e7\u00e3o<\/strong>.<\/p>\n\n\n\n<p class=\"wp-block-paragraph\">Tamb\u00e9m est\u00e3o nessa condi\u00e7\u00e3o Presidente Prudente, S\u00e3o Jos\u00e9 do Rio Preto, Barretos, Franca, Ribeir\u00e3o Preto, Araraquara, Bauru e Campinas.<\/p>\n\n\n\n<p class=\"wp-block-paragraph\">J\u00e1 as \u00e1reas indicadas com maior potencial de acumulados de chuva foram classificadas em <strong>estado de alerta<\/strong>:<\/p>\n\n\n\n<p class=\"wp-block-paragraph\">Regi\u00e3o Metropolitana de S\u00e3o Paulo, Baixada Santista, Sorocaba, Vale do Para\u00edba e Litoral Norte, Vale do Ribeira, Registro, Itapeva e Mar\u00edlia.<\/p>\n\n\n\n<p class=\"wp-block-paragraph\">S\u00e3o, portanto, <strong>oito regi\u00f5es<\/strong>, e n\u00e3o sete.<\/p>\n\n\n\n<p class=\"wp-block-paragraph\">A classifica\u00e7\u00e3o representa o n\u00edvel de aten\u00e7\u00e3o operacional diante do cen\u00e1rio meteorol\u00f3gico previsto. Ela n\u00e3o significa necessariamente que todos os moradores dessas \u00e1reas estejam, naquele momento, recebendo um alerta emergencial no celular.<\/p>\n\n\n\n<h2 class=\"wp-block-heading\">Chuva ganha for\u00e7a no fim de semana<\/h2>\n\n\n\n<p class=\"wp-block-paragraph\">A tend\u00eancia \u00e9 de aumento da instabilidade durante a noite desta sexta-feira e principalmente na madrugada e ao longo do s\u00e1bado.<\/p>\n\n\n\n<p class=\"wp-block-paragraph\">No litoral e na Regi\u00e3o Metropolitana de S\u00e3o Paulo, os acumulados ao longo do epis\u00f3dio podem atingir <strong>70 a 100 mil\u00edmetros<\/strong> em algumas \u00e1reas.<\/p>\n\n\n\n<p class=\"wp-block-paragraph\">O Vale do Ribeira merece aten\u00e7\u00e3o especial no domingo (6), diante do risco de alagamentos, enchentes e eventual transbordamento do rio Ribeira.<\/p>\n\n\n\n<p class=\"wp-block-paragraph\">O Instituto Nacional de Meteorologia tamb\u00e9m mant\u00e9m avisos de perigo potencial para tempestades em partes de S\u00e3o Paulo neste fim de semana, com possibilidade de chuva intensa, rajadas de vento e granizo.<\/p>\n\n\n\n<h2 class=\"wp-block-heading\">E o frio?<\/h2>\n\n\n\n<p class=\"wp-block-paragraph\">Al\u00e9m da chuva, a passagem da frente fria abre caminho para uma massa de ar mais frio.<\/p>\n\n\n\n<p class=\"wp-block-paragraph\">Entre <strong>segunda-feira (7) e quarta-feira (9)<\/strong>, a Defesa Civil indica possibilidade de m\u00ednimas pr\u00f3ximas de <strong>11\u00b0C na capital<\/strong>, entre <strong>7\u00b0C e 8\u00b0C em pontos do interior paulista<\/strong> e ao redor de <strong>5\u00b0C na Serra da Mantiqueira e regi\u00e3o de S\u00e3o Jos\u00e9 dos Campos<\/strong>.<\/p>\n\n\n\n<p class=\"wp-block-paragraph\">\u00c9 importante fazer uma distin\u00e7\u00e3o: esses valores s\u00e3o refer\u00eancias regionais e <strong>n\u00e3o significam que todas as cidades do interior chegar\u00e3o a 7\u00b0C ou 8\u00b0C<\/strong>.<\/p>\n\n\n\n<p class=\"wp-block-paragraph\">Na capital paulista, por exemplo, as previs\u00f5es mais recentes indicam forte queda entre s\u00e1bado e segunda-feira, com domingo e feriado bem mais frios que esta sexta-feira.<\/p>\n\n\n\n<h2 class=\"wp-block-heading\">Vai viajar no feriado? Aten\u00e7\u00e3o antes de sair<\/h2>\n\n\n\n<p class=\"wp-block-paragraph\">Quem pretende pegar estrada, permanecer em \u00e1reas abertas ou realizar atividades pr\u00f3ximas a rios e represas deve acompanhar as atualiza\u00e7\u00f5es meteorol\u00f3gicas.<\/p>\n\n\n\n<p class=\"wp-block-paragraph\">Durante temporais, a recomenda\u00e7\u00e3o \u00e9 n\u00e3o atravessar \u00e1reas alagadas, evitar enxurradas e manter dist\u00e2ncia de \u00e1rvores, postes e estruturas met\u00e1licas vulner\u00e1veis. No litoral, a orienta\u00e7\u00e3o inclui aten\u00e7\u00e3o \u00e0s condi\u00e7\u00f5es de agita\u00e7\u00e3o mar\u00edtima.<\/p>\n\n\n\n<h2 class=\"wp-block-heading\">Como receber alertas<\/h2>\n\n\n\n<p class=\"wp-block-paragraph\">Os avisos da Defesa Civil podem ser recebidos gratuitamente por SMS.<\/p>\n\n\n\n<p class=\"wp-block-paragraph\">Basta enviar o <strong>CEP da regi\u00e3o para 40199<\/strong>.<\/p>\n\n\n\n<p class=\"wp-block-paragraph\">Tamb\u00e9m est\u00e3o dispon\u00edveis informa\u00e7\u00f5es pelo aplicativo <strong>Alerta SP<\/strong>.<\/p>\n\n\n\n<p class=\"wp-block-paragraph\">Em uma emerg\u00eancia:<\/p>\n\n\n\n<p class=\"wp-block-paragraph\"><strong>199 &#8211; Defesa Civil<\/strong><br><strong>193 &#8211; Corpo de Bombeiros<\/strong><br><strong>190 &#8211; Pol\u00edcia Militar<\/strong><\/p>\n\n\n\n<p class=\"wp-block-paragraph\">A previs\u00e3o pode mudar conforme a evolu\u00e7\u00e3o da frente fria. Por isso, principalmente neste feriado, o planejamento come\u00e7a antes de sair de casa:<\/p>\n\n\n\n<p class=\"wp-block-paragraph\"><strong>olhar o c\u00e9u ajuda. Conferir o alerta ajuda ainda mais.<\/strong><\/p>\n\n\n\n<h3 class=\"wp-block-heading\"><strong>\ud83d\udea8 ANTES DE VIRAR NOT\u00cdCIA&#8230;<\/strong><\/h3>\n\n\n\n<p class=\"wp-block-paragraph\"><strong>&#8230;ela chega para quem acompanha o Roni Paparazzi <strong>+100 MIL pessoas j\u00e1 fazem parte dessa comunidade.<\/strong>.<\/strong><\/p>\n\n\n\n<p class=\"wp-block-paragraph\">\ud83d\udfe2 <strong><a href=\"https:\/\/whatsapp.com\/channel\/0029VbBs2Ti1yT2AL8fspm46\" data-type=\"link\" data-id=\"https:\/\/whatsapp.com\/channel\/0029VbBs2Ti1yT2AL8fspm46\">Canal Oficial no WhatsApp<\/a><\/strong><\/p>\n\n\n\n<p class=\"wp-block-paragraph\">\ud83d\udcf8 <strong>@ronipaparazzi<\/strong><\/p>\n","protected":false},"excerpt":{"rendered":"<p>Chuva ganha for\u00e7a durante o fim de semana e temperaturas caem com avan\u00e7o de massa de ar frio; Defesa Civil refor\u00e7a cuidados e canais de alerta O feriado prolongado de 7 de Setembro ser\u00e1 marcado por mudan\u00e7a no tempo em S\u00e3o Paulo, com avan\u00e7o de uma frente fria, aumento das condi\u00e7\u00f5es de chuva e queda &hellip;<\/p>\n","protected":false},"author":1,"featured_media":23673,"comment_status":"open","ping_status":"open","sticky":false,"template":"","format":"standard","meta":{"_jetpack_newsletter_access":"","_jetpack_dont_email_post_to_subs":false,"_jetpack_newsletter_tier_id":0,"_jetpack_memberships_contains_paywalled_content":false,"_jetpack_feature_clip_id":0,"_jetpack_memberships_contains_paid_content":false,"footnotes":"","jetpack_publicize_message":"","jetpack_publicize_feature_enabled":true,"jetpack_social_post_already_shared":true,"jetpack_social_options":{"image_generator_settings":{"template":"highway","default_image_id":0,"font":"","enabled":false},"version":2},"jetpack_post_was_ever_published":false},"categories":[16,15,4],"tags":[],"class_list":["post-23672","post","type-post","status-publish","format-standard","has-post-thumbnail","hentry","category-andradina","category-castilho","category-regiao"],"jetpack_publicize_connections":[],"views":"168","jetpack_likes_enabled":true,"jetpack_sharing_enabled":true,"jetpack_featured_media_url":"https:\/\/i0.wp.com\/www.paparazzinews.com.br\/wp-content\/uploads\/2026\/09\/Aguaaa-e1788545574362.jpg?fit=1000%2C667&ssl=1","_links":{"self":[{"href":"https:\/\/www.paparazzinews.com.br\/index.php?rest_route=\/wp\/v2\/posts\/23672","targetHints":{"allow":["GET"]}}],"collection":[{"href":"https:\/\/www.paparazzinews.com.br\/index.php?rest_route=\/wp\/v2\/posts"}],"about":[{"href":"https:\/\/www.paparazzinews.com.br\/index.php?rest_route=\/wp\/v2\/types\/post"}],"author":[{"embeddable":true,"href":"https:\/\/www.paparazzinews.com.br\/index.php?rest_route=\/wp\/v2\/users\/1"}],"replies":[{"embeddable":true,"href":"https:\/\/www.paparazzinews.com.br\/index.php?rest_route=%2Fwp%2Fv2%2Fcomments&post=23672"}],"version-history":[{"count":1,"href":"https:\/\/www.paparazzinews.com.br\/index.php?rest_route=\/wp\/v2\/posts\/23672\/revisions"}],"predecessor-version":[{"id":23674,"href":"https:\/\/www.paparazzinews.com.br\/index.php?rest_route=\/wp\/v2\/posts\/23672\/revisions\/23674"}],"wp:featuredmedia":[{"embeddable":true,"href":"https:\/\/www.paparazzinews.com.br\/index.php?rest_route=\/wp\/v2\/media\/23673"}],"wp:attachment":[{"href":"https:\/\/www.paparazzinews.com.br\/index.php?rest_route=%2Fwp%2Fv2%2Fmedia&parent=23672"}],"wp:term":[{"taxonomy":"category","embeddable":true,"href":"https:\/\/www.paparazzinews.com.br\/index.php?rest_route=%2Fwp%2Fv2%2Fcategories&post=23672"},{"taxonomy":"post_tag","embeddable":true,"href":"https:\/\/www.paparazzinews.com.br\/index.php?rest_route=%2Fwp%2Fv2%2Ftags&post=23672"}],"curies":[{"name":"wp","href":"https:\/\/api.w.org\/{rel}","templated":true}]}}