{"id":23664,"date":"2026-09-04T06:59:39","date_gmt":"2026-09-04T09:59:39","guid":{"rendered":"https:\/\/www.paparazzinews.com.br\/?p=23664"},"modified":"2026-09-04T06:59:44","modified_gmt":"2026-09-04T09:59:44","slug":"justica-eleitoral-defere-registro-de-otavio-gomes-para-deputado-federal-por-sao-paulo","status":"publish","type":"post","link":"https:\/\/www.paparazzinews.com.br\/?p=23664","title":{"rendered":"Justi\u00e7a Eleitoral defere registro de Ot\u00e1vio Gomes para deputado federal por S\u00e3o Paulo"},"content":{"rendered":"\n<h3 class=\"wp-block-heading\"><strong>Candidato do PSD concorre com o n\u00famero 5566; sistema eleitoral passou a apresentar pedido de registro como deferido<\/strong><\/h3>\n\n\n\n<p class=\"wp-block-paragraph\">A Justi\u00e7a Eleitoral <strong>deferiu o pedido de registro da candidatura de Ot\u00e1vio Gomes (PSD)<\/strong> a deputado federal por S\u00e3o Paulo nas elei\u00e7\u00f5es de 2026.<\/p>\n\n\n\n<p class=\"wp-block-paragraph\">A reportagem do Roni Paparazzi apurou que a atualiza\u00e7\u00e3o passou a constar nos dados da Justi\u00e7a Eleitoral, que apresentam o registro do candidato com situa\u00e7\u00e3o <strong>\u201cdeferido\u201d<\/strong>. Ot\u00e1vio concorre pelo PSD com o n\u00famero <strong>5566<\/strong>.<\/p>\n\n\n\n<p class=\"wp-block-paragraph\">Na pr\u00e1tica, o deferimento significa que o pedido de registro foi julgado e aceito pela Justi\u00e7a Eleitoral, permitindo que o candidato siga regularmente na disputa eleitoral.<\/p>\n\n\n\n<p class=\"wp-block-paragraph\">O primeiro turno das elei\u00e7\u00f5es est\u00e1 marcado para <strong>4 de outubro de 2026<\/strong>.<\/p>\n\n\n\n<h2 class=\"wp-block-heading\">Campanha comemora decis\u00e3o<\/h2>\n\n\n\n<p class=\"wp-block-paragraph\">Ap\u00f3s a atualiza\u00e7\u00e3o do registro, Ot\u00e1vio Gomes comemorou a decis\u00e3o e afirmou que pretende continuar percorrendo munic\u00edpios durante a campanha.<\/p>\n\n\n\n<blockquote class=\"wp-block-quote is-layout-flow wp-block-quote-is-layout-flow\">\n<p class=\"wp-block-paragraph\">\u201c\u00c9 mais um importante passo da nossa campanha. Recebemos essa confirma\u00e7\u00e3o com muita alegria e, principalmente, com ainda mais responsabilidade.\u201d<\/p>\n<\/blockquote>\n\n\n\n<p class=\"wp-block-paragraph\">Segundo o candidato, a estrat\u00e9gia continuar\u00e1 voltada ao contato com munic\u00edpios e eleitores do interior paulista.<\/p>\n\n\n\n<blockquote class=\"wp-block-quote is-layout-flow wp-block-quote-is-layout-flow\">\n<p class=\"wp-block-paragraph\">\u201cAgora seguimos trabalhando, visitando os munic\u00edpios e conversando com as pessoas para construir uma representa\u00e7\u00e3o forte do nosso Interior Paulista em Bras\u00edlia\u201d, declarou.<\/p>\n<\/blockquote>\n\n\n\n<p class=\"wp-block-paragraph\">A defesa de maior representa\u00e7\u00e3o pol\u00edtica do interior \u00e9 uma das bandeiras apresentadas pela candidatura.<\/p>\n\n\n\n<h2 class=\"wp-block-heading\">Ot\u00e1vio Gomes disputa vaga na C\u00e2mara<\/h2>\n\n\n\n<p class=\"wp-block-paragraph\">Ot\u00e1vio Augusto Giantomassi Gomes declarou \u00e0 Justi\u00e7a Eleitoral a ocupa\u00e7\u00e3o de engenheiro, possui ensino superior completo e concorre pelo <strong>PSD<\/strong> a uma das vagas de S\u00e3o Paulo na C\u00e2mara dos Deputados. Seu n\u00famero nas urnas \u00e9 <strong>5566<\/strong>.<\/p>\n\n\n\n<p class=\"wp-block-paragraph\">Na trajet\u00f3ria pol\u00edtica, Ot\u00e1vio j\u00e1 disputou elei\u00e7\u00f5es municipais em Ilha Solteira. Em 2016, foi eleito vice-prefeito e, em 2020, prefeito, quando recebeu 7,2 mil votos.<\/p>\n\n\n\n<p class=\"wp-block-paragraph\">Al\u00e9m da passagem pela administra\u00e7\u00e3o municipal, sua trajet\u00f3ria inclui atua\u00e7\u00e3o no Cons\u00f3rcio Intermunicipal do Extremo Noroeste de S\u00e3o Paulo (CIENSP).<\/p>\n\n\n\n<p class=\"wp-block-paragraph\">Na atual campanha, Ot\u00e1vio apresenta entre suas bandeiras temas relacionados ao fortalecimento dos munic\u00edpios, sa\u00fade, agroneg\u00f3cio e maior representa\u00e7\u00e3o do interior paulista em Bras\u00edlia.<\/p>\n\n\n\n<p class=\"wp-block-paragraph\">Esses pontos integram o discurso pol\u00edtico apresentado pelo candidato e ser\u00e3o colocados \u00e0 avalia\u00e7\u00e3o dos eleitores durante a campanha.<\/p>\n\n\n\n<h2 class=\"wp-block-heading\">Eleitor ter\u00e1 decis\u00e3o em outubro<\/h2>\n\n\n\n<p class=\"wp-block-paragraph\">Com o registro deferido, Ot\u00e1vio Gomes permanece oficialmente na disputa por uma vaga entre os representantes paulistas na C\u00e2mara dos Deputados.<\/p>\n\n\n\n<p class=\"wp-block-paragraph\">S\u00e3o Paulo elege <strong>70 deputados federais<\/strong>, e o cen\u00e1rio re\u00fane mais de mil candidatos registrados para a disputa de 2026.<\/p>\n\n\n\n<p class=\"wp-block-paragraph\">At\u00e9 o primeiro turno, marcado para 4 de outubro, caber\u00e1 aos candidatos apresentar propostas e ao eleitor comparar trajet\u00f3rias, compromissos e projetos antes de decidir o voto.<\/p>\n\n\n\n<h3 class=\"wp-block-heading\"><strong>\ud83d\udea8 ANTES DE VIRAR NOT\u00cdCIA&#8230;<\/strong><\/h3>\n\n\n\n<p class=\"wp-block-paragraph\"><strong>&#8230;ela chega para quem acompanha o Roni Paparazzi <strong>+100 MIL pessoas j\u00e1 fazem parte dessa comunidade.<\/strong>.<\/strong><\/p>\n\n\n\n<p class=\"wp-block-paragraph\">\ud83d\udfe2 <strong><a href=\"https:\/\/whatsapp.com\/channel\/0029VbBs2Ti1yT2AL8fspm46\" data-type=\"link\" data-id=\"https:\/\/whatsapp.com\/channel\/0029VbBs2Ti1yT2AL8fspm46\">Canal Oficial no WhatsApp<\/a><\/strong><\/p>\n\n\n\n<p class=\"wp-block-paragraph\">\ud83d\udcf8 <strong>@ronipaparazzi<\/strong><\/p>\n","protected":false},"excerpt":{"rendered":"<p>Candidato do PSD concorre com o n\u00famero 5566; sistema eleitoral passou a apresentar pedido de registro como deferido A Justi\u00e7a Eleitoral deferiu o pedido de registro da candidatura de Ot\u00e1vio Gomes (PSD) a deputado federal por S\u00e3o Paulo nas elei\u00e7\u00f5es de 2026. A reportagem do Roni Paparazzi apurou que a atualiza\u00e7\u00e3o passou a constar nos &hellip;<\/p>\n","protected":false},"author":1,"featured_media":23666,"comment_status":"open","ping_status":"open","sticky":false,"template":"","format":"standard","meta":{"_jetpack_newsletter_access":"","_jetpack_dont_email_post_to_subs":false,"_jetpack_newsletter_tier_id":0,"_jetpack_memberships_contains_paywalled_content":false,"_jetpack_feature_clip_id":0,"_jetpack_memberships_contains_paid_content":false,"footnotes":"","jetpack_publicize_message":"","jetpack_publicize_feature_enabled":true,"jetpack_social_post_already_shared":true,"jetpack_social_options":{"image_generator_settings":{"template":"highway","default_image_id":0,"font":"","enabled":false},"version":2},"jetpack_post_was_ever_published":false},"categories":[7,4],"tags":[],"class_list":["post-23664","post","type-post","status-publish","format-standard","has-post-thumbnail","hentry","category-politica","category-regiao"],"jetpack_publicize_connections":[],"views":"280","jetpack_likes_enabled":true,"jetpack_sharing_enabled":true,"jetpack_featured_media_url":"https:\/\/i0.wp.com\/www.paparazzinews.com.br\/wp-content\/uploads\/2026\/09\/WhatsApp-Image-2026-09-03-at-19.24.03.jpeg?fit=1600%2C1066&ssl=1","_links":{"self":[{"href":"https:\/\/www.paparazzinews.com.br\/index.php?rest_route=\/wp\/v2\/posts\/23664","targetHints":{"allow":["GET"]}}],"collection":[{"href":"https:\/\/www.paparazzinews.com.br\/index.php?rest_route=\/wp\/v2\/posts"}],"about":[{"href":"https:\/\/www.paparazzinews.com.br\/index.php?rest_route=\/wp\/v2\/types\/post"}],"author":[{"embeddable":true,"href":"https:\/\/www.paparazzinews.com.br\/index.php?rest_route=\/wp\/v2\/users\/1"}],"replies":[{"embeddable":true,"href":"https:\/\/www.paparazzinews.com.br\/index.php?rest_route=%2Fwp%2Fv2%2Fcomments&post=23664"}],"version-history":[{"count":1,"href":"https:\/\/www.paparazzinews.com.br\/index.php?rest_route=\/wp\/v2\/posts\/23664\/revisions"}],"predecessor-version":[{"id":23667,"href":"https:\/\/www.paparazzinews.com.br\/index.php?rest_route=\/wp\/v2\/posts\/23664\/revisions\/23667"}],"wp:featuredmedia":[{"embeddable":true,"href":"https:\/\/www.paparazzinews.com.br\/index.php?rest_route=\/wp\/v2\/media\/23666"}],"wp:attachment":[{"href":"https:\/\/www.paparazzinews.com.br\/index.php?rest_route=%2Fwp%2Fv2%2Fmedia&parent=23664"}],"wp:term":[{"taxonomy":"category","embeddable":true,"href":"https:\/\/www.paparazzinews.com.br\/index.php?rest_route=%2Fwp%2Fv2%2Fcategories&post=23664"},{"taxonomy":"post_tag","embeddable":true,"href":"https:\/\/www.paparazzinews.com.br\/index.php?rest_route=%2Fwp%2Fv2%2Ftags&post=23664"}],"curies":[{"name":"wp","href":"https:\/\/api.w.org\/{rel}","templated":true}]}}