{"id":23658,"date":"2026-09-03T10:34:29","date_gmt":"2026-09-03T13:34:29","guid":{"rendered":"https:\/\/www.paparazzinews.com.br\/?p=23658"},"modified":"2026-09-03T10:34:32","modified_gmt":"2026-09-03T13:34:32","slug":"candidato-ao-quinto-mandato-itamar-borges-reune-historico-de-recursos-e-articulacoes-por-castilho-desde-2013","status":"publish","type":"post","link":"https:\/\/www.paparazzinews.com.br\/?p=23658","title":{"rendered":"Candidato ao quinto mandato, Itamar Borges re\u00fane hist\u00f3rico de recursos e articula\u00e7\u00f5es por Castilho desde 2013"},"content":{"rendered":"\n<p class=\"wp-block-paragraph\"><strong><em>Levantamento re\u00fane passagens pela Sa\u00fade, agricultura, infraestrutura, seguran\u00e7a, turismo, meio ambiente e assist\u00eancia social; em 2026, munic\u00edpio recebeu nova ambul\u00e2ncia e retroescavadeira e teve novos projetos relacionados \u00e0 atua\u00e7\u00e3o pol\u00edtica do deputado.<\/em><\/strong><\/p>\n\n\n\n<p class=\"wp-block-paragraph\">De uma emenda de R$ 50 mil registrada em 2013 para aquisi\u00e7\u00e3o de equipamentos destinados ao Asilo Betel aos investimentos e articula\u00e7\u00f5es que chegaram ao munic\u00edpio em 2026, documentos reunidos pelo Paparazzi News ajudam a reconstruir mais de uma d\u00e9cada da rela\u00e7\u00e3o pol\u00edtica do deputado estadual Itamar Borges (MDB) com Castilho.<\/p>\n\n\n\n<p class=\"wp-block-paragraph\">O levantamento ganha outro significado neste ano. Itamar \u00e9 candidato \u00e0 reelei\u00e7\u00e3o para deputado estadual e busca conquistar seu <strong>quinto mandato consecutivo<\/strong> na Assembleia Legislativa do Estado de S\u00e3o Paulo. A candidatura foi oficializada pelo MDB em julho e consta como deferida.<\/p>\n\n\n\n<p class=\"wp-block-paragraph\">Ao revisitar o hist\u00f3rico, a reportagem encontrou registros relacionados a diferentes \u00e1reas do munic\u00edpio. Mas h\u00e1 uma distin\u00e7\u00e3o necess\u00e1ria: nem tudo representa emenda parlamentar diretamente destinada por Itamar. O conjunto inclui <strong>emendas, articula\u00e7\u00f5es pol\u00edticas, programas do Governo do Estado, recursos federais e entregas realizadas durante o per\u00edodo em que Borges comandou a Secretaria de Agricultura e Abastecimento de S\u00e3o Paulo<\/strong>.<\/p>\n\n\n\n<h3 class=\"wp-block-heading\">Um hist\u00f3rico que come\u00e7a em 2013<\/h3>\n\n\n\n<p class=\"wp-block-paragraph\">Entre os primeiros registros apresentados \u00e0 reportagem est\u00e1 uma emenda de <strong>R$ 50 mil, em 2013, para equipamentos destinados ao Asilo Betel<\/strong>.<\/p>\n\n\n\n<p class=\"wp-block-paragraph\">O mesmo per\u00edodo re\u00fane a\u00e7\u00f5es relacionadas ao setor agr\u00edcola. Nos anos seguintes, aparecem novos registros de recursos e equipamentos destinados ao munic\u00edpio, formando uma rela\u00e7\u00e3o que atravessaria diferentes administra\u00e7\u00f5es municipais.<\/p>\n\n\n\n<p class=\"wp-block-paragraph\">Na Sa\u00fade, o levantamento registra em <strong>2017 R$ 100 mil para custeio<\/strong>, divididos em pagamentos de R$ 50 mil em setembro e outros R$ 50 mil em outubro daquele ano.<\/p>\n\n\n\n<p class=\"wp-block-paragraph\">J\u00e1 em 2020, aparecem <strong>R$ 100 mil destinados \u00e0 aquisi\u00e7\u00e3o de ambul\u00e2ncia<\/strong>, com pagamento registrado em abril daquele ano.<\/p>\n\n\n\n<h3 class=\"wp-block-heading\">Agricultura ganha espa\u00e7o no hist\u00f3rico<\/h3>\n\n\n\n<p class=\"wp-block-paragraph\">O campo ocupa parte significativa dessa rela\u00e7\u00e3o.<\/p>\n\n\n\n<p class=\"wp-block-paragraph\">Entre m\u00e1quinas, implementos e programas estaduais, Castilho recebeu equipamentos utilizados no atendimento ao produtor rural.<\/p>\n\n\n\n<p class=\"wp-block-paragraph\">Em <strong>2022<\/strong>, quando Itamar havia comandado a Secretaria Estadual de Agricultura, Castilho recebeu uma retroescavadeira avaliada \u00e0 \u00e9poca em <strong>R$ 355 mil<\/strong>, al\u00e9m de kit agr\u00edcola composto por trator e diferentes implementos. A pr\u00f3pria Prefeitura registrou que os equipamentos foram destinados durante sua passagem pela pasta.<\/p>\n\n\n\n<p class=\"wp-block-paragraph\">Outros investimentos envolvendo estradas rurais, m\u00e1quinas e estrutura para o campo aparecem ao longo do levantamento.<\/p>\n\n\n\n<h3 class=\"wp-block-heading\">Seguran\u00e7a, Defesa Civil e meio ambiente<\/h3>\n\n\n\n<p class=\"wp-block-paragraph\">O hist\u00f3rico avan\u00e7a tamb\u00e9m sobre outras \u00e1reas.<\/p>\n\n\n\n<p class=\"wp-block-paragraph\">Em <strong>fevereiro de 2022<\/strong>, aparecem duas viaturas relacionadas ao programa Seguran\u00e7a no Campo.<\/p>\n\n\n\n<p class=\"wp-block-paragraph\">No mesmo ano, Castilho recebeu equipamentos e ve\u00edculos ligados \u00e0 estrutura municipal, entre eles caminh\u00e3o para coleta seletiva e refor\u00e7os para a Defesa Civil.<\/p>\n\n\n\n<p class=\"wp-block-paragraph\">Em <strong>mar\u00e7o de 2024<\/strong>, o munic\u00edpio recebeu Kit Estiagem para atua\u00e7\u00e3o no combate a pequenos focos de inc\u00eandio, outro cap\u00edtulo relacionado \u00e0 articula\u00e7\u00e3o pol\u00edtica junto ao Estado.<\/p>\n\n\n\n<h3 class=\"wp-block-heading\">Turismo abre outro cap\u00edtulo<\/h3>\n\n\n\n<p class=\"wp-block-paragraph\">Uma das articula\u00e7\u00f5es com consequ\u00eancia de longo prazo aparece na transforma\u00e7\u00e3o de Castilho em <strong>Munic\u00edpio de Interesse Tur\u00edstico (MIT)<\/strong>.<\/p>\n\n\n\n<p class=\"wp-block-paragraph\">O levantamento registra movimenta\u00e7\u00f5es relacionadas ao projeto desde 2023, passando pela aprova\u00e7\u00e3o em 2025 e posterior san\u00e7\u00e3o da legisla\u00e7\u00e3o.<\/p>\n\n\n\n<p class=\"wp-block-paragraph\">A condi\u00e7\u00e3o de MIT abriu ao munic\u00edpio a possibilidade de disputar recursos estaduais espec\u00edficos para infraestrutura tur\u00edstica.<\/p>\n\n\n\n<p class=\"wp-block-paragraph\">Em 2026, por exemplo, Castilho assinou conv\u00eanio para investimento de quase <strong>R$ 3 milh\u00f5es na futura Prainha Municipal do bairro Iate Urubupung\u00e1<\/strong>, sendo R$ 2 milh\u00f5es provenientes do Governo Estadual e R$ 820,7 mil de contrapartida municipal.<\/p>\n\n\n\n<h3 class=\"wp-block-heading\">2026 mant\u00e9m sequ\u00eancia<\/h3>\n\n\n\n<p class=\"wp-block-paragraph\">Mesmo em ano eleitoral, novos cap\u00edtulos foram acrescentados ao levantamento.<\/p>\n\n\n\n<p class=\"wp-block-paragraph\">Em <strong>julho<\/strong>, Castilho recebeu uma nova retroescavadeira destinada \u00e0 Secretaria Municipal de Agricultura. O equipamento foi conquistado junto ao Governo do Estado, por meio da Secretaria de Agricultura e Abastecimento, a partir de pedido municipal e com apoio do deputado Itamar Borges. A m\u00e1quina atende uma cidade com aproximadamente 1,4 mil propriedades rurais, segundo documenta\u00e7\u00e3o citada \u00e0 \u00e9poca pelo Paparazzi News.<\/p>\n\n\n\n<p class=\"wp-block-paragraph\">Em <strong>agosto<\/strong>, foi a vez da Sa\u00fade.<\/p>\n\n\n\n<p class=\"wp-block-paragraph\">Castilho recebeu uma nova <strong>ambul\u00e2ncia semi-UTI<\/strong>, adquirida com <strong>R$ 200 mil de emenda parlamentar destinada por Itamar Borges e R$ 100 mil de contrapartida da Prefeitura<\/strong>. A previs\u00e3o inicial de investimento era de R$ 345 mil, mas a licita\u00e7\u00e3o permitiu a aquisi\u00e7\u00e3o por valor menor.<\/p>\n\n\n\n<p class=\"wp-block-paragraph\">O levantamento apresentado \u00e0 reportagem tamb\u00e9m relaciona a atua\u00e7\u00e3o de Itamar em 2026 \u00e0 destina\u00e7\u00e3o de <strong>R$ 150 mil para a Associa\u00e7\u00e3o Crist\u00e3 Servir<\/strong>, voltados \u00e0 aquisi\u00e7\u00e3o de ve\u00edculo de sete lugares.<\/p>\n\n\n\n<p class=\"wp-block-paragraph\">Tamb\u00e9m integram o material informado \u00e0 reportagem a implanta\u00e7\u00e3o de <strong>Ecoponto no Iate Clube Urubupung\u00e1<\/strong> e a atua\u00e7\u00e3o pol\u00edtica para destravar a obra da estrada que liga <strong>Castilho ao distrito de Paran\u00e1polis<\/strong>, investimento informado em aproximadamente <strong>R$ 11 milh\u00f5es<\/strong>.<\/p>\n\n\n\n<p class=\"wp-block-paragraph\"><strong>Esses dois \u00faltimos pontos ser\u00e3o tratados pelo Paparazzi News como informa\u00e7\u00f5es do levantamento at\u00e9 que a documenta\u00e7\u00e3o espec\u00edfica sobre valores, origem dos recursos e participa\u00e7\u00e3o de cada agente p\u00fablico seja individualmente confrontada.<\/strong><\/p>\n\n\n\n<h3 class=\"wp-block-heading\">Mais que uma soma de valores<\/h3>\n\n\n\n<p class=\"wp-block-paragraph\">Somar todos esses n\u00fameros e apresent\u00e1-los simplesmente como \u201cdinheiro enviado pelo deputado\u201d produziria uma conclus\u00e3o imprecisa.<\/p>\n\n\n\n<p class=\"wp-block-paragraph\">H\u00e1 recursos provenientes de emendas parlamentares, mas tamb\u00e9m investimentos estaduais, programas governamentais e conquistas resultantes de articula\u00e7\u00f5es envolvendo Prefeitura, Estado e outras lideran\u00e7as.<\/p>\n\n\n\n<p class=\"wp-block-paragraph\">O hist\u00f3rico, entretanto, revela uma rela\u00e7\u00e3o pol\u00edtica cont\u00ednua entre Itamar Borges e Castilho que ultrapassa uma d\u00e9cada e diferentes momentos da administra\u00e7\u00e3o p\u00fablica.<\/p>\n\n\n\n<p class=\"wp-block-paragraph\">Agora, \u00e0s v\u00e9speras de disputar novamente uma cadeira na Assembleia Legislativa, esse hist\u00f3rico tamb\u00e9m passa a integrar um elemento objetivo para que o eleitor avalie sua trajet\u00f3ria.<\/p>\n\n\n\n<p class=\"wp-block-paragraph\"><strong>O documento registra o passado. O jornalismo verifica o que ficou.<\/strong><\/p>\n\n\n\n<h3 class=\"wp-block-heading\"><strong>\ud83d\udea8 ANTES DE VIRAR NOT\u00cdCIA&#8230;<\/strong><\/h3>\n\n\n\n<p class=\"wp-block-paragraph\"><strong>&#8230;ela chega para quem acompanha o Roni Paparazzi <strong>+100 MIL pessoas j\u00e1 fazem parte dessa comunidade.<\/strong>.<\/strong><\/p>\n\n\n\n<p class=\"wp-block-paragraph\">\ud83d\udfe2 <strong><a href=\"https:\/\/whatsapp.com\/channel\/0029VbBs2Ti1yT2AL8fspm46\" data-type=\"link\" data-id=\"https:\/\/whatsapp.com\/channel\/0029VbBs2Ti1yT2AL8fspm46\">Canal Oficial no WhatsApp<\/a><\/strong><\/p>\n\n\n\n<p class=\"wp-block-paragraph\">\ud83d\udcf8 <strong>@ronipaparazzi<\/strong><\/p>\n","protected":false},"excerpt":{"rendered":"<p>Levantamento re\u00fane passagens pela Sa\u00fade, agricultura, infraestrutura, seguran\u00e7a, turismo, meio ambiente e assist\u00eancia social; em 2026, munic\u00edpio recebeu nova ambul\u00e2ncia e retroescavadeira e teve novos projetos relacionados \u00e0 atua\u00e7\u00e3o pol\u00edtica do deputado. De uma emenda de R$ 50 mil registrada em 2013 para aquisi\u00e7\u00e3o de equipamentos destinados ao Asilo Betel aos investimentos e articula\u00e7\u00f5es que &hellip;<\/p>\n","protected":false},"author":1,"featured_media":23659,"comment_status":"open","ping_status":"open","sticky":false,"template":"","format":"standard","meta":{"_jetpack_memberships_contains_paid_content":false,"footnotes":"","jetpack_publicize_message":"","jetpack_publicize_feature_enabled":true,"jetpack_social_post_already_shared":true,"jetpack_social_options":{"image_generator_settings":{"template":"highway","default_image_id":0,"enabled":false},"version":2}},"categories":[15,7,4],"tags":[],"class_list":["post-23658","post","type-post","status-publish","format-standard","has-post-thumbnail","hentry","category-castilho","category-politica","category-regiao"],"jetpack_publicize_connections":[],"jetpack_featured_media_url":"https:\/\/i0.wp.com\/www.paparazzinews.com.br\/wp-content\/uploads\/2026\/09\/Ita.jpg?fit=960%2C1280&ssl=1","views":"88","jetpack_likes_enabled":true,"jetpack_sharing_enabled":true,"_links":{"self":[{"href":"https:\/\/www.paparazzinews.com.br\/index.php?rest_route=\/wp\/v2\/posts\/23658","targetHints":{"allow":["GET"]}}],"collection":[{"href":"https:\/\/www.paparazzinews.com.br\/index.php?rest_route=\/wp\/v2\/posts"}],"about":[{"href":"https:\/\/www.paparazzinews.com.br\/index.php?rest_route=\/wp\/v2\/types\/post"}],"author":[{"embeddable":true,"href":"https:\/\/www.paparazzinews.com.br\/index.php?rest_route=\/wp\/v2\/users\/1"}],"replies":[{"embeddable":true,"href":"https:\/\/www.paparazzinews.com.br\/index.php?rest_route=%2Fwp%2Fv2%2Fcomments&post=23658"}],"version-history":[{"count":1,"href":"https:\/\/www.paparazzinews.com.br\/index.php?rest_route=\/wp\/v2\/posts\/23658\/revisions"}],"predecessor-version":[{"id":23660,"href":"https:\/\/www.paparazzinews.com.br\/index.php?rest_route=\/wp\/v2\/posts\/23658\/revisions\/23660"}],"wp:featuredmedia":[{"embeddable":true,"href":"https:\/\/www.paparazzinews.com.br\/index.php?rest_route=\/wp\/v2\/media\/23659"}],"wp:attachment":[{"href":"https:\/\/www.paparazzinews.com.br\/index.php?rest_route=%2Fwp%2Fv2%2Fmedia&parent=23658"}],"wp:term":[{"taxonomy":"category","embeddable":true,"href":"https:\/\/www.paparazzinews.com.br\/index.php?rest_route=%2Fwp%2Fv2%2Fcategories&post=23658"},{"taxonomy":"post_tag","embeddable":true,"href":"https:\/\/www.paparazzinews.com.br\/index.php?rest_route=%2Fwp%2Fv2%2Ftags&post=23658"}],"curies":[{"name":"wp","href":"https:\/\/api.w.org\/{rel}","templated":true}]}}