{"id":23655,"date":"2026-09-02T20:58:13","date_gmt":"2026-09-02T23:58:13","guid":{"rendered":"https:\/\/www.paparazzinews.com.br\/?p=23655"},"modified":"2026-09-02T20:58:16","modified_gmt":"2026-09-02T23:58:16","slug":"policial-militar-de-35-anos-morre-apos-acidente-de-moto-na-sp-294-em-tupi-paulista","status":"publish","type":"post","link":"https:\/\/www.paparazzinews.com.br\/?p=23655","title":{"rendered":"Policial militar de 35 anos morre ap\u00f3s acidente de moto na SP-294 em Tupi Paulista"},"content":{"rendered":"\n<h3 class=\"wp-block-heading\"><em>Cabo Diego Abreu Rodrigues, do 25\u00ba BPM\/I e morador de Junqueir\u00f3polis, chegou a ser socorrido; causas do acidente ainda ser\u00e3o apuradas<\/em><\/h3>\n\n\n\n<p class=\"wp-block-paragraph\">O policial militar <strong>Diego Abreu Rodrigues, de 35 anos<\/strong>, morreu nesta quarta-feira, <strong>2 de setembro<\/strong>, ap\u00f3s sofrer um acidente de motocicleta na Rodovia Comandante Jo\u00e3o Ribeiro de Barros (SP-294), em Tupi Paulista.<\/p>\n\n\n\n<p class=\"wp-block-paragraph\">Diego era <strong>Cabo da Pol\u00edcia Militar<\/strong>, integrava o efetivo do <strong>25\u00ba Batalh\u00e3o de Pol\u00edcia Militar do Interior (25\u00ba BPM\/I)<\/strong> e morava em Junqueir\u00f3polis.<\/p>\n\n\n\n<p class=\"wp-block-paragraph\">A reportagem do Roni Paparazzi apurou que o policial estava de folga no momento do acidente.<\/p>\n\n\n\n<h2 class=\"wp-block-heading\">Acidente ocorreu no in\u00edcio da tarde<\/h2>\n\n\n\n<p class=\"wp-block-paragraph\">O registro oficial do Centro de Controle Multimodal da Artesp aponta que a ocorr\u00eancia teve in\u00edcio \u00e0s <strong>13h03, na altura do km 656 da SP-294<\/strong>, em Tupi Paulista.<\/p>\n\n\n\n<p class=\"wp-block-paragraph\">Diego conduzia uma <strong>Honda CB 600F Hornet<\/strong> no sentido oeste da rodovia quando, por circunst\u00e2ncias que ainda ser\u00e3o apuradas, a motocicleta derivou para a direita.<\/p>\n\n\n\n<p class=\"wp-block-paragraph\">Segundo a din\u00e2mica registrada pela Artesp, a moto atingiu um elemento de drenagem, entrou no canteiro lateral, chocou-se contra um talude e posteriormente caiu.<\/p>\n\n\n\n<p class=\"wp-block-paragraph\"><strong>Ainda n\u00e3o h\u00e1 informa\u00e7\u00e3o oficial sobre o que provocou a mudan\u00e7a de trajet\u00f3ria da motocicleta.<\/strong><\/p>\n\n\n\n<p class=\"wp-block-paragraph\">Por isso, qualquer hip\u00f3tese sobre velocidade, problema mec\u00e2nico, mal s\u00fabito, participa\u00e7\u00e3o de outro ve\u00edculo ou outra poss\u00edvel causa deve ser descartada enquanto n\u00e3o houver conclus\u00e3o da apura\u00e7\u00e3o.<\/p>\n\n\n\n<h2 class=\"wp-block-heading\">Diego chegou a ser socorrido<\/h2>\n\n\n\n<p class=\"wp-block-paragraph\">O policial foi atendido ainda com vida.<\/p>\n\n\n\n<p class=\"wp-block-paragraph\">A informa\u00e7\u00e3o oficial dispon\u00edvel aponta que ele foi encaminhado para atendimento hospitalar. \u00c0s <strong>14h21<\/strong>, a Artesp atualizou o registro informando que a equipe da ambul\u00e2ncia havia comunicado que Diego morreu por volta das <strong>13h45<\/strong>.<\/p>\n\n\n\n<p class=\"wp-block-paragraph\">Durante o atendimento, o acostamento no sentido oeste precisou ser interditado. A Artesp registrou aproximadamente <strong>um quil\u00f4metro de congestionamento<\/strong> no trecho.<\/p>\n\n\n\n<p class=\"wp-block-paragraph\">A ocorr\u00eancia mobilizou equipes de atendimento e seguran\u00e7a, e a per\u00edcia foi acionada para os trabalhos relacionados \u00e0 investiga\u00e7\u00e3o das circunst\u00e2ncias do acidente.<\/p>\n\n\n\n<h2 class=\"wp-block-heading\">25\u00ba BPM\/I lamenta perda do policial<\/h2>\n\n\n\n<p class=\"wp-block-paragraph\">Depois da identifica\u00e7\u00e3o da v\u00edtima, a not\u00edcia passou a carregar tamb\u00e9m uma dimens\u00e3o humana para a Pol\u00edcia Militar da regi\u00e3o.<\/p>\n\n\n\n<p class=\"wp-block-paragraph\">Diego fazia parte do efetivo do <strong>25\u00ba BPM\/I<\/strong>.<\/p>\n\n\n\n<p class=\"wp-block-paragraph\">Em manifesta\u00e7\u00e3o divulgada ap\u00f3s a morte, o batalh\u00e3o prestou solidariedade aos familiares, amigos e companheiros de profiss\u00e3o do policial.<\/p>\n\n\n\n<p class=\"wp-block-paragraph\">A corpora\u00e7\u00e3o tamb\u00e9m confirmou que Diego estava <strong>de folga<\/strong> quando ocorreu o acidente.<\/p>\n\n\n\n<p class=\"wp-block-paragraph\">Morador de Junqueir\u00f3polis, o policial deixa <strong>dois filhos<\/strong>, al\u00e9m de familiares, amigos e companheiros de trabalho.<\/p>\n\n\n\n<p class=\"wp-block-paragraph\">Aos 35 anos, uma viagem de motocicleta pela SP-294 terminou interrompendo tamb\u00e9m uma trajet\u00f3ria profissional e familiar.<\/p>\n\n\n\n<p class=\"wp-block-paragraph\">Agora, enquanto a investiga\u00e7\u00e3o procura responder <strong>por que a motocicleta saiu de sua trajet\u00f3ria<\/strong>, familiares e companheiros de farda enfrentam uma pergunta para a qual nenhuma per\u00edcia consegue oferecer resposta f\u00e1cil:<\/p>\n\n\n\n<p class=\"wp-block-paragraph\"><strong>como continuar depois de uma despedida que chegou t\u00e3o cedo?<\/strong><\/p>\n\n\n\n<h3 class=\"wp-block-heading\"><strong>\ud83d\udea8 ANTES DE VIRAR NOT\u00cdCIA&#8230;<\/strong><\/h3>\n\n\n\n<p class=\"wp-block-paragraph\"><strong>&#8230;ela chega para quem acompanha o Roni Paparazzi <strong>+100 MIL pessoas j\u00e1 fazem parte dessa comunidade.<\/strong>.<\/strong><\/p>\n\n\n\n<p class=\"wp-block-paragraph\">\ud83d\udfe2 <strong><a href=\"https:\/\/whatsapp.com\/channel\/0029VbBs2Ti1yT2AL8fspm46\" data-type=\"link\" data-id=\"https:\/\/whatsapp.com\/channel\/0029VbBs2Ti1yT2AL8fspm46\">Canal Oficial no WhatsApp<\/a><\/strong><\/p>\n\n\n\n<p class=\"wp-block-paragraph\">\ud83d\udcf8 <strong>@ronipaparazzi<\/strong><\/p>\n","protected":false},"excerpt":{"rendered":"<p>Cabo Diego Abreu Rodrigues, do 25\u00ba BPM\/I e morador de Junqueir\u00f3polis, chegou a ser socorrido; causas do acidente ainda ser\u00e3o apuradas O policial militar Diego Abreu Rodrigues, de 35 anos, morreu nesta quarta-feira, 2 de setembro, ap\u00f3s sofrer um acidente de motocicleta na Rodovia Comandante Jo\u00e3o Ribeiro de Barros (SP-294), em Tupi Paulista. Diego era &hellip;<\/p>\n","protected":false},"author":1,"featured_media":23656,"comment_status":"open","ping_status":"open","sticky":false,"template":"","format":"standard","meta":{"_jetpack_memberships_contains_paid_content":false,"footnotes":"","jetpack_publicize_message":"","jetpack_publicize_feature_enabled":true,"jetpack_social_post_already_shared":true,"jetpack_social_options":{"image_generator_settings":{"template":"highway","default_image_id":0,"enabled":false},"version":2}},"categories":[3,4],"tags":[],"class_list":["post-23655","post","type-post","status-publish","format-standard","has-post-thumbnail","hentry","category-policial","category-regiao"],"jetpack_publicize_connections":[],"jetpack_featured_media_url":"https:\/\/i0.wp.com\/www.paparazzinews.com.br\/wp-content\/uploads\/2026\/09\/40abdd60-05a7-42c8-bc51-f468453a2bf3.png?fit=984%2C656&ssl=1","views":"167","jetpack_likes_enabled":true,"jetpack_sharing_enabled":true,"_links":{"self":[{"href":"https:\/\/www.paparazzinews.com.br\/index.php?rest_route=\/wp\/v2\/posts\/23655","targetHints":{"allow":["GET"]}}],"collection":[{"href":"https:\/\/www.paparazzinews.com.br\/index.php?rest_route=\/wp\/v2\/posts"}],"about":[{"href":"https:\/\/www.paparazzinews.com.br\/index.php?rest_route=\/wp\/v2\/types\/post"}],"author":[{"embeddable":true,"href":"https:\/\/www.paparazzinews.com.br\/index.php?rest_route=\/wp\/v2\/users\/1"}],"replies":[{"embeddable":true,"href":"https:\/\/www.paparazzinews.com.br\/index.php?rest_route=%2Fwp%2Fv2%2Fcomments&post=23655"}],"version-history":[{"count":1,"href":"https:\/\/www.paparazzinews.com.br\/index.php?rest_route=\/wp\/v2\/posts\/23655\/revisions"}],"predecessor-version":[{"id":23657,"href":"https:\/\/www.paparazzinews.com.br\/index.php?rest_route=\/wp\/v2\/posts\/23655\/revisions\/23657"}],"wp:featuredmedia":[{"embeddable":true,"href":"https:\/\/www.paparazzinews.com.br\/index.php?rest_route=\/wp\/v2\/media\/23656"}],"wp:attachment":[{"href":"https:\/\/www.paparazzinews.com.br\/index.php?rest_route=%2Fwp%2Fv2%2Fmedia&parent=23655"}],"wp:term":[{"taxonomy":"category","embeddable":true,"href":"https:\/\/www.paparazzinews.com.br\/index.php?rest_route=%2Fwp%2Fv2%2Fcategories&post=23655"},{"taxonomy":"post_tag","embeddable":true,"href":"https:\/\/www.paparazzinews.com.br\/index.php?rest_route=%2Fwp%2Fv2%2Ftags&post=23655"}],"curies":[{"name":"wp","href":"https:\/\/api.w.org\/{rel}","templated":true}]}}