{"id":23650,"date":"2026-09-02T20:43:24","date_gmt":"2026-09-02T23:43:24","guid":{"rendered":"https:\/\/www.paparazzinews.com.br\/?p=23650"},"modified":"2026-09-02T20:43:28","modified_gmt":"2026-09-02T23:43:28","slug":"bezerro-morto-e-encontrado-em-cacamba-na-zona-rural-de-castilho-descarte-inadequado-pode-ser-reincidente","status":"publish","type":"post","link":"https:\/\/www.paparazzinews.com.br\/?p=23650","title":{"rendered":"Bezerro morto \u00e9 encontrado em ca\u00e7amba na zona rural de Castilho; descarte inadequado pode ser reincidente"},"content":{"rendered":"\n<h3 class=\"wp-block-heading\"><em>Carca\u00e7a em decomposi\u00e7\u00e3o foi encontrada sobre res\u00edduos no in\u00edcio da semana; relatos apontam que epis\u00f3dios semelhantes j\u00e1 teriam ocorrido outras duas vezes<\/em><\/h3>\n\n\n\n<p class=\"wp-block-paragraph\">Uma ca\u00e7amba instalada para facilitar o descarte de res\u00edduos na zona rural de Castilho acabou recebendo algo que n\u00e3o deveria estar ali: <strong>a carca\u00e7a de um bezerro<\/strong>.<\/p>\n\n\n\n<p class=\"wp-block-paragraph\">A situa\u00e7\u00e3o foi encontrada no in\u00edcio desta semana pela equipe respons\u00e1vel pela limpeza do local.<\/p>\n\n\n\n<p class=\"wp-block-paragraph\">A reportagem do Roni Paparazzi apurou que o animal morto havia sido colocado sobre o lixo acumulado dentro do recipiente e, quando os trabalhadores chegaram, a carca\u00e7a j\u00e1 apresentava sinais de decomposi\u00e7\u00e3o, acompanhados por forte mau cheiro e grande concentra\u00e7\u00e3o de moscas.<\/p>\n\n\n\n<p class=\"wp-block-paragraph\">Pelas condi\u00e7\u00f5es encontradas, existe a suspeita de que o descarte tenha ocorrido durante o fim de semana. <strong>N\u00e3o h\u00e1, entretanto, confirma\u00e7\u00e3o do momento em que o animal foi deixado no local, de quanto tempo j\u00e1 estava morto ou de quem realizou o descarte.<\/strong><\/p>\n\n\n\n<h2 class=\"wp-block-heading\">V\u00eddeo registra situa\u00e7\u00e3o encontrada<\/h2>\n\n\n\n<p class=\"wp-block-paragraph\">A cena tamb\u00e9m repercutiu entre moradores.<\/p>\n\n\n\n<p class=\"wp-block-paragraph\">Um v\u00eddeo que circula pelas redes sociais mostra a situa\u00e7\u00e3o da ca\u00e7amba e registra a rea\u00e7\u00e3o diante do descarte da carca\u00e7a junto aos res\u00edduos.<\/p>\n\n\n\n<p class=\"wp-block-paragraph\">As imagens ajudam a dimensionar um problema que ultrapassa o aspecto visual desagrad\u00e1vel.<\/p>\n\n\n\n<p class=\"wp-block-paragraph\">Material org\u00e2nico animal em decomposi\u00e7\u00e3o pode atrair moscas e outros vetores, produzir odores e criar condi\u00e7\u00f5es insalubres para moradores e principalmente para os trabalhadores respons\u00e1veis pela retirada dos res\u00edduos.<\/p>\n\n\n\n<h2 class=\"wp-block-heading\">Caso pode n\u00e3o ser isolado<\/h2>\n\n\n\n<p class=\"wp-block-paragraph\">Outro ponto agora precisa ser esclarecido.<\/p>\n\n\n\n<p class=\"wp-block-paragraph\">Segundo informa\u00e7\u00f5es obtidas sobre a situa\u00e7\u00e3o, <strong>epis\u00f3dios semelhantes teriam ocorrido outras duas vezes em um curto intervalo de tempo<\/strong>.<\/p>\n\n\n\n<p class=\"wp-block-paragraph\">A reportagem busca confirmar oficialmente esse hist\u00f3rico.<\/p>\n\n\n\n<p class=\"wp-block-paragraph\">Se confirmada a reincid\u00eancia, o epis\u00f3dio encontrado nesta semana deixa de representar apenas um descarte inadequado isolado e passa a revelar um comportamento que vem se repetindo.<\/p>\n\n\n\n<p class=\"wp-block-paragraph\">Tamb\u00e9m ser\u00e1 necess\u00e1rio esclarecer se os epis\u00f3dios ocorreram na mesma ca\u00e7amba ou em pontos diferentes da zona rural.<\/p>\n\n\n\n<h2 class=\"wp-block-heading\">Ca\u00e7ambas t\u00eam outra finalidade<\/h2>\n\n\n\n<p class=\"wp-block-paragraph\">Os recipientes disponibilizados em pontos estrat\u00e9gicos da zona rural t\u00eam como objetivo facilitar o descarte de res\u00edduos e contribuir para a limpeza das comunidades.<\/p>\n\n\n\n<p class=\"wp-block-paragraph\"><strong>Carca\u00e7a de animal n\u00e3o deve ser tratada como lixo comum.<\/strong><\/p>\n\n\n\n<p class=\"wp-block-paragraph\">A destina\u00e7\u00e3o de animais mortos exige cuidados pr\u00f3prios justamente pelas implica\u00e7\u00f5es sanit\u00e1rias e ambientais envolvidas.<\/p>\n\n\n\n<p class=\"wp-block-paragraph\">Al\u00e9m do problema gerado pela decomposi\u00e7\u00e3o, colocar uma carca\u00e7a dentro de uma ca\u00e7amba transfere a consequ\u00eancia do descarte para os trabalhadores que posteriormente precisam lidar com o material encontrado.<\/p>\n\n\n\n<p class=\"wp-block-paragraph\">E \u00e9 justamente essa uma das dimens\u00f5es menos vis\u00edveis da situa\u00e7\u00e3o.<\/p>\n\n\n\n<p class=\"wp-block-paragraph\">Algu\u00e9m deixou o animal.<\/p>\n\n\n\n<p class=\"wp-block-paragraph\"><strong>Outra pessoa precisou chegar depois para resolver o problema.<\/strong><\/p>\n\n\n\n<h2 class=\"wp-block-heading\">Orienta\u00e7\u00e3o oficial precisa chegar ao produtor<\/h2>\n\n\n\n<p class=\"wp-block-paragraph\">O epis\u00f3dio tamb\u00e9m revela uma pergunta de servi\u00e7o p\u00fablico que interessa diretamente aos moradores da zona rural:<\/p>\n\n\n\n<p class=\"wp-block-paragraph\"><strong>o que um produtor de Castilho deve fazer quando um bovino ou outro animal de cria\u00e7\u00e3o morre em sua propriedade?<\/strong><\/p>\n\n\n\n<p class=\"wp-block-paragraph\">A reportagem vai solicitar ao munic\u00edpio orienta\u00e7\u00e3o oficial sobre qual procedimento deve ser adotado, quais \u00f3rg\u00e3os podem ser acionados e qual \u00e9 a destina\u00e7\u00e3o adequada dispon\u00edvel para esses casos.<\/p>\n\n\n\n<p class=\"wp-block-paragraph\">A resposta \u00e9 importante n\u00e3o apenas para responsabilizar quem utiliza uma ca\u00e7amba de maneira inadequada, mas tamb\u00e9m para impedir que a situa\u00e7\u00e3o volte a acontecer por falta de informa\u00e7\u00e3o.<\/p>\n\n\n\n<p class=\"wp-block-paragraph\">Enquanto n\u00e3o h\u00e1 identifica\u00e7\u00e3o de quem realizou o descarte, fica uma certeza a partir da cena encontrada:<\/p>\n\n\n\n<p class=\"wp-block-paragraph\"><strong>a ca\u00e7amba resolveu o problema de algu\u00e9m por alguns minutos. Depois, transformou esse problema em responsabilidade de toda a comunidade.<\/strong><\/p>\n\n\n\n<h3 class=\"wp-block-heading\"><strong>\ud83d\udea8 ANTES DE VIRAR NOT\u00cdCIA&#8230;<\/strong><\/h3>\n\n\n\n<p class=\"wp-block-paragraph\"><strong>&#8230;ela chega para quem acompanha o Roni Paparazzi <strong>+100 MIL pessoas j\u00e1 fazem parte dessa comunidade.<\/strong>.<\/strong><\/p>\n\n\n\n<p class=\"wp-block-paragraph\">\ud83d\udfe2 <strong><a href=\"https:\/\/whatsapp.com\/channel\/0029VbBs2Ti1yT2AL8fspm46\" data-type=\"link\" data-id=\"https:\/\/whatsapp.com\/channel\/0029VbBs2Ti1yT2AL8fspm46\">Canal Oficial no WhatsApp<\/a><\/strong><\/p>\n\n\n\n<p class=\"wp-block-paragraph\">\ud83d\udcf8 <strong>@ronipaparazzi<\/strong><\/p>\n","protected":false},"excerpt":{"rendered":"<p>Carca\u00e7a em decomposi\u00e7\u00e3o foi encontrada sobre res\u00edduos no in\u00edcio da semana; relatos apontam que epis\u00f3dios semelhantes j\u00e1 teriam ocorrido outras duas vezes Uma ca\u00e7amba instalada para facilitar o descarte de res\u00edduos na zona rural de Castilho acabou recebendo algo que n\u00e3o deveria estar ali: a carca\u00e7a de um bezerro. A situa\u00e7\u00e3o foi encontrada no in\u00edcio &hellip;<\/p>\n","protected":false},"author":1,"featured_media":23653,"comment_status":"open","ping_status":"open","sticky":false,"template":"","format":"standard","meta":{"_jetpack_memberships_contains_paid_content":false,"footnotes":"","jetpack_publicize_message":"","jetpack_publicize_feature_enabled":true,"jetpack_social_post_already_shared":true,"jetpack_social_options":{"image_generator_settings":{"template":"highway","default_image_id":0,"enabled":false},"version":2}},"categories":[15,3,4],"tags":[],"class_list":["post-23650","post","type-post","status-publish","format-standard","has-post-thumbnail","hentry","category-castilho","category-policial","category-regiao"],"jetpack_publicize_connections":[],"jetpack_featured_media_url":"https:\/\/i0.wp.com\/www.paparazzinews.com.br\/wp-content\/uploads\/2026\/09\/Anima-rotated.jpg?fit=811%2C497&ssl=1","views":"155","jetpack_likes_enabled":true,"jetpack_sharing_enabled":true,"_links":{"self":[{"href":"https:\/\/www.paparazzinews.com.br\/index.php?rest_route=\/wp\/v2\/posts\/23650","targetHints":{"allow":["GET"]}}],"collection":[{"href":"https:\/\/www.paparazzinews.com.br\/index.php?rest_route=\/wp\/v2\/posts"}],"about":[{"href":"https:\/\/www.paparazzinews.com.br\/index.php?rest_route=\/wp\/v2\/types\/post"}],"author":[{"embeddable":true,"href":"https:\/\/www.paparazzinews.com.br\/index.php?rest_route=\/wp\/v2\/users\/1"}],"replies":[{"embeddable":true,"href":"https:\/\/www.paparazzinews.com.br\/index.php?rest_route=%2Fwp%2Fv2%2Fcomments&post=23650"}],"version-history":[{"count":1,"href":"https:\/\/www.paparazzinews.com.br\/index.php?rest_route=\/wp\/v2\/posts\/23650\/revisions"}],"predecessor-version":[{"id":23654,"href":"https:\/\/www.paparazzinews.com.br\/index.php?rest_route=\/wp\/v2\/posts\/23650\/revisions\/23654"}],"wp:featuredmedia":[{"embeddable":true,"href":"https:\/\/www.paparazzinews.com.br\/index.php?rest_route=\/wp\/v2\/media\/23653"}],"wp:attachment":[{"href":"https:\/\/www.paparazzinews.com.br\/index.php?rest_route=%2Fwp%2Fv2%2Fmedia&parent=23650"}],"wp:term":[{"taxonomy":"category","embeddable":true,"href":"https:\/\/www.paparazzinews.com.br\/index.php?rest_route=%2Fwp%2Fv2%2Fcategories&post=23650"},{"taxonomy":"post_tag","embeddable":true,"href":"https:\/\/www.paparazzinews.com.br\/index.php?rest_route=%2Fwp%2Fv2%2Ftags&post=23650"}],"curies":[{"name":"wp","href":"https:\/\/api.w.org\/{rel}","templated":true}]}}