{"id":23645,"date":"2026-09-02T20:01:30","date_gmt":"2026-09-02T23:01:30","guid":{"rendered":"https:\/\/www.paparazzinews.com.br\/?p=23645"},"modified":"2026-09-02T20:08:17","modified_gmt":"2026-09-02T23:08:17","slug":"apos-mais-de-20-anos-de-servico-pezao-encerra-carreira-operacional-na-policia-militar","status":"publish","type":"post","link":"https:\/\/www.paparazzinews.com.br\/?p=23645","title":{"rendered":"Depois de mais de 20 anos nas ruas, \u201cPez\u00e3o\u201d encerra carreira na PM e passa para a reserva"},"content":{"rendered":"\n<h3 class=\"wp-block-heading\"><em>Andr\u00e9 Lu\u00eds de Lima Augusto construiu trajet\u00f3ria ligada especialmente \u00e0 ROCAM, foi instrutor, recebeu L\u00e1urea de M\u00e9rito Pessoal e tamb\u00e9m atuou na seguran\u00e7a p\u00fablica municipal de Andradina<\/em><\/h3>\n\n\n\n<p class=\"wp-block-paragraph\">H\u00e1 carreiras que podem ser resumidas por datas. Outras precisam ser contadas pelos lugares, pessoas e miss\u00f5es que ficaram entre a primeira e a \u00faltima vez em que algu\u00e9m vestiu uma farda para trabalhar.<\/p>\n\n\n\n<p class=\"wp-block-paragraph\">Para o policial militar <strong>Andr\u00e9 Lu\u00eds de Lima Augusto<\/strong>, conhecido popularmente como <strong>Pez\u00e3o<\/strong>, setembro de 2026 marca justamente essa mudan\u00e7a de cap\u00edtulo.<\/p>\n\n\n\n<p class=\"wp-block-paragraph\">A reportagem do Roni Paparazzi apurou que foi publicada em <strong>1\u00ba de setembro de 2026<\/strong> sua passagem para a inatividade na Pol\u00edcia Militar do Estado de S\u00e3o Paulo, encerrando um ciclo de <strong>mais de duas d\u00e9cadas de efetivo servi\u00e7o operacional<\/strong>.<\/p>\n\n\n\n<p class=\"wp-block-paragraph\">Integrante do efetivo do <strong>28\u00ba Batalh\u00e3o de Pol\u00edcia Militar do Interior<\/strong>, Andr\u00e9 \u00e9 natural de Pereira Barreto e atualmente mora em Andradina.<\/p>\n\n\n\n<p class=\"wp-block-paragraph\">Ao longo da carreira, passou por diferentes modalidades de policiamento, mas uma delas acabou se tornando especialmente ligada \u00e0 sua trajet\u00f3ria:<\/p>\n\n\n\n<p class=\"wp-block-paragraph\"><strong>a ROCAM, Rondas Ostensivas com Apoio de Motocicletas.<\/strong><\/p>\n\n\n\n<h2 class=\"wp-block-heading\">Das ruas para a forma\u00e7\u00e3o de outros policiais<\/h2>\n\n\n\n<p class=\"wp-block-paragraph\">A experi\u00eancia adquirida no policiamento com motocicletas tamb\u00e9m ultrapassou a atua\u00e7\u00e3o operacional.<\/p>\n\n\n\n<p class=\"wp-block-paragraph\">Em <strong>2008<\/strong>, Andr\u00e9 atuou como instrutor no Programa Complementar de Treinamento da ROCAM, participando da capacita\u00e7\u00e3o e do aperfei\u00e7oamento de outros policiais militares.<\/p>\n\n\n\n<p class=\"wp-block-paragraph\">Cinco anos depois, em 2013, ampliou sua forma\u00e7\u00e3o ao realizar o <strong>Curso de Especializa\u00e7\u00e3o Profissional de Escolta e Batedores<\/strong>, conclu\u00eddo com conceito Muito Bom.<\/p>\n\n\n\n<p class=\"wp-block-paragraph\">Era uma carreira que avan\u00e7ava n\u00e3o apenas pelo tempo de servi\u00e7o, mas tamb\u00e9m pela especializa\u00e7\u00e3o.<\/p>\n\n\n<div class=\"wp-block-image\">\n<figure class=\"aligncenter size-large\"><img data-recalc-dims=\"1\" loading=\"lazy\" decoding=\"async\" width=\"708\" height=\"472\" src=\"https:\/\/i0.wp.com\/www.paparazzinews.com.br\/wp-content\/uploads\/2026\/09\/5d379a5d-007d-44d4-9a9a-7cd057d57e74.png?resize=708%2C472&#038;ssl=1\" alt=\"\" class=\"wp-image-23646\" srcset=\"https:\/\/i0.wp.com\/www.paparazzinews.com.br\/wp-content\/uploads\/2026\/09\/5d379a5d-007d-44d4-9a9a-7cd057d57e74.png?resize=1024%2C682&amp;ssl=1 1024w, https:\/\/i0.wp.com\/www.paparazzinews.com.br\/wp-content\/uploads\/2026\/09\/5d379a5d-007d-44d4-9a9a-7cd057d57e74.png?resize=300%2C200&amp;ssl=1 300w, https:\/\/i0.wp.com\/www.paparazzinews.com.br\/wp-content\/uploads\/2026\/09\/5d379a5d-007d-44d4-9a9a-7cd057d57e74.png?resize=768%2C511&amp;ssl=1 768w, https:\/\/i0.wp.com\/www.paparazzinews.com.br\/wp-content\/uploads\/2026\/09\/5d379a5d-007d-44d4-9a9a-7cd057d57e74.png?w=1280&amp;ssl=1 1280w\" sizes=\"auto, (max-width: 708px) 100vw, 708px\" \/><\/figure>\n<\/div>\n\n\n<h2 class=\"wp-block-heading\">Reconhecimento veio durante a caminhada<\/h2>\n\n\n\n<p class=\"wp-block-paragraph\">Em julho de 2012, Andr\u00e9 foi escolhido <strong>Policial Militar do M\u00eas<\/strong>, reconhecimento institucional pelo trabalho desenvolvido.<\/p>\n\n\n\n<p class=\"wp-block-paragraph\">Ao longo da carreira tamb\u00e9m recebeu a <strong>L\u00e1urea de M\u00e9rito Pessoal de 1\u00ba Grau<\/strong>, distin\u00e7\u00e3o concedida no \u00e2mbito da Pol\u00edcia Militar em reconhecimento ao desempenho e \u00e0s qualidades profissionais.<\/p>\n\n\n\n<p class=\"wp-block-paragraph\">S\u00e3o registros que ajudam a reconstruir uma carreira que passou boa parte de sua hist\u00f3ria justamente onde a atividade policial acontece: nas ruas.<\/p>\n\n\n\n<h2 class=\"wp-block-heading\">Experi\u00eancia tamb\u00e9m chegou \u00e0 gest\u00e3o municipal<\/h2>\n\n\n\n<p class=\"wp-block-paragraph\">A trajet\u00f3ria de Pez\u00e3o n\u00e3o ficou restrita \u00e0s fun\u00e7\u00f5es desempenhadas diretamente na Pol\u00edcia Militar.<\/p>\n\n\n\n<p class=\"wp-block-paragraph\">Em Andradina, tamb\u00e9m exerceu a fun\u00e7\u00e3o de <strong>Diretor de Seguran\u00e7a e Defesa Social do munic\u00edpio<\/strong>, experi\u00eancia que o colocou em outra perspectiva da seguran\u00e7a p\u00fablica.<\/p>\n\n\n\n<p class=\"wp-block-paragraph\">Do trabalho operacional, passou tamb\u00e9m a vivenciar planejamento, gest\u00e3o e integra\u00e7\u00e3o entre institui\u00e7\u00f5es.<\/p>\n\n\n\n<p class=\"wp-block-paragraph\">Depois, a farda e a atividade policial militar continuaram fazendo parte de sua caminhada profissional.<\/p>\n\n\n\n<h2 class=\"wp-block-heading\">A fam\u00edlia acompanhou a trajet\u00f3ria<\/h2>\n\n\n\n<p class=\"wp-block-paragraph\">Por tr\u00e1s de uma carreira constru\u00edda em escalas, treinamentos e servi\u00e7o operacional, existe tamb\u00e9m uma hist\u00f3ria familiar.<\/p>\n\n\n\n<p class=\"wp-block-paragraph\">Andr\u00e9 \u00e9 casado com <strong>Francielly Gasparelli Hipolito Augusto<\/strong> e \u00e9 pai de <strong>Maria Vit\u00f3ria Gasparelli e Enzo Gasparelli Hipolito Lima Augusto<\/strong>.<\/p>\n\n\n\n<p class=\"wp-block-paragraph\">A fam\u00edlia acompanhou uma trajet\u00f3ria profissional que atravessou mais de duas d\u00e9cadas.<\/p>\n\n\n\n<p class=\"wp-block-paragraph\">E \u00e9 justamente para essa dimens\u00e3o da vida que o in\u00edcio da inatividade tamb\u00e9m abre um novo espa\u00e7o.<\/p>\n\n\n<div class=\"wp-block-image\">\n<figure class=\"aligncenter size-large\"><img data-recalc-dims=\"1\" loading=\"lazy\" decoding=\"async\" width=\"708\" height=\"962\" src=\"https:\/\/i0.wp.com\/www.paparazzinews.com.br\/wp-content\/uploads\/2026\/09\/IMG_6323-1.jpg?resize=708%2C962&#038;ssl=1\" alt=\"\" class=\"wp-image-23647\" srcset=\"https:\/\/i0.wp.com\/www.paparazzinews.com.br\/wp-content\/uploads\/2026\/09\/IMG_6323-1.jpg?resize=754%2C1024&amp;ssl=1 754w, https:\/\/i0.wp.com\/www.paparazzinews.com.br\/wp-content\/uploads\/2026\/09\/IMG_6323-1.jpg?resize=221%2C300&amp;ssl=1 221w, https:\/\/i0.wp.com\/www.paparazzinews.com.br\/wp-content\/uploads\/2026\/09\/IMG_6323-1.jpg?resize=768%2C1043&amp;ssl=1 768w, https:\/\/i0.wp.com\/www.paparazzinews.com.br\/wp-content\/uploads\/2026\/09\/IMG_6323-1.jpg?resize=1131%2C1536&amp;ssl=1 1131w, https:\/\/i0.wp.com\/www.paparazzinews.com.br\/wp-content\/uploads\/2026\/09\/IMG_6323-1.jpg?w=1508&amp;ssl=1 1508w, https:\/\/i0.wp.com\/www.paparazzinews.com.br\/wp-content\/uploads\/2026\/09\/IMG_6323-1.jpg?w=1416&amp;ssl=1 1416w\" sizes=\"auto, (max-width: 708px) 100vw, 708px\" \/><\/figure>\n<\/div>\n\n\n<h2 class=\"wp-block-heading\">De Cabo a 3\u00ba Sargento<\/h2>\n\n\n\n<p class=\"wp-block-paragraph\">O ato apresentado \u00e0 reportagem registra a gradua\u00e7\u00e3o de <strong>Andr\u00e9 Lu\u00eds de Lima Augusto a 3\u00ba Sargento QP PM<\/strong>, vinculada \u00e0 sua passagem para a inatividade.<\/p>\n\n\n\n<p class=\"wp-block-paragraph\">\u00c9 tamb\u00e9m uma mudan\u00e7a simb\u00f3lica no encerramento do ciclo.<\/p>\n\n\n\n<p class=\"wp-block-paragraph\">O policial que durante anos se tornou conhecido na regi\u00e3o como <strong>Cabo Pez\u00e3o<\/strong> encerra a carreira militar com uma nova gradua\u00e7\u00e3o.<\/p>\n\n\n\n<p class=\"wp-block-paragraph\">Mas patente, cursos e condecora\u00e7\u00f5es contam apenas parte dessa hist\u00f3ria.<\/p>\n\n\n\n<p class=\"wp-block-paragraph\">Para quem passou mais de vinte anos no servi\u00e7o operacional, h\u00e1 outra medida do tempo: ocorr\u00eancias atendidas, quil\u00f4metros percorridos, colegas que dividiram servi\u00e7o, policiais que ajudou a formar e uma fam\u00edlia que esperou incont\u00e1veis retornos para casa.<\/p>\n\n\n\n<p class=\"wp-block-paragraph\">A publica\u00e7\u00e3o da inatividade coloca uma data no fim da carreira operacional.<\/p>\n\n\n\n<p class=\"wp-block-paragraph\"><strong>A hist\u00f3ria constru\u00edda antes dela permanece.<\/strong><\/p>\n\n\n\n<h3 class=\"wp-block-heading\"><strong>\ud83d\udea8 ANTES DE VIRAR NOT\u00cdCIA&#8230;<\/strong><\/h3>\n\n\n\n<p class=\"wp-block-paragraph\"><strong>&#8230;ela chega para quem acompanha o Roni Paparazzi <strong>+100 MIL pessoas j\u00e1 fazem parte dessa comunidade.<\/strong>.<\/strong><\/p>\n\n\n\n<p class=\"wp-block-paragraph\">\ud83d\udfe2 <strong><a href=\"https:\/\/whatsapp.com\/channel\/0029VbBs2Ti1yT2AL8fspm46\" data-type=\"link\" data-id=\"https:\/\/whatsapp.com\/channel\/0029VbBs2Ti1yT2AL8fspm46\">Canal Oficial no WhatsApp<\/a><\/strong><\/p>\n\n\n\n<p class=\"wp-block-paragraph\">\ud83d\udcf8 <strong>@ronipaparazzi<\/strong><\/p>\n\n\n\n<p class=\"wp-block-paragraph\"><\/p>\n","protected":false},"excerpt":{"rendered":"<p>Andr\u00e9 Lu\u00eds de Lima Augusto construiu trajet\u00f3ria ligada especialmente \u00e0 ROCAM, foi instrutor, recebeu L\u00e1urea de M\u00e9rito Pessoal e tamb\u00e9m atuou na seguran\u00e7a p\u00fablica municipal de Andradina H\u00e1 carreiras que podem ser resumidas por datas. Outras precisam ser contadas pelos lugares, pessoas e miss\u00f5es que ficaram entre a primeira e a \u00faltima vez em que &hellip;<\/p>\n","protected":false},"author":1,"featured_media":23648,"comment_status":"open","ping_status":"open","sticky":false,"template":"","format":"standard","meta":{"_jetpack_memberships_contains_paid_content":false,"footnotes":"","jetpack_publicize_message":"","jetpack_publicize_feature_enabled":true,"jetpack_social_post_already_shared":true,"jetpack_social_options":{"image_generator_settings":{"template":"highway","default_image_id":0,"enabled":false},"version":2}},"categories":[1],"tags":[],"class_list":["post-23645","post","type-post","status-publish","format-standard","has-post-thumbnail","hentry","category-sem-categoria"],"jetpack_publicize_connections":[],"jetpack_featured_media_url":"https:\/\/i0.wp.com\/www.paparazzinews.com.br\/wp-content\/uploads\/2026\/09\/21c23db9-51b0-48fa-a61f-f4fec0b4dcfe.png?fit=560%2C1280&ssl=1","views":"235","jetpack_likes_enabled":true,"jetpack_sharing_enabled":true,"_links":{"self":[{"href":"https:\/\/www.paparazzinews.com.br\/index.php?rest_route=\/wp\/v2\/posts\/23645","targetHints":{"allow":["GET"]}}],"collection":[{"href":"https:\/\/www.paparazzinews.com.br\/index.php?rest_route=\/wp\/v2\/posts"}],"about":[{"href":"https:\/\/www.paparazzinews.com.br\/index.php?rest_route=\/wp\/v2\/types\/post"}],"author":[{"embeddable":true,"href":"https:\/\/www.paparazzinews.com.br\/index.php?rest_route=\/wp\/v2\/users\/1"}],"replies":[{"embeddable":true,"href":"https:\/\/www.paparazzinews.com.br\/index.php?rest_route=%2Fwp%2Fv2%2Fcomments&post=23645"}],"version-history":[{"count":2,"href":"https:\/\/www.paparazzinews.com.br\/index.php?rest_route=\/wp\/v2\/posts\/23645\/revisions"}],"predecessor-version":[{"id":23652,"href":"https:\/\/www.paparazzinews.com.br\/index.php?rest_route=\/wp\/v2\/posts\/23645\/revisions\/23652"}],"wp:featuredmedia":[{"embeddable":true,"href":"https:\/\/www.paparazzinews.com.br\/index.php?rest_route=\/wp\/v2\/media\/23648"}],"wp:attachment":[{"href":"https:\/\/www.paparazzinews.com.br\/index.php?rest_route=%2Fwp%2Fv2%2Fmedia&parent=23645"}],"wp:term":[{"taxonomy":"category","embeddable":true,"href":"https:\/\/www.paparazzinews.com.br\/index.php?rest_route=%2Fwp%2Fv2%2Fcategories&post=23645"},{"taxonomy":"post_tag","embeddable":true,"href":"https:\/\/www.paparazzinews.com.br\/index.php?rest_route=%2Fwp%2Fv2%2Ftags&post=23645"}],"curies":[{"name":"wp","href":"https:\/\/api.w.org\/{rel}","templated":true}]}}