{"id":23642,"date":"2026-09-01T16:50:27","date_gmt":"2026-09-01T19:50:27","guid":{"rendered":"https:\/\/www.paparazzinews.com.br\/?p=23642"},"modified":"2026-09-01T16:50:30","modified_gmt":"2026-09-01T19:50:30","slug":"castilhenses-encaram-triatlo-em-aracatuba-luis-fernando-conquista-5o-lugar-e-paulo-isqui-completa-prova-na-estreia","status":"publish","type":"post","link":"https:\/\/www.paparazzinews.com.br\/?p=23642","title":{"rendered":"Castilhenses encaram triatlo em Ara\u00e7atuba; Luis Fernando conquista 5\u00ba lugar e Paulo Isqui completa prova na estreia"},"content":{"rendered":"\n<h3 class=\"wp-block-heading\"><em>Atletas participaram da segunda etapa da Copa Noroeste Paulista de Triatlo, com 750 metros de nata\u00e7\u00e3o, 20 km de ciclismo e 5 km de corrida<\/em><\/h3>\n\n\n\n<p class=\"wp-block-paragraph\">Dois atletas de Castilho encararam, no domingo, <strong>30 de agosto<\/strong>, um desafio que come\u00e7ou dentro d&#8217;\u00e1gua, continuou sobre duas rodas e terminou somente depois de uma corrida de cinco quil\u00f4metros.<\/p>\n\n\n\n<p class=\"wp-block-paragraph\"><strong>Luis Fernando e Paulo Isqui<\/strong> representaram Castilho na segunda etapa da <strong>Copa Noroeste Paulista de Triatlo<\/strong>, realizada em Ara\u00e7atuba.<\/p>\n\n\n\n<p class=\"wp-block-paragraph\">A competi\u00e7\u00e3o reuniu participantes de <strong>54 cidades<\/strong>, segundo informa\u00e7\u00f5es apuradas pela reportagem do Paparazzi News, em um evento que contou tamb\u00e9m com atletas de alto n\u00edvel que se preparam para competi\u00e7\u00f5es internacionais.<\/p>\n\n\n\n<p class=\"wp-block-paragraph\">Os castilhenses participaram com apoio da <strong>Usina Viralcool<\/strong>, al\u00e9m de Garcia Distribuidora, Fit Cosm\u00e9ticos e Tempero Caseiro Marmitaria.<\/p>\n\n\n\n<h2 class=\"wp-block-heading\">750 metros nadando, 20 km pedalando e mais 5 km correndo<\/h2>\n\n\n\n<p class=\"wp-block-paragraph\">Os n\u00fameros ajudam a dimensionar o desafio enfrentado pelos atletas.<\/p>\n\n\n\n<p class=\"wp-block-paragraph\">Na modalidade Sprint MTB, a prova foi formada por tr\u00eas etapas consecutivas:<\/p>\n\n\n\n<p class=\"wp-block-paragraph\"><strong>750 metros de nata\u00e7\u00e3o \u2192 20 quil\u00f4metros de bicicleta \u2192 5 quil\u00f4metros de corrida.<\/strong><\/p>\n\n\n\n<p class=\"wp-block-paragraph\">N\u00e3o existe intervalo convencional entre as modalidades. O cron\u00f4metro continua correndo durante as transi\u00e7\u00f5es, fazendo com que resist\u00eancia f\u00edsica, estrat\u00e9gia e efici\u00eancia nas trocas tamb\u00e9m fa\u00e7am parte da disputa.<\/p>\n\n\n\n<p class=\"wp-block-paragraph\">Para Luis Fernando, o resultado veio tamb\u00e9m na classifica\u00e7\u00e3o.<\/p>\n\n\n\n<p class=\"wp-block-paragraph\">O castilhense terminou a disputa na <strong>5\u00aa coloca\u00e7\u00e3o geral da categoria Sprint MTB<\/strong>.<\/p>\n\n\n\n<p class=\"wp-block-paragraph\">A posi\u00e7\u00e3o ganha relev\u00e2ncia diante do n\u00edvel t\u00e9cnico encontrado na etapa de Ara\u00e7atuba, que reuniu competidores de dezenas de munic\u00edpios.<\/p>\n\n\n\n<h2 class=\"wp-block-heading\">Tr\u00eas meses de prepara\u00e7\u00e3o para chegar \u00e0 primeira linha de largada<\/h2>\n\n\n\n<p class=\"wp-block-paragraph\">Para Paulo Isqui, o domingo teve outro significado.<\/p>\n\n\n\n<p class=\"wp-block-paragraph\">Era sua <strong>estreia no triatlo<\/strong>.<\/p>\n\n\n\n<p class=\"wp-block-paragraph\">Depois de aproximadamente tr\u00eas meses de prepara\u00e7\u00e3o sob assessoria da <strong>F\u00eanix 18<\/strong>, Paulo encarou pela primeira vez a sequ\u00eancia completa das tr\u00eas modalidades em competi\u00e7\u00e3o.<\/p>\n\n\n\n<p class=\"wp-block-paragraph\">E cumpriu o primeiro objetivo de quem estreia em uma prova dessa natureza:<\/p>\n\n\n\n<p class=\"wp-block-paragraph\"><strong>largou e conseguiu completar o percurso.<\/strong><\/p>\n\n\n\n<p class=\"wp-block-paragraph\">O resultado passa a estabelecer uma primeira refer\u00eancia competitiva para o atleta e tamb\u00e9m permite que prepara\u00e7\u00e3o, transi\u00e7\u00f5es e desempenho em cada modalidade sejam avaliados para os pr\u00f3ximos desafios.<\/p>\n\n\n\n<p class=\"wp-block-paragraph\">Enquanto Luis Fernando saiu de Ara\u00e7atuba com uma posi\u00e7\u00e3o entre os primeiros colocados, Paulo saiu com sua primeira prova de triatlo conclu\u00edda.<\/p>\n\n\n\n<p class=\"wp-block-paragraph\">S\u00e3o resultados diferentes, mas que representam etapas igualmente importantes dentro da trajet\u00f3ria de cada atleta.<\/p>\n\n\n\n<h2 class=\"wp-block-heading\">Calend\u00e1rio ainda tem novos desafios<\/h2>\n\n\n\n<p class=\"wp-block-paragraph\">A participa\u00e7\u00e3o em Ara\u00e7atuba n\u00e3o encerra a temporada.<\/p>\n\n\n\n<p class=\"wp-block-paragraph\">A pr\u00f3xima disputa prevista \u00e9 a <strong>terceira etapa da Copa Noroeste Paulista de Triatlo, em Pen\u00e1polis<\/strong>.<\/p>\n\n\n\n<p class=\"wp-block-paragraph\">Depois, o calend\u00e1rio seguir\u00e1 para <strong>Presidente Epit\u00e1cio<\/strong>.<\/p>\n\n\n\n<p class=\"wp-block-paragraph\">Isso significa que os resultados conquistados em Ara\u00e7atuba passam a ser tamb\u00e9m refer\u00eancia para a prepara\u00e7\u00e3o dos pr\u00f3ximos compromissos.<\/p>\n\n\n\n<p class=\"wp-block-paragraph\">Para Luis Fernando, existe a possibilidade de buscar posi\u00e7\u00f5es ainda melhores.<\/p>\n\n\n\n<p class=\"wp-block-paragraph\">Para Paulo Isqui, a primeira linha de chegada agora pode se transformar no ponto de partida para evolu\u00e7\u00e3o dentro da modalidade.<\/p>\n\n\n\n<h2 class=\"wp-block-heading\">Apoio ajuda atletas a permanecerem nas competi\u00e7\u00f5es<\/h2>\n\n\n\n<p class=\"wp-block-paragraph\">A participa\u00e7\u00e3o dos castilhenses contou com apoio da <strong>Usina Viralcool<\/strong>, que utiliza a assinatura \u201cEnergia para mover o mundo\u201d, al\u00e9m de <strong>Garcia Distribuidora, Fit Cosm\u00e9ticos e Tempero Caseiro Marmitaria<\/strong>.<\/p>\n\n\n\n<p class=\"wp-block-paragraph\">Em modalidades como o triatlo, a continuidade competitiva envolve despesas com deslocamento, inscri\u00e7\u00f5es, equipamentos, alimenta\u00e7\u00e3o e prepara\u00e7\u00e3o.<\/p>\n\n\n\n<p class=\"wp-block-paragraph\">Por isso, o apoio recebido pelos atletas tamb\u00e9m integra a estrutura necess\u00e1ria para que representantes locais consigam disputar etapas realizadas fora do munic\u00edpio.<\/p>\n\n\n\n<p class=\"wp-block-paragraph\">Depois de Ara\u00e7atuba, o calend\u00e1rio continua.<\/p>\n\n\n\n<p class=\"wp-block-paragraph\">E os dois castilhenses deixam a segunda etapa levando resultados diferentes na bagagem: <strong>Luis Fernando com o 5\u00ba lugar e Paulo Isqui com a primeira prova completada.<\/strong><\/p>\n\n\n\n<p class=\"wp-block-paragraph\"><strong>Para um, a linha de chegada confirmou uma coloca\u00e7\u00e3o. Para o outro, marcou o come\u00e7o de uma nova trajet\u00f3ria.<\/strong><\/p>\n\n\n\n<h3 class=\"wp-block-heading\"><strong>\ud83d\udea8 ANTES DE VIRAR NOT\u00cdCIA&#8230;<\/strong><\/h3>\n\n\n\n<p class=\"wp-block-paragraph\"><strong>&#8230;ela chega para quem acompanha o Roni Paparazzi <strong>+100 MIL pessoas j\u00e1 fazem parte dessa comunidade.<\/strong>.<\/strong><\/p>\n\n\n\n<p class=\"wp-block-paragraph\">\ud83d\udfe2 <strong><a href=\"https:\/\/whatsapp.com\/channel\/0029VbBs2Ti1yT2AL8fspm46\" data-type=\"link\" data-id=\"https:\/\/whatsapp.com\/channel\/0029VbBs2Ti1yT2AL8fspm46\">Canal Oficial no WhatsApp<\/a><\/strong><\/p>\n\n\n\n<p class=\"wp-block-paragraph\">\ud83d\udcf8 <strong>@ronipaparazzi<\/strong><\/p>\n","protected":false},"excerpt":{"rendered":"<p>Atletas participaram da segunda etapa da Copa Noroeste Paulista de Triatlo, com 750 metros de nata\u00e7\u00e3o, 20 km de ciclismo e 5 km de corrida Dois atletas de Castilho encararam, no domingo, 30 de agosto, um desafio que come\u00e7ou dentro d&#8217;\u00e1gua, continuou sobre duas rodas e terminou somente depois de uma corrida de cinco quil\u00f4metros. &hellip;<\/p>\n","protected":false},"author":1,"featured_media":23643,"comment_status":"open","ping_status":"open","sticky":false,"template":"","format":"standard","meta":{"_jetpack_memberships_contains_paid_content":false,"footnotes":"","jetpack_publicize_message":"","jetpack_publicize_feature_enabled":true,"jetpack_social_post_already_shared":true,"jetpack_social_options":{"image_generator_settings":{"template":"highway","default_image_id":0,"enabled":false},"version":2}},"categories":[15,6,11,4],"tags":[],"class_list":["post-23642","post","type-post","status-publish","format-standard","has-post-thumbnail","hentry","category-castilho","category-entretenimento","category-historias-da-nossa-gente","category-regiao"],"jetpack_publicize_connections":[],"jetpack_featured_media_url":"https:\/\/i0.wp.com\/www.paparazzinews.com.br\/wp-content\/uploads\/2026\/09\/Tria.jpg?fit=720%2C1280&ssl=1","views":"224","jetpack_likes_enabled":true,"jetpack_sharing_enabled":true,"_links":{"self":[{"href":"https:\/\/www.paparazzinews.com.br\/index.php?rest_route=\/wp\/v2\/posts\/23642","targetHints":{"allow":["GET"]}}],"collection":[{"href":"https:\/\/www.paparazzinews.com.br\/index.php?rest_route=\/wp\/v2\/posts"}],"about":[{"href":"https:\/\/www.paparazzinews.com.br\/index.php?rest_route=\/wp\/v2\/types\/post"}],"author":[{"embeddable":true,"href":"https:\/\/www.paparazzinews.com.br\/index.php?rest_route=\/wp\/v2\/users\/1"}],"replies":[{"embeddable":true,"href":"https:\/\/www.paparazzinews.com.br\/index.php?rest_route=%2Fwp%2Fv2%2Fcomments&post=23642"}],"version-history":[{"count":1,"href":"https:\/\/www.paparazzinews.com.br\/index.php?rest_route=\/wp\/v2\/posts\/23642\/revisions"}],"predecessor-version":[{"id":23644,"href":"https:\/\/www.paparazzinews.com.br\/index.php?rest_route=\/wp\/v2\/posts\/23642\/revisions\/23644"}],"wp:featuredmedia":[{"embeddable":true,"href":"https:\/\/www.paparazzinews.com.br\/index.php?rest_route=\/wp\/v2\/media\/23643"}],"wp:attachment":[{"href":"https:\/\/www.paparazzinews.com.br\/index.php?rest_route=%2Fwp%2Fv2%2Fmedia&parent=23642"}],"wp:term":[{"taxonomy":"category","embeddable":true,"href":"https:\/\/www.paparazzinews.com.br\/index.php?rest_route=%2Fwp%2Fv2%2Fcategories&post=23642"},{"taxonomy":"post_tag","embeddable":true,"href":"https:\/\/www.paparazzinews.com.br\/index.php?rest_route=%2Fwp%2Fv2%2Ftags&post=23642"}],"curies":[{"name":"wp","href":"https:\/\/api.w.org\/{rel}","templated":true}]}}